{"id":27681,"date":"2018-12-19T11:33:40","date_gmt":"2018-12-19T10:33:40","guid":{"rendered":"http:\/\/miradordeatarfe.es\/?p=27681"},"modified":"2018-12-17T13:29:28","modified_gmt":"2018-12-17T12:29:28","slug":"27681","status":"publish","type":"post","link":"https:\/\/miradordeatarfe.es\/?p=27681","title":{"rendered":"ATARFE: Concierto de A\u00f1o de Nuevo"},"content":{"rendered":"<p style=\"text-align: justify;\">El pr\u00f3ximo d\u00eda 4 de Enero de 2019 a las 20:00h de la noche, en el Centro Cultural Medina Elvira de Atarfe &#8211; Granada, tendr\u00e1 lugar el tradicional Concierto de A\u00f1o de Nuevo ofrecido por la Banda Sinf\u00f3nica Municipal de M\u00fasica Ciudad Atarfe.<\/p>\n<p style=\"text-align: justify;\"><!--more--> Con la temporada \u00bb COLORES\u00bb podremos disfrutar de la m\u00fasica de la familia Strauss junto a otros colores habituales para estas fechas. Un concierto inolvidable que os pod\u00e9is perder.<br \/>\nDirector Titular y Art\u00edstico: Jos\u00e9 Antonio Guerrero<br \/>\nEntradas en:<br \/>\n<a href=\"https:\/\/l.facebook.com\/l.php?u=https%3A%2F%2Fwww.giglon.com%2Ftodos%3FidEvent%3Dconcierto-de-ano-nuevo---banda-sinfonica-municipal-de-musica-ciudad-atarfe%26fbclid%3DIwAR3-bHz_xh_uF7UV3tEIjW3zVcpY4Qv3ivr4h7PkY49OW0zxUf5wWi4SU6U&amp;h=AT1FxvZrF8gunQo_S__1hFZS5lR0O8fJEhjysv20BSdYx8bs_QbeFhjOchMKDPkj5rl1a69GTYir4Y3gtrwhXGty0FHP3ABYqIssY3ERbgtf8UPG8xJ92JzUGUdbT5WTvMo6YL-f3EIDc2q6QZgojzVKV5q9MbLF8YG35dGg0qkk_NSdMxvUZgeEd3IG-H89gjCJWKHMGJLCbUj0bxf2rCVy3YjdwkQVASbdPhL7qc0mxLA7Ul1bZ5HrHnrK1QQ9DfEBXTI5a2ZuiwsFKS79u8lBsy30wrJVwjmpTWJN3YMrHnpji3W3iia_lcs3izf5aTpYGax1F9nw2DHgGl8iMp6Y-eGM9plOOYRgr0RP9gV3RxNC-JWW-gXio7GICk6W5g0ehsyWwapMqX_5vuXDt9kk_VqIaF9WdmhwMX0C59m3zrMIBbiXaDvJa4sJZ2oFS2ZXRXAT_mTp3omn6HenKpgtdTyHH8qLnJJYut7xdqHKAgx0RbK6YpyLCq5iB_bkxuuYIAp4l7uj5jzgGZSk4pMpK9CO9UyjMYMl4Oi7U6NSLAv6QCd6Ohv45gtNBWj05ROgHYp5JHCs9rJw_1sESqh8ponKYGqmVMJ4fSoSbUHePneBDB4IPS1KeCKxuVWmmhbh2qDtqyrpUoBWZCpQzyf1R3kfYuSKtcAr6CapLoB5\" target=\"_blank\" rel=\"noopener nofollow\" data-ft=\"{&quot;tn&quot;:&quot;-U&quot;}\" data-lynx-mode=\"async\">https:\/\/www.giglon.com\/todos\u2026<\/a><\/p>\n<p><a href=\"https:\/\/i0.wp.com\/miradordeatarfe.es\/wp-content\/uploads\/2018\/12\/48091491_2217147938573299_2682038438756089856_n.jpg?ssl=1\"><img data-recalc-dims=\"1\" loading=\"lazy\" decoding=\"async\" class=\"size-full wp-image-27682 aligncenter\" src=\"https:\/\/i0.wp.com\/miradordeatarfe.es\/wp-content\/uploads\/2018\/12\/48091491_2217147938573299_2682038438756089856_n.jpg?resize=640%2C905&#038;ssl=1\" alt=\"\" width=\"640\" height=\"905\" srcset=\"https:\/\/i0.wp.com\/miradordeatarfe.es\/wp-content\/uploads\/2018\/12\/48091491_2217147938573299_2682038438756089856_n.jpg?w=679&amp;ssl=1 679w, https:\/\/i0.wp.com\/miradordeatarfe.es\/wp-content\/uploads\/2018\/12\/48091491_2217147938573299_2682038438756089856_n.jpg?resize=212%2C300&amp;ssl=1 212w, https:\/\/i0.wp.com\/miradordeatarfe.es\/wp-content\/uploads\/2018\/12\/48091491_2217147938573299_2682038438756089856_n.jpg?resize=600%2C848&amp;ssl=1 600w\" sizes=\"auto, (max-width: 640px) 100vw, 640px\" \/><\/a><\/p>\n","protected":false},"excerpt":{"rendered":"<p>El pr\u00f3ximo d\u00eda 4 de Enero de 2019 a las 20:00h de la noche, en&#8230;<\/p>\n","protected":false},"author":1,"featured_media":27683,"comment_status":"closed","ping_status":"closed","sticky":false,"template":"","format":"standard","meta":{"_coblocks_attr":"","_coblocks_dimensions":"","_coblocks_responsive_height":"","_coblocks_accordion_ie_support":"","jetpack_post_was_ever_published":false,"_jetpack_newsletter_access":"","_jetpack_dont_email_post_to_subs":false,"_jetpack_newsletter_tier_id":0,"_jetpack_memberships_contains_paywalled_content":false,"_jetpack_memberships_contains_paid_content":false,"footnotes":"","jetpack_publicize_message":"","jetpack_publicize_feature_enabled":true,"jetpack_social_post_already_shared":false,"jetpack_social_options":{"image_generator_settings":{"template":"highway","default_image_id":0,"enabled":false},"version":2}},"categories":[2,12,44,15],"tags":[81,1849],"class_list":["post-27681","post","type-post","status-publish","format-standard","has-post-thumbnail","hentry","category-atarfe","category-cultura","category-noticias-de-hoy","category-ultimas-noticias","tag-atarfe","tag-concierto-de-navidad"],"jetpack_publicize_connections":[],"jetpack_featured_media_url":"https:\/\/i0.wp.com\/miradordeatarfe.es\/wp-content\/uploads\/2018\/12\/viernes-santo-semana-santa-2013.jpg?fit=205%2C126&ssl=1","jetpack_likes_enabled":true,"jetpack_sharing_enabled":true,"_links":{"self":[{"href":"https:\/\/miradordeatarfe.es\/index.php?rest_route=\/wp\/v2\/posts\/27681","targetHints":{"allow":["GET"]}}],"collection":[{"href":"https:\/\/miradordeatarfe.es\/index.php?rest_route=\/wp\/v2\/posts"}],"about":[{"href":"https:\/\/miradordeatarfe.es\/index.php?rest_route=\/wp\/v2\/types\/post"}],"author":[{"embeddable":true,"href":"https:\/\/miradordeatarfe.es\/index.php?rest_route=\/wp\/v2\/users\/1"}],"replies":[{"embeddable":true,"href":"https:\/\/miradordeatarfe.es\/index.php?rest_route=%2Fwp%2Fv2%2Fcomments&post=27681"}],"version-history":[{"count":2,"href":"https:\/\/miradordeatarfe.es\/index.php?rest_route=\/wp\/v2\/posts\/27681\/revisions"}],"predecessor-version":[{"id":27685,"href":"https:\/\/miradordeatarfe.es\/index.php?rest_route=\/wp\/v2\/posts\/27681\/revisions\/27685"}],"wp:featuredmedia":[{"embeddable":true,"href":"https:\/\/miradordeatarfe.es\/index.php?rest_route=\/wp\/v2\/media\/27683"}],"wp:attachment":[{"href":"https:\/\/miradordeatarfe.es\/index.php?rest_route=%2Fwp%2Fv2%2Fmedia&parent=27681"}],"wp:term":[{"taxonomy":"category","embeddable":true,"href":"https:\/\/miradordeatarfe.es\/index.php?rest_route=%2Fwp%2Fv2%2Fcategories&post=27681"},{"taxonomy":"post_tag","embeddable":true,"href":"https:\/\/miradordeatarfe.es\/index.php?rest_route=%2Fwp%2Fv2%2Ftags&post=27681"}],"curies":[{"name":"wp","href":"https:\/\/api.w.org\/{rel}","templated":true}]}}