{"id":27690,"date":"2018-12-22T11:12:58","date_gmt":"2018-12-22T10:12:58","guid":{"rendered":"http:\/\/miradordeatarfe.es\/?p=27690"},"modified":"2018-12-21T11:07:16","modified_gmt":"2018-12-21T10:07:16","slug":"27690","status":"publish","type":"post","link":"https:\/\/miradordeatarfe.es\/?p=27690","title":{"rendered":"ATARFE: ACTIVIDADES DEPORTIVAS EN EL CUBILLAS"},"content":{"rendered":"<p>La Concejal\u00eda de Juventud del Ayuntamiento de Atarfe organiza el 30 de diciembre una jornada de educaci\u00f3n ambiental, dirigida a j\u00f3venes con edades comprendidas entre los 12 y 30 a\u00f1os, que se desarrollar\u00e1 en el embalse del Cubillas.<!--more--><\/p>\n<p>Se han programado actividades relacionadas con el pirag\u00fcismo, tirolinas, r\u00e1pel, equilibrio y tiro con arco. El precio es de 5 euros para los j\u00f3venes que est\u00e9n empadronados en Atarfe, incluye desplazamiento.<\/p>\n<p>Junto a la ficha de inscripci\u00f3n que se incluye a continuaci\u00f3n, es necesario presentar la hoja de autorizaci\u00f3n de los padres o tutores cuando los interesados sean menores de edad.<\/p>\n<p>Las plazas son limitadas. M\u00e1s informaci\u00f3n:<br \/>\nTfno.: 676484703<br \/>\nemail: juventud@atarfe.es<\/p>\n<p>&nbsp;<\/p>\n<div class=\"post-block post-author clearfix\">\n<h3 class=\"heading-primary\"><i class=\"fa fa-download\"><\/i>Ficheros Adjuntos<\/h3>\n<div class=\"clearfix\">\n<div class=\"img-thumbnail-ficherosadjuntos\"><img data-recalc-dims=\"1\" decoding=\"async\" src=\"https:\/\/i0.wp.com\/www.atarfe.es\/img\/pdf2.jpg?w=640\" alt=\"\" \/><\/div>\n<p><strong class=\"name\"><a href=\"http:\/\/www.atarfe.es\/data\/CoreFiles\/inscripcion-multiaventura.pdf\" target=\"_blank\" rel=\"noopener\">Ficha de inscripci\u00f3n para participar en la jornada de multiaventura en el Cubillas<\/a><\/strong><\/p>\n<\/div>\n<div class=\"clearfix\">\n<div class=\"img-thumbnail-ficherosadjuntos\"><img data-recalc-dims=\"1\" decoding=\"async\" src=\"https:\/\/i0.wp.com\/www.atarfe.es\/img\/pdf2.jpg?w=640\" alt=\"\" \/><\/div>\n<p><strong class=\"name\"><a href=\"http:\/\/www.atarfe.es\/data\/CoreFiles\/autorizacion-de-menores-multiaventura.pdf\" target=\"_blank\" rel=\"noopener\">Autorizaci\u00f3n de los padres en caso de menores <\/a><\/strong><\/p>\n<p><a href=\"https:\/\/i0.wp.com\/miradordeatarfe.es\/wp-content\/uploads\/2018\/12\/multiaventura.jpg?ssl=1\"><img data-recalc-dims=\"1\" loading=\"lazy\" decoding=\"async\" class=\"size-full wp-image-27691 aligncenter\" src=\"https:\/\/i0.wp.com\/miradordeatarfe.es\/wp-content\/uploads\/2018\/12\/multiaventura.jpg?resize=490%2C700&#038;ssl=1\" alt=\"\" width=\"490\" height=\"700\" srcset=\"https:\/\/i0.wp.com\/miradordeatarfe.es\/wp-content\/uploads\/2018\/12\/multiaventura.jpg?w=490&amp;ssl=1 490w, https:\/\/i0.wp.com\/miradordeatarfe.es\/wp-content\/uploads\/2018\/12\/multiaventura.jpg?resize=210%2C300&amp;ssl=1 210w\" sizes=\"auto, (max-width: 490px) 100vw, 490px\" \/><\/a><\/p>\n<\/div>\n<\/div>\n","protected":false},"excerpt":{"rendered":"<p>La Concejal\u00eda de Juventud del Ayuntamiento de Atarfe organiza el 30 de diciembre una jornada&#8230;<\/p>\n","protected":false},"author":1,"featured_media":27662,"comment_status":"closed","ping_status":"closed","sticky":false,"template":"","format":"standard","meta":{"_coblocks_attr":"","_coblocks_dimensions":"","_coblocks_responsive_height":"","_coblocks_accordion_ie_support":"","jetpack_post_was_ever_published":false,"_jetpack_newsletter_access":"","_jetpack_dont_email_post_to_subs":false,"_jetpack_newsletter_tier_id":0,"_jetpack_memberships_contains_paywalled_content":false,"_jetpack_memberships_contains_paid_content":false,"footnotes":"","jetpack_publicize_message":"","jetpack_publicize_feature_enabled":true,"jetpack_social_post_already_shared":false,"jetpack_social_options":{"image_generator_settings":{"template":"highway","default_image_id":0,"enabled":false},"version":2}},"categories":[2,182,44,15],"tags":[81,123,1117],"class_list":["post-27690","post","type-post","status-publish","format-standard","has-post-thumbnail","hentry","category-atarfe","category-deportes","category-noticias-de-hoy","category-ultimas-noticias","tag-atarfe","tag-deportes","tag-pantano-del-cubillas"],"jetpack_publicize_connections":[],"jetpack_featured_media_url":"https:\/\/i0.wp.com\/miradordeatarfe.es\/wp-content\/uploads\/2018\/12\/descuentos-para-hermanos-3.jpg?fit=397%2C559&ssl=1","jetpack_likes_enabled":true,"jetpack_sharing_enabled":true,"_links":{"self":[{"href":"https:\/\/miradordeatarfe.es\/index.php?rest_route=\/wp\/v2\/posts\/27690","targetHints":{"allow":["GET"]}}],"collection":[{"href":"https:\/\/miradordeatarfe.es\/index.php?rest_route=\/wp\/v2\/posts"}],"about":[{"href":"https:\/\/miradordeatarfe.es\/index.php?rest_route=\/wp\/v2\/types\/post"}],"author":[{"embeddable":true,"href":"https:\/\/miradordeatarfe.es\/index.php?rest_route=\/wp\/v2\/users\/1"}],"replies":[{"embeddable":true,"href":"https:\/\/miradordeatarfe.es\/index.php?rest_route=%2Fwp%2Fv2%2Fcomments&post=27690"}],"version-history":[{"count":2,"href":"https:\/\/miradordeatarfe.es\/index.php?rest_route=\/wp\/v2\/posts\/27690\/revisions"}],"predecessor-version":[{"id":27694,"href":"https:\/\/miradordeatarfe.es\/index.php?rest_route=\/wp\/v2\/posts\/27690\/revisions\/27694"}],"wp:featuredmedia":[{"embeddable":true,"href":"https:\/\/miradordeatarfe.es\/index.php?rest_route=\/wp\/v2\/media\/27662"}],"wp:attachment":[{"href":"https:\/\/miradordeatarfe.es\/index.php?rest_route=%2Fwp%2Fv2%2Fmedia&parent=27690"}],"wp:term":[{"taxonomy":"category","embeddable":true,"href":"https:\/\/miradordeatarfe.es\/index.php?rest_route=%2Fwp%2Fv2%2Fcategories&post=27690"},{"taxonomy":"post_tag","embeddable":true,"href":"https:\/\/miradordeatarfe.es\/index.php?rest_route=%2Fwp%2Fv2%2Ftags&post=27690"}],"curies":[{"name":"wp","href":"https:\/\/api.w.org\/{rel}","templated":true}]}}