{"id":27701,"date":"2018-12-20T08:40:30","date_gmt":"2018-12-20T07:40:30","guid":{"rendered":"http:\/\/miradordeatarfe.es\/?p=27701"},"modified":"2018-12-18T11:15:47","modified_gmt":"2018-12-18T10:15:47","slug":"la-mitad-de-los-ninos-entre-9-y-13-anos-no-sabe-diferenciar-los-contenidos-piratas-de-los-legales","status":"publish","type":"post","link":"https:\/\/miradordeatarfe.es\/?p=27701","title":{"rendered":"La mitad de los ni\u00f1os entre 9 y 13 a\u00f1os no sabe diferenciar los contenidos piratas de los legales"},"content":{"rendered":"<p style=\"text-align: justify;\">Son datos del \u00faltimo informe de la Coalici\u00f3n de Creadores y LaLiga que refleja un aumento de la percepci\u00f3n negativa de la pirater\u00eda<!--more--><\/p>\n<div class=\"cnt-izq\">\n<div class=\"cnt-body\">\n<div id=\"cuerpo_noticia_r\" class=\"cuerpo\">\n<p style=\"text-align: justify;\">Una mala pr\u00e1ctica que afecta al trabajo de muchas personas. La <strong>percepci\u00f3n negativa de la pirater\u00eda es cada vez mayor<\/strong> seg\u00fan el informe que han presentado la <a title=\"Coalici\u00f3n de Creadores\" href=\"http:\/\/lacoalicion.es\/\" target=\"_blank\" rel=\"noopener noreferrer\">Coalici\u00f3n de Creadores<\/a> e Industrias de Contenidos y <a title=\"LaLiga\" href=\"https:\/\/www.laliga.es\/\" target=\"_blank\" rel=\"noopener noreferrer\">LaLiga<\/a> por cuarto a\u00f1o consecutivo. Esta vez la muestra se ha hecho con alumnos de 5\u00ba y 6\u00ba de Primaria y 1\u00ba y 2\u00ba de ESO en m\u00e1s de 80 colegios e institutos de Extremadura, Madrid, Andaluc\u00eda y La Rioja.<\/p>\n<p style=\"text-align: justify;\">Entre las principales conclusiones destaca el n\u00famero de ni\u00f1os y adolescentes que saben <strong>identificar los contenidos seguros cuando est\u00e1n navegando. El 49% lo hace con facilidad<\/strong> seg\u00fan la encuesta, pero a\u00fan <strong>el 31% de los chavales s\u00f3lo lo consigue a veces y el 20% nunca<\/strong>. El porcentaje aumenta con la edad. El 56% de los ni\u00f1os de 11 a\u00f1os sabe distinguir los contenidos legales de los pirateados y peligrosos, el 50% a partir de los 12 a\u00f1os.<\/p>\n<p style=\"text-align: justify;\">En cuanto a la percepci\u00f3n del <strong>da\u00f1o causado con la pirater\u00eda<\/strong> la concienciaci\u00f3n tambi\u00e9n aumenta con los a\u00f1os. <strong>El 68% de los chavales considera que se perjudica a muchas personas, el 27% s\u00f3lo a algunas personas<\/strong>. El porcentaje aumenta hasta el 73% entre los alumnos entrevistados de 10 y 11 a\u00f1os. <strong>El 80% cree que descargarse m\u00fasica, libros, pel\u00edculas, series o f\u00fatbol pirateados es algo negativo.<\/strong> Apenas un 8% considera que no lo es. La m\u00fasica, con un 57%, y los videojuegos, con un 42%, son los contenidos que los menores comparten m\u00e1s en Internet, seguidos de pel\u00edculas y series, deportes y f\u00fatbol.<\/p>\n<p style=\"text-align: justify;\">Una vez impartido el taller <strong>el 92% de los ni\u00f1os se mostr\u00f3 partidario de defender la cultura<\/strong> <strong>y el deporte<\/strong>, uno de los datos que m\u00e1s destacan los organizadores de esta campa\u00f1a de sensibilizaci\u00f3n que insisten en la importancia de la educaci\u00f3n, sobre todo, en los ni\u00f1os m\u00e1s peque\u00f1os. Para <strong>Carlota Navarrete, directora de la Coalici\u00f3n de Creadores<\/strong>, en declaraciones a la SER \u00abes muy importante la trascendencia que tienen estas campa\u00f1as. Es cierto que es una tarea lenta porque hace falta una generaci\u00f3n completa para lograr un cambio de percepci\u00f3n ya sea en esto, en el acoso escolar o el reciclaje. Pero despu\u00e9s de cuatro a\u00f1os ya empezamos a notar que esas peque\u00f1as variaciones en dos o tres puntos son una buena tendencia\u00bb.<\/p>\n<p style=\"text-align: justify;\">Adem\u00e1s de la Educaci\u00f3n resulta fundamental el <strong>apoyo institucional<\/strong>. \u00abLa ley tiene que mejorarse, estamos muy pendientes de la tramitaci\u00f3n de la reforma (ahora en el Senado). Se materializ\u00f3 en el a\u00f1o 2010 pero en 2019 hay determinadas redacciones que se han quedado atr\u00e1s porque no dan esa respuesta r\u00e1pida y eficaz que necesita la pirater\u00eda\u00bb. Entre las medidas m\u00e1s efectivas, explica Navarrete, est\u00e1 el <strong>bloqueo de las p\u00e1ginas web piratas<\/strong> \u00abuno de los datos m\u00e1s destacados es que todav\u00eda el 20% de los ni\u00f1os no sabe identificar los contenidos legales de los que no lo son y eso significa que si se retiran del acceso esas p\u00e1ginas que no son legales la responsabilidad no recae \u00fanicamente sobre el usuario, ya sea un ni\u00f1o o un adulto. <strong>Se trata de que lo que no es legal no sea accesible\u00bb.<\/strong><\/p>\n<section id=\"sumario_1|despiece\" class=\"sumario despiece center\"><strong>OBSERVATORIO DE LA PIRATER\u00cdA 2017<\/strong><\/p>\n<p style=\"text-align: justify;\"><em>Seg\u00fan los datos del <strong>\u00faltimo Observatorio que elabora desde hace diez a\u00f1os la Coalici\u00f3n de Creadores e Industrias de Contenidos en 2017 la pirater\u00eda cay\u00f3 en Espa\u00f1a un 6%<\/strong>. Aunque el acceso a contenidos il\u00edcitos mantuvo la tendencia a la baja, la pirater\u00eda en Espa\u00f1a sigue en niveles elevados respecto a otros pa\u00edses de nuestro entorno. Casi 8 de cada 10 consumidores sigue pensando que lo m\u00e1s eficaz es bloquear las p\u00e1ginas web piratas. Seg\u00fan los datos de este informe si no hubiera pirater\u00eda podr\u00edan crearse 20.375 nuevos empleos directos y las arcas p\u00fablicas podr\u00edan ingresar 575 millones de euros en impuestos.<\/em><\/p>\n<p><a href=\"http:\/\/cadenaser.com\/autor\/raquel_garcia_delgado\/a\/\" rel=\"nofollow\">Raquel Garc\u00eda<\/a><\/p>\n<p><a href=\"http:\/\/cadenaser.com\/ser\/2018\/12\/11\/cultura\/1544533363_835779.html\">http:\/\/cadenaser.com\/ser\/2018\/12\/11\/cultura\/1544533363_835779.html<\/a><\/p>\n<\/section>\n<\/div>\n<\/div>\n<\/div>\n","protected":false},"excerpt":{"rendered":"<p>Son datos del \u00faltimo informe de la Coalici\u00f3n de Creadores y LaLiga que refleja un&#8230;<\/p>\n","protected":false},"author":1,"featured_media":27702,"comment_status":"closed","ping_status":"closed","sticky":false,"template":"","format":"standard","meta":{"_coblocks_attr":"","_coblocks_dimensions":"","_coblocks_responsive_height":"","_coblocks_accordion_ie_support":"","jetpack_post_was_ever_published":false,"_jetpack_newsletter_access":"","_jetpack_dont_email_post_to_subs":false,"_jetpack_newsletter_tier_id":0,"_jetpack_memberships_contains_paywalled_content":false,"_jetpack_memberships_contains_paid_content":false,"footnotes":"","jetpack_publicize_message":"","jetpack_publicize_feature_enabled":true,"jetpack_social_post_already_shared":false,"jetpack_social_options":{"image_generator_settings":{"template":"highway","default_image_id":0,"enabled":false},"version":2}},"categories":[1161,186,44,15],"tags":[108,5556,5557,35],"class_list":["post-27701","post","type-post","status-publish","format-standard","has-post-thumbnail","hentry","category-ciudadania","category-instituciones","category-noticias-de-hoy","category-ultimas-noticias","tag-delitos","tag-observatorio","tag-pirateria-informatica","tag-tecnologia"],"jetpack_publicize_connections":[],"jetpack_featured_media_url":"https:\/\/i0.wp.com\/miradordeatarfe.es\/wp-content\/uploads\/2018\/12\/1544533363_835779_1544535137_noticia_normal_recorte1.jpg?fit=1300%2C614&ssl=1","jetpack_likes_enabled":true,"jetpack_sharing_enabled":true,"_links":{"self":[{"href":"https:\/\/miradordeatarfe.es\/index.php?rest_route=\/wp\/v2\/posts\/27701","targetHints":{"allow":["GET"]}}],"collection":[{"href":"https:\/\/miradordeatarfe.es\/index.php?rest_route=\/wp\/v2\/posts"}],"about":[{"href":"https:\/\/miradordeatarfe.es\/index.php?rest_route=\/wp\/v2\/types\/post"}],"author":[{"embeddable":true,"href":"https:\/\/miradordeatarfe.es\/index.php?rest_route=\/wp\/v2\/users\/1"}],"replies":[{"embeddable":true,"href":"https:\/\/miradordeatarfe.es\/index.php?rest_route=%2Fwp%2Fv2%2Fcomments&post=27701"}],"version-history":[{"count":1,"href":"https:\/\/miradordeatarfe.es\/index.php?rest_route=\/wp\/v2\/posts\/27701\/revisions"}],"predecessor-version":[{"id":27703,"href":"https:\/\/miradordeatarfe.es\/index.php?rest_route=\/wp\/v2\/posts\/27701\/revisions\/27703"}],"wp:featuredmedia":[{"embeddable":true,"href":"https:\/\/miradordeatarfe.es\/index.php?rest_route=\/wp\/v2\/media\/27702"}],"wp:attachment":[{"href":"https:\/\/miradordeatarfe.es\/index.php?rest_route=%2Fwp%2Fv2%2Fmedia&parent=27701"}],"wp:term":[{"taxonomy":"category","embeddable":true,"href":"https:\/\/miradordeatarfe.es\/index.php?rest_route=%2Fwp%2Fv2%2Fcategories&post=27701"},{"taxonomy":"post_tag","embeddable":true,"href":"https:\/\/miradordeatarfe.es\/index.php?rest_route=%2Fwp%2Fv2%2Ftags&post=27701"}],"curies":[{"name":"wp","href":"https:\/\/api.w.org\/{rel}","templated":true}]}}