{"id":27710,"date":"2018-12-17T11:27:20","date_gmt":"2018-12-17T10:27:20","guid":{"rendered":"http:\/\/miradordeatarfe.es\/?p=27710"},"modified":"2018-12-17T09:59:44","modified_gmt":"2018-12-17T08:59:44","slug":"el-atarfe-sigue-sin-reaccionar-2-0","status":"publish","type":"post","link":"https:\/\/miradordeatarfe.es\/?p=27710","title":{"rendered":"El Atarfe sigue sin reaccionar, 2-0"},"content":{"rendered":"<div class=\"bloque_big_izda\">\n<div class=\"introduccion\">Justa derrota de los atarfe\u00f1os en su visita a Torreperogil<!--more--><\/div>\n<div class=\"foto\">La niebla dificult\u00f3 el partido entre Torreperogil y Atarfe<\/div>\n<div>El Atarfe contin\u00faa con su mala trayectoria esta temporada en el Grupo IX de Tercera Divisi\u00f3n y cosech\u00f3 su cuarta semana sin conocer la victoria tras caer por 2-0 ante el Torreperogil. Los atarfe\u00f1os siguen en la pen\u00faltima plaza y lo mejor es que a pesar de su mala din\u00e1mica solo est\u00e1n a cinco puntos de la zona de permanencia.<\/div>\n<div><\/div>\n<div>Los primeros compases del partido estuvo marcado por la igualdad, los atarfe\u00f1os se mostraban solidos en defensa y no pasaban excesivos apuros. En ataque los atarfe\u00f1os les faltaba algo de verticalidad para crearle peligro al Torreperogil. En el minuto 28 lleg\u00f3 el primer gol del partido para el Torreperogil, tras un pase interior de Virgilio\u00a0 a Pocho, que defini\u00f3 a la perfecci\u00f3n ante Fidel. Este gol cay\u00f3 como un jarro de agua fr\u00eda para los atarfe\u00f1os que vieron como los jienenses se hicieron con el control del partido. En el minuto 37, lleg\u00f3 el segundo tanto tras un bal\u00f3n que caz\u00f3 Borja en la frontal y lo aloj\u00f3 en la meta de Fidel.<\/div>\n<div><\/div>\n<div>La segunda mitad empez\u00f3 con susto para el Atarfe, la tuvo Virgilio pero Fidel con el pi\u00e9 sac\u00f3 el bal\u00f3n en l\u00ednea gol. El Atarfe intentaba reaccionar pero no encontraba la forma de hacerle da\u00f1o al conjunto jienense. Era el Torreperogil el que mas peligro creaba. Al final el partido finaliz\u00f3 con el 2-0.<\/div>\n<div><\/div>\n<div>redaccion@granadaenjuego.com<\/div>\n<\/div>\n<p>&nbsp;<\/p>\n","protected":false},"excerpt":{"rendered":"<p>Justa derrota de los atarfe\u00f1os en su visita a Torreperogil<\/p>\n","protected":false},"author":1,"featured_media":27711,"comment_status":"closed","ping_status":"closed","sticky":false,"template":"","format":"standard","meta":{"_coblocks_attr":"","_coblocks_dimensions":"","_coblocks_responsive_height":"","_coblocks_accordion_ie_support":"","jetpack_post_was_ever_published":false,"_jetpack_newsletter_access":"","_jetpack_dont_email_post_to_subs":false,"_jetpack_newsletter_tier_id":0,"_jetpack_memberships_contains_paywalled_content":false,"_jetpack_memberships_contains_paid_content":false,"footnotes":"","jetpack_publicize_message":"","jetpack_publicize_feature_enabled":true,"jetpack_social_post_already_shared":false,"jetpack_social_options":{"image_generator_settings":{"template":"highway","default_image_id":0,"enabled":false},"version":2}},"categories":[2,182,44,15],"tags":[4389,666,5527],"class_list":["post-27710","post","type-post","status-publish","format-standard","has-post-thumbnail","hentry","category-atarfe","category-deportes","category-noticias-de-hoy","category-ultimas-noticias","tag-atarfe-industrial-c-f","tag-futbol","tag-tercera-division"],"jetpack_publicize_connections":[],"jetpack_featured_media_url":"https:\/\/i0.wp.com\/miradordeatarfe.es\/wp-content\/uploads\/2018\/12\/atar.jpg?fit=450%2C338&ssl=1","jetpack_likes_enabled":true,"jetpack_sharing_enabled":true,"_links":{"self":[{"href":"https:\/\/miradordeatarfe.es\/index.php?rest_route=\/wp\/v2\/posts\/27710","targetHints":{"allow":["GET"]}}],"collection":[{"href":"https:\/\/miradordeatarfe.es\/index.php?rest_route=\/wp\/v2\/posts"}],"about":[{"href":"https:\/\/miradordeatarfe.es\/index.php?rest_route=\/wp\/v2\/types\/post"}],"author":[{"embeddable":true,"href":"https:\/\/miradordeatarfe.es\/index.php?rest_route=\/wp\/v2\/users\/1"}],"replies":[{"embeddable":true,"href":"https:\/\/miradordeatarfe.es\/index.php?rest_route=%2Fwp%2Fv2%2Fcomments&post=27710"}],"version-history":[{"count":1,"href":"https:\/\/miradordeatarfe.es\/index.php?rest_route=\/wp\/v2\/posts\/27710\/revisions"}],"predecessor-version":[{"id":27712,"href":"https:\/\/miradordeatarfe.es\/index.php?rest_route=\/wp\/v2\/posts\/27710\/revisions\/27712"}],"wp:featuredmedia":[{"embeddable":true,"href":"https:\/\/miradordeatarfe.es\/index.php?rest_route=\/wp\/v2\/media\/27711"}],"wp:attachment":[{"href":"https:\/\/miradordeatarfe.es\/index.php?rest_route=%2Fwp%2Fv2%2Fmedia&parent=27710"}],"wp:term":[{"taxonomy":"category","embeddable":true,"href":"https:\/\/miradordeatarfe.es\/index.php?rest_route=%2Fwp%2Fv2%2Fcategories&post=27710"},{"taxonomy":"post_tag","embeddable":true,"href":"https:\/\/miradordeatarfe.es\/index.php?rest_route=%2Fwp%2Fv2%2Ftags&post=27710"}],"curies":[{"name":"wp","href":"https:\/\/api.w.org\/{rel}","templated":true}]}}