{"id":27713,"date":"2018-12-18T10:30:48","date_gmt":"2018-12-18T09:30:48","guid":{"rendered":"http:\/\/miradordeatarfe.es\/?p=27713"},"modified":"2018-12-17T13:00:16","modified_gmt":"2018-12-17T12:00:16","slug":"juventud-organiza-un-ano-mas-el-campus-de-navidad-para-ninos-de-entre-6-y-12-anos-2","status":"publish","type":"post","link":"https:\/\/miradordeatarfe.es\/?p=27713","title":{"rendered":"ATARFE: Juventud organiza un a\u00f1o m\u00e1s el Campus de Navidad para ni\u00f1os de entre 6 y 12 a\u00f1os"},"content":{"rendered":"<div class=\"post-meta\" style=\"text-align: justify;\">Los ni\u00f1os que se inscriban en el Campus a partir del d\u00eda 17 de diciembre podr\u00e1n disfrutar de actividades deportivas, gymkhana, juegos, talleres, piscina y otras actuaciones.<\/div>\n<p style=\"text-align: justify;\"><!--more--><\/p>\n<div class=\"post-meta\" style=\"text-align: justify;\">\u00a0La Concejal\u00eda de Juventud del Ayuntamiento de Atarfe organiza esta navidad un Campus de D\u00eda con numerosas actividades reacreativas en el pabell\u00f3n municipal de Deportes para ni\u00f1os de entre 6 y 12 de a\u00f1os con residencia en el municipio.<\/div>\n<p style=\"text-align: justify;\">Los ni\u00f1os que se inscriban en el Campus de D\u00eda podr\u00e1n disfrutar de actividades deportivas, gymkhana, juegos, talleres, piscina y otras actividades.<\/p>\n<p style=\"text-align: justify;\">El Campus\u00a0se desarrollar\u00e1 en dos semanas en horario de ma\u00f1ana, de 9 a 14 horas. La primera de ellas se realizar\u00e1 los d\u00edas 26, 27 y 28 de diciembre y la segunda est\u00e1 prevista para los d\u00edas 2, 3 y 4 de enero.<\/p>\n<p style=\"text-align: justify;\">El precio por semana se ha reducido con respecto al a\u00f1o pasado y se ha fijado en 10 euros por participante pero, si se asiste las dos semanas, la tarifa se queda en tan solo 15 euros. Adem\u00e1s, la Concejal\u00eda de Juventud contempla descuentos en caso de se inscriban varios hermanos.<\/p>\n<p style=\"text-align: justify;\">Las familias interesadas deben realizar la inscripci\u00f3n en el Centro Cultural Medina Elvira o en la piscina municipal a partir del 17 de diciembre y hasta el\u00a0jueves 20 inclusive, en horario de apertura de ambas dependencias municipales.<\/p>\n<p style=\"text-align: justify;\">Junto a la inscripci\u00f3n, los padres o tutores deben presentar la hoja de autorizaci\u00f3n que se incluye en formato PDF a continuaci\u00f3n.<\/p>\n<p style=\"text-align: justify;\">Tel\u00e9fono de informaci\u00f3n: 676484703<br \/>\nEmail: <a href=\"mailto:juventud@atarfe.es\">juventud@atarfe.es<\/a><\/p>\n<p><a href=\"https:\/\/i0.wp.com\/miradordeatarfe.es\/wp-content\/uploads\/2018\/12\/descuentos-para-hermanos-3-1.jpg?ssl=1\"><img data-recalc-dims=\"1\" loading=\"lazy\" decoding=\"async\" class=\"size-full wp-image-27714 aligncenter\" src=\"https:\/\/i0.wp.com\/miradordeatarfe.es\/wp-content\/uploads\/2018\/12\/descuentos-para-hermanos-3-1.jpg?resize=397%2C559&#038;ssl=1\" alt=\"\" width=\"397\" height=\"559\" srcset=\"https:\/\/i0.wp.com\/miradordeatarfe.es\/wp-content\/uploads\/2018\/12\/descuentos-para-hermanos-3-1.jpg?w=397&amp;ssl=1 397w, https:\/\/i0.wp.com\/miradordeatarfe.es\/wp-content\/uploads\/2018\/12\/descuentos-para-hermanos-3-1.jpg?resize=213%2C300&amp;ssl=1 213w\" sizes=\"auto, (max-width: 397px) 100vw, 397px\" \/><\/a><\/p>\n<div class=\"post-block post-author clearfix\" style=\"text-align: justify;\">\n<h3 class=\"heading-primary\"><i class=\"fa fa-download\"><\/i>Ficheros Adjuntos<\/h3>\n<div class=\"clearfix\">\n<div class=\"img-thumbnail-ficherosadjuntos\"><img data-recalc-dims=\"1\" decoding=\"async\" src=\"https:\/\/i0.wp.com\/www.atarfe.es\/img\/pdf2.jpg?w=640\" alt=\"\" \/><\/div>\n<p><strong class=\"name\"><a href=\"http:\/\/www.atarfe.es\/data\/CoreFiles\/autorizacion-de-menores-campus-de-dia-1.pdf\" target=\"_blank\" rel=\"noopener\">Autorizaci\u00f3n de los padres para participar en el Campus de Navidad<\/a><\/strong><\/p>\n<\/div>\n<\/div>\n<hr class=\"invisible\" \/>\n","protected":false},"excerpt":{"rendered":"<p>Los ni\u00f1os que se inscriban en el Campus a partir del d\u00eda 17 de diciembre&#8230;<\/p>\n","protected":false},"author":1,"featured_media":27715,"comment_status":"closed","ping_status":"closed","sticky":false,"template":"","format":"standard","meta":{"_coblocks_attr":"","_coblocks_dimensions":"","_coblocks_responsive_height":"","_coblocks_accordion_ie_support":"","jetpack_post_was_ever_published":false,"_jetpack_newsletter_access":"","_jetpack_dont_email_post_to_subs":false,"_jetpack_newsletter_tier_id":0,"_jetpack_memberships_contains_paywalled_content":false,"_jetpack_memberships_contains_paid_content":false,"footnotes":"","jetpack_publicize_message":"","jetpack_publicize_feature_enabled":true,"jetpack_social_post_already_shared":false,"jetpack_social_options":{"image_generator_settings":{"template":"highway","default_image_id":0,"enabled":false},"version":2}},"categories":[2,182,186,44,15],"tags":[81,864,123,1826],"class_list":["post-27713","post","type-post","status-publish","format-standard","has-post-thumbnail","hentry","category-atarfe","category-deportes","category-instituciones","category-noticias-de-hoy","category-ultimas-noticias","tag-atarfe","tag-ayuntamiento","tag-deportes","tag-navidad"],"jetpack_publicize_connections":[],"jetpack_featured_media_url":"https:\/\/i0.wp.com\/miradordeatarfe.es\/wp-content\/uploads\/2018\/12\/descuentos-para-hermanos-3-2.jpg?fit=397%2C174&ssl=1","jetpack_likes_enabled":true,"jetpack_sharing_enabled":true,"_links":{"self":[{"href":"https:\/\/miradordeatarfe.es\/index.php?rest_route=\/wp\/v2\/posts\/27713","targetHints":{"allow":["GET"]}}],"collection":[{"href":"https:\/\/miradordeatarfe.es\/index.php?rest_route=\/wp\/v2\/posts"}],"about":[{"href":"https:\/\/miradordeatarfe.es\/index.php?rest_route=\/wp\/v2\/types\/post"}],"author":[{"embeddable":true,"href":"https:\/\/miradordeatarfe.es\/index.php?rest_route=\/wp\/v2\/users\/1"}],"replies":[{"embeddable":true,"href":"https:\/\/miradordeatarfe.es\/index.php?rest_route=%2Fwp%2Fv2%2Fcomments&post=27713"}],"version-history":[{"count":3,"href":"https:\/\/miradordeatarfe.es\/index.php?rest_route=\/wp\/v2\/posts\/27713\/revisions"}],"predecessor-version":[{"id":27718,"href":"https:\/\/miradordeatarfe.es\/index.php?rest_route=\/wp\/v2\/posts\/27713\/revisions\/27718"}],"wp:featuredmedia":[{"embeddable":true,"href":"https:\/\/miradordeatarfe.es\/index.php?rest_route=\/wp\/v2\/media\/27715"}],"wp:attachment":[{"href":"https:\/\/miradordeatarfe.es\/index.php?rest_route=%2Fwp%2Fv2%2Fmedia&parent=27713"}],"wp:term":[{"taxonomy":"category","embeddable":true,"href":"https:\/\/miradordeatarfe.es\/index.php?rest_route=%2Fwp%2Fv2%2Fcategories&post=27713"},{"taxonomy":"post_tag","embeddable":true,"href":"https:\/\/miradordeatarfe.es\/index.php?rest_route=%2Fwp%2Fv2%2Ftags&post=27713"}],"curies":[{"name":"wp","href":"https:\/\/api.w.org\/{rel}","templated":true}]}}