{"id":27722,"date":"2018-12-20T10:53:10","date_gmt":"2018-12-20T09:53:10","guid":{"rendered":"http:\/\/miradordeatarfe.es\/?p=27722"},"modified":"2018-12-17T12:02:23","modified_gmt":"2018-12-17T11:02:23","slug":"el-diario-britanico-the-guardian-cae-rendido-ante-una-ciudad-espanola-es-fascinante","status":"publish","type":"post","link":"https:\/\/miradordeatarfe.es\/?p=27722","title":{"rendered":"El diario brit\u00e1nico &#8216;The Guardian&#8217; cae rendido ante una ciudad espa\u00f1ola: \u00abEs fascinante\u00bb"},"content":{"rendered":"<p style=\"text-align: justify;\">El prestigioso diario brit\u00e1nico <em>The Guardian<\/em>ha dedicado un amplio reportaje a la ciudad espa\u00f1ola de Granada, de la que dice que es una ciudad \u00abfascinante\u00bb que tiene \u00abelegancia y movimiento a partes iguales\u00bb.<!--more--><\/p>\n<p style=\"text-align: justify;\">El peri\u00f3dico se\u00f1ala que la localidad ha atra\u00eddo a muchas civilizaciones a trav\u00e9s de los siglos y que los ecos de esos ocupantes pasados, \u00abdesde los antiguos \u00edberos hasta los romanos y visigodos\u00bb, se pueden encontrar en todas las partes de la ciudad.<\/p>\n<p style=\"text-align: justify;\">Adem\u00e1s, incide en que, como le corresponde a una ciudad universitaria, la innovaci\u00f3n se abre paso en medio de la tradici\u00f3n.<\/p>\n<p style=\"text-align: justify;\">Por eso, <em>The Guardian<\/em> da diez consejos a la hora de visitar Granada:<\/p>\n<div id=\"entry_paragraph_3\" class=\"advertisement-holder entry-paragraph-ad entry-body--paragraph-ad\" style=\"text-align: justify;\" data-label-height=\"50\">\n<div class=\"ad_spot \">\n<div id=\"cser_gpt-INTEXT\" class=\"adspot-element ad-entry_paragraph_3 ad-rendered\" data-google-query-id=\"CLDhwqvZpt8CFcn57QodY0EKOA\">\n<div id=\"google_ads_iframe_\/7811748\/huffingtonpost_web\/virales\/intext_0__container__\"><strong>1-. Pasear por los barrios.<\/strong> De entre todos, el diario destaca el <span>Realejo.<\/span><\/div>\n<\/div>\n<\/div>\n<\/div>\n<p style=\"text-align: justify;\"><span><strong>2-. El flamenco real. <\/strong>El peri\u00f3dico recomienda no ir a ning\u00fan <\/span>tablao flamenco que aparezca en folletos tur\u00edsticos, ni siquiera a las Cuevas del Sacromonte. Y <a href=\"https:\/\/www.facebook.com\/plateriaflamenco\" target=\"_blank\" rel=\"noopener\" data-rapid-elm=\"context_link\" data-ylk=\"elm:context_link\" data-rapid-sec=\"{&quot;entry-text&quot;:&quot;entry-text&quot;}\" data-rapid_p=\"2\" data-v9y=\"0\">aconseja visitar la Pe\u00f1a La Plater\u00eda<\/a>.<\/p>\n<p style=\"text-align: justify;\"><strong>3-. Bares de cerveza artesanal.<\/strong><em>The Guardian<\/em> destaca uno en especial, <a href=\"https:\/\/www.facebook.com\/BirraGranada\/\" target=\"_blank\" rel=\"noopener\" data-rapid-elm=\"context_link\" data-ylk=\"elm:context_link\" data-rapid-sec=\"{&quot;entry-text&quot;:&quot;entry-text&quot;}\" data-rapid_p=\"3\" data-v9y=\"0\">El Fermentador<\/a>, cuyo due\u00f1o abandon\u00f3 una carrera en finanzas para perseguir su pasi\u00f3n.<\/p>\n<p style=\"text-align: justify;\"><strong>4-. El Jard\u00edn Bot\u00e1nico.<\/strong> El diario aconseja esta visita para vivir \u00ab<span>una experiencia m\u00e1s tranquila en la misma zona\u00bb puesto que constituye \u00ab<\/span><span>un oasis sombreado en el centro de la ciudad\u00bb.<\/span><\/p>\n<p style=\"text-align: justify;\"><span><strong>5-. Los bares de tapas.<\/strong> De entre todos, el diario escoge dos: <\/span><a href=\"https:\/\/m.facebook.com\/BodegasCastaNeda\/\" target=\"_blank\" rel=\"noopener\" data-rapid-elm=\"context_link\" data-ylk=\"elm:context_link\" data-rapid-sec=\"{&quot;entry-text&quot;:&quot;entry-text&quot;}\" data-rapid_p=\"4\" data-v9y=\"0\">Bodegas Casta\u00f1eda<\/a> y el St. Germain.<\/p>\n<p style=\"text-align: justify;\"><strong>6-. <span>Caf\u00e9 y croissants. <\/span><\/strong><span><em>The Guardian<\/em> afirma que el<\/span><span>Caf\u00e9 tradicional o caf\u00e9 con leche se ha reinventado en Granada. Destaca <a href=\"https:\/\/www.facebook.com\/minuitgranada\/\" data-link-name=\"in body link\" data-rapid-elm=\"context_link\" data-ylk=\"elm:context_link\" data-rapid-sec=\"{&quot;entry-text&quot;:&quot;entry-text&quot;}\" data-rapid_p=\"5\" data-v9y=\"0\">Minuit Pan &amp; Coffee<\/a>, <\/span><strong><span>\u00ab<\/span><\/strong><span>uno de los innovadores\u00bb y que comenz\u00f3 como una cafeter\u00eda y panader\u00eda para llevar en el Albaic\u00edn.<\/span><\/p>\n<figure class=\"content-list-component image\" style=\"text-align: justify;\"><span class=\"share-bar-image-wrapper\"><img decoding=\"async\" class=\"image__src\" src=\"https:\/\/o.aolcdn.com\/images\/dims?crop=4272%2C2848%2C0%2C0&amp;quality=85&amp;format=jpg&amp;resize=630%2C420&amp;image_uri=https%3A%2F%2Fs.yimg.com%2Fos%2Fcreatr-uploaded-images%2F2018-12%2Ff499c2a0-fd62-11e8-bff6-137450936d4e&amp;client=a1acac3e1b3290917d92&amp;signature=71c47328495a13d0459625df59d21691de16ad70\" aria-label=\"Granada\" \/><\/span><\/p>\n<div class=\"image__meta-wrapper\">\n<div class=\"image__meta-wrapper\"><span class=\"image__credit\"> GTRES <\/span><\/div>\n<\/div><figcaption class=\"image__caption\">Granada<\/figcaption><\/figure>\n<p style=\"text-align: justify;\"><strong><span>7-. La vista de la Alhambra. <\/span><\/strong><span>No pod\u00eda faltar.El diario brit\u00e1nico recomienda tomar <\/span><span>una botella de vino al anochecer y observar la puesta de sol sobre las colinas.<\/span><\/p>\n<p style=\"text-align: justify;\"><span><strong>8-. El pescado.<\/strong> El peri\u00f3dico aconseja dos locales sobre todo: <\/span><a href=\"https:\/\/www.facebook.com\/Bar-Manolo-155352397852642\/\" target=\"_blank\" rel=\"noopener\" data-rapid-elm=\"context_link\" data-ylk=\"elm:context_link\" data-rapid-sec=\"{&quot;entry-text&quot;:&quot;entry-text&quot;}\" data-rapid_p=\"7\" data-v9y=\"0\">Bar Manolo<\/a> y <a href=\"https:\/\/www.facebook.com\/Puesto43\/\" target=\"_blank\" rel=\"noopener\" data-rapid-elm=\"context_link\" data-ylk=\"elm:context_link\" data-rapid-sec=\"{&quot;entry-text&quot;:&quot;entry-text&quot;}\" data-rapid_p=\"8\" data-v9y=\"0\">Puesto 43<\/a>.<\/p>\n<p style=\"text-align: justify;\"><strong>9-. La m\u00fasica.<\/strong> The Guardian habla del <span><a title=\"\" href=\"https:\/\/www.facebook.com\/pages\/El-Bar-De-Eric\/432035810214636\" data-link-name=\"in body link\" data-rapid-elm=\"context_link\" data-ylk=\"elm:context_link\" data-rapid-sec=\"{&quot;entry-text&quot;:&quot;entry-text&quot;}\" data-rapid_p=\"9\" data-v9y=\"0\">Bar de Eric<\/a><\/span><strong><span>,<\/span><\/strong><span> \u00abuna instituci\u00f3n en la escena de la m\u00fasica rock de Granada\u00bb, ya que el propietario, Eric Jim\u00e9nez, es el baterista de Los Planetas. Y tambi\u00e9n recomienda entrar en <a title=\"\" href=\"https:\/\/www.facebook.com\/fandiscosborabora\" data-link-name=\"in body link\" data-rapid-elm=\"context_link\" data-ylk=\"elm:context_link\" data-rapid-sec=\"{&quot;entry-text&quot;:&quot;entry-text&quot;}\" data-rapid_p=\"10\" data-v9y=\"1\">Discos Bora-Bora<\/a><\/span><strong><span>, \u00ab<\/span><\/strong>un emporio de la m\u00fasica\u00bb.<\/p>\n<p style=\"text-align: justify;\"><strong>10-. Los productos frescos.<\/strong> El diario recomienda el Mercado de San Agust\u00edn, donde se puede comprar y tambi\u00e9n sentarse y probar algunos platos.<\/p>\n<p style=\"text-align: justify;\">FOTO: GTRES<\/p>\n<p style=\"text-align: justify;\"><a href=\"https:\/\/www.huffingtonpost.es\/2018\/12\/11\/el-diario-britanico-the-guardian-cae-rendido-ante-una-ciudad-espanola-es-fascinante_a_23615330\/?fbclid=IwAR0SZd2_JzxuiQBKip063akPUJL4Nz0QRJB65fTrnhKOpBUVsNPWPM4Wbb8\">https:\/\/www.huffingtonpost.es\/2018\/12\/11\/el-diario-britanico-the-guardian-cae-rendido-ante-una-ciudad-espanola-es-fascinante_a_23615330\/?fbclid=IwAR0SZd2_JzxuiQBKip063akPUJL4Nz0QRJB65fTrnhKOpBUVsNPWPM4Wbb8<\/a><\/p>\n","protected":false},"excerpt":{"rendered":"<p>El prestigioso diario brit\u00e1nico The Guardianha dedicado un amplio reportaje a la ciudad espa\u00f1ola de&#8230;<\/p>\n","protected":false},"author":1,"featured_media":27723,"comment_status":"closed","ping_status":"closed","sticky":false,"template":"","format":"standard","meta":{"_coblocks_attr":"","_coblocks_dimensions":"","_coblocks_responsive_height":"","_coblocks_accordion_ie_support":"","jetpack_post_was_ever_published":false,"_jetpack_newsletter_access":"","_jetpack_dont_email_post_to_subs":false,"_jetpack_newsletter_tier_id":0,"_jetpack_memberships_contains_paywalled_content":false,"_jetpack_memberships_contains_paid_content":false,"footnotes":"","jetpack_publicize_message":"","jetpack_publicize_feature_enabled":true,"jetpack_social_post_already_shared":false,"jetpack_social_options":{"image_generator_settings":{"template":"highway","default_image_id":0,"enabled":false},"version":2}},"categories":[1161,9,44,15],"tags":[1499,129],"class_list":["post-27722","post","type-post","status-publish","format-standard","has-post-thumbnail","hentry","category-ciudadania","category-medio-ambiente","category-noticias-de-hoy","category-ultimas-noticias","tag-ciudad","tag-granada"],"jetpack_publicize_connections":[],"jetpack_featured_media_url":"https:\/\/i0.wp.com\/miradordeatarfe.es\/wp-content\/uploads\/2018\/12\/https-_media-mbst-pub-ue1.s3.amazonaws.com_creatr-uploaded-images_2018-12_b3ba8d50-fd62-11e8-bfbd-7d4a7973f8c3.jpg?fit=630%2C315&ssl=1","jetpack_likes_enabled":true,"jetpack_sharing_enabled":true,"_links":{"self":[{"href":"https:\/\/miradordeatarfe.es\/index.php?rest_route=\/wp\/v2\/posts\/27722","targetHints":{"allow":["GET"]}}],"collection":[{"href":"https:\/\/miradordeatarfe.es\/index.php?rest_route=\/wp\/v2\/posts"}],"about":[{"href":"https:\/\/miradordeatarfe.es\/index.php?rest_route=\/wp\/v2\/types\/post"}],"author":[{"embeddable":true,"href":"https:\/\/miradordeatarfe.es\/index.php?rest_route=\/wp\/v2\/users\/1"}],"replies":[{"embeddable":true,"href":"https:\/\/miradordeatarfe.es\/index.php?rest_route=%2Fwp%2Fv2%2Fcomments&post=27722"}],"version-history":[{"count":1,"href":"https:\/\/miradordeatarfe.es\/index.php?rest_route=\/wp\/v2\/posts\/27722\/revisions"}],"predecessor-version":[{"id":27724,"href":"https:\/\/miradordeatarfe.es\/index.php?rest_route=\/wp\/v2\/posts\/27722\/revisions\/27724"}],"wp:featuredmedia":[{"embeddable":true,"href":"https:\/\/miradordeatarfe.es\/index.php?rest_route=\/wp\/v2\/media\/27723"}],"wp:attachment":[{"href":"https:\/\/miradordeatarfe.es\/index.php?rest_route=%2Fwp%2Fv2%2Fmedia&parent=27722"}],"wp:term":[{"taxonomy":"category","embeddable":true,"href":"https:\/\/miradordeatarfe.es\/index.php?rest_route=%2Fwp%2Fv2%2Fcategories&post=27722"},{"taxonomy":"post_tag","embeddable":true,"href":"https:\/\/miradordeatarfe.es\/index.php?rest_route=%2Fwp%2Fv2%2Ftags&post=27722"}],"curies":[{"name":"wp","href":"https:\/\/api.w.org\/{rel}","templated":true}]}}