{"id":27744,"date":"2018-12-22T10:50:34","date_gmt":"2018-12-22T09:50:34","guid":{"rendered":"http:\/\/miradordeatarfe.es\/?p=27744"},"modified":"2018-12-17T13:53:55","modified_gmt":"2018-12-17T12:53:55","slug":"una-denuncia-por-agresion-sexual-a-un-menor-cada-tres-horas-en-espana-la-punta-del-iceberg-de-una-violencia-silenciada","status":"publish","type":"post","link":"https:\/\/miradordeatarfe.es\/?p=27744","title":{"rendered":"Una denuncia por agresi\u00f3n sexual a un menor cada tres horas en Espa\u00f1a: la punta del iceberg de una violencia silenciada"},"content":{"rendered":"<header class=\"nav-up\">\n<div class=\"subtitle bkn mce sk2\">\n<p style=\"text-align: justify;\">Empezamos la serie &#8216;No digas nada&#8217; para hablar de\u00a0violencia sexual hacia la infancia, una realidad oculta y generalizada de la que apenas\u00a0se conoce la prevalencia real<\/p>\n<p style=\"text-align: justify;\">La mayor\u00eda de los agresores son conocidos que no necesitan la violencia: \u00abEst\u00e1n abusando de ellos y al mismo tiempo est\u00e1n intentando generar complicidad\u00a0y dici\u00e9ndoles que &#8216;es un juego o un secreto'\u00bb, explica la psic\u00f3loga Noem\u00ed Pereda<\/p>\n<p style=\"text-align: justify;\">En 2017 se interpusieron un total de 3.041 denuncias por abuso y agresi\u00f3n sexual, ocho al d\u00eda, una cada tres horas. Aun as\u00ed,\u00a0se calcula que salen a la luz menos de un 15% de los casos<\/p>\n<\/div>\n<section id=\"edi-ad-slot-ed-bajo-titular\" class=\"md-advertisement md hspace ad-article no-adv-socios\" role=\"marquee\" data-google-query-id=\"CLWPlM_zpt8CFZIi0wodVtsDCg\">\n<div id=\"google_ads_iframe_\/123333327\/eldiario.es\/noticia_ed-bajo-titular_0__container__\"><\/div>\n<\/section>\n<\/header>\n<p><!--more--><\/p>\n<div class=\"pg-body\">\n<div id=\"edi-body\" class=\"mce-body mce no-sticky-adv-socios\">\n<p class=\"mce\" style=\"text-align: justify;\">Atrapada en ese rinc\u00f3n en el que\u00a0habitan las cosas en las que no queremos pensar. Que horrorizan, que siguen provocando verg\u00fcenza y rechazo, que cuestionan pilares sociales, cosas que hablan de culpa, de secreto y de estigma. La del abuso sexual infantil sigue siendo una realidad oculta y silenciada que afecta a ni\u00f1as, ni\u00f1os, con m\u00e1s o menos recursos, en unas zonas geogr\u00e1ficas o en otras. No son casos aislados, pero apenas conocemos la prevalencia real de un tipo de violencia que los estudios\u00a0disponibles\u00a0aprecian\u00a0m\u00e1s generalizada de lo que habitualmente se estima. Los datos, de hecho, son la punta del iceberg.<\/p>\n<p>Hace unas semanas,\u00a0el Ministerio del Interior\u00a0public\u00f3\u00a0un informe sobre delitos sexuales en el que, por primera vez, los tipos penales aparecen desglosados. El estudio concluye que en 2017 se presentaron un total de 3.041 denuncias por agresi\u00f3n y abuso sexual, con o sin penetraci\u00f3n, contra menores de edad \u2013aunque el consentimiento se sit\u00faa por ley en los 16 a\u00f1os, la estad\u00edstica engloba a denunciantes hasta los 17\u2013.<\/p>\n<p class=\"mce\" style=\"text-align: justify;\">Es decir, algo m\u00e1s de ocho denuncias cada d\u00eda y una denuncia cada aproximadamente tres horas. Eso, dejando de lado el resto de delitos sexuales infantiles como exhibicionismo, corrupci\u00f3n o pornograf\u00eda de menores por presentar caracter\u00edsticas diferentes. El delito m\u00e1s denunciado es el de abuso sexual, con 2.086 denuncias, que seg\u00fan el C\u00f3digo Penal actual no implica violencia ni intimidaci\u00f3n.<\/p>\n<p class=\"mce\" style=\"text-align: justify;\">Aun as\u00ed, todas las expertas y estudios coinciden en afirmar que las denuncias se corresponden solo con una peque\u00f1a parte de la realidad. Los informes disponibles permiten concluir que entre el 10 y el 20% de la poblaci\u00f3n en Espa\u00f1a ha sufrido este tipo de violencia \u2013uno de cada cinco ni\u00f1os y ni\u00f1as, cuantific\u00f3 el Consejo de Europa en 2010\u2013 y que, al mismo tiempo, se denuncian menos de un 15% de los casos, seg\u00fan el estudio <em class=\"mce\"> <a class=\"mce\" href=\"https:\/\/www.savethechildren.es\/publicaciones\/ojos-que-no-quieren-ver\"> Ojos que no quieren ver<\/a><\/em>, de Save the Children, que ha puesto en marcha la campa\u00f1a <a class=\"mce\" href=\"https:\/\/www.savethechildren.es\/actualidad\/rompo-el-silencio\"> #Rompoelsilencio<\/a>. Aunque en los \u00faltimos a\u00f1os\u00a0<a class=\"mce\" href=\"https:\/\/www.eldiario.es\/catalunya\/Jesuitas-Catalunya-investigaran-abusos-colegios_0_845866115.html\"> se ha roto el silencio respecto a los abusos en el seno de la Iglesia Cat\u00f3lica<\/a>, son varios los \u00e1mbitos en los que suelen darse. De acuerdo con la literatura cient\u00edfica disponible, <a class=\"mce\" href=\"https:\/\/www.eldiario.es\/sociedad\/Silencio-telarana-violencia-sexual-menores_0_688731469.html\"> la mayor\u00eda son perpetrados por personas conocidas del entorno del menor<\/a>: en la familia, en el colegio, en el deporte o en otras actividades de ocio.<\/p>\n<p class=\"mce\" style=\"text-align: justify;\">\u00abAl final no le dije nada a nadie. Aprend\u00ed a olvidarlo como si no hubiera pasado nada. Lo borraba. Me hac\u00eda el dormido y como si no hubiera pasado nada\u00bb. Joan ten\u00eda diez a\u00f1os cuando David, su tutor legal dedicado profesionalmente a la acogida de menores tutelados por la Administraci\u00f3n, le puso una pel\u00edcula porno y le invit\u00f3 a que se masturbara. Esa misma noche empezaron los abusos y las fotos, que no acabaron hasta que cumpli\u00f3 los 19. David fue padre de acogida de otros tantos ni\u00f1os, pero todos guardaron silencio durante a\u00f1os, seg\u00fan recoge el informe de Save the Children.<\/p>\n<p class=\"mce\" style=\"text-align: justify;\">La infradenuncia de este tipo de delito, explica el catedr\u00e1tico de Derecho Penal de la Universidad Oberta de Catalunya (UOC) Josep Mar\u00eda Tamarit, \u00abno debe sorprendernos porque hay muchas m\u00e1s razones para no denunciar que para denunciar\u00bb. El experto asegura que, para que un caso sea denunciado o conocido, es necesario que atraviese numerosos filtros personales y sociales: que los hechos sean reconocidos por el propio ni\u00f1o o ni\u00f1a, que venza la mezcla de sentimientos que provocan los hechos, que cuente con el apoyo del entorno y que haya confianza en el propio sistema de justicia, algo que no suele darse.<\/p>\n<p class=\"mce\" style=\"text-align: justify;\">\u00abEso s\u00ed, los esfuerzos est\u00e1n teniendo resultados y est\u00e1 aumentando el n\u00famero de denuncias. No obstante, a\u00fan queda much\u00edsimo por\u00a0hacer\u00bb, explica Tamarit. Aunque el silencio parece estar resquebraj\u00e1ndose muy poco a poco, lo cierto es que el n\u00famero de denuncias s\u00ed aumenta a\u00f1o tras a\u00f1o. Seg\u00fan el informe hecho p\u00fablico por Interior, las denuncias por delitos sexuales \u2013la evoluci\u00f3n no aparece desglosada por tipo penal\u2013 han aumentado un 42% desde 2012.<\/p>\n<div style=\"text-align: justify;\">\n<iframe id=\"datawrapper-chart-NkKli\" src=\"https:\/\/datawrapper.dwcdn.net\/NkKli\/3\/\" height=\"400\" frameborder=\"0\" scrolling=\"no\" data-mce-fragment=\"1\"><\/iframe><\/div>\n<p class=\"mce\" style=\"text-align: justify;\"><a class=\"mce\" href=\"https:\/\/www.eldiario.es\/sociedad\/violaciones-menores-califican-abusos-sexuales_0_769223487.html\"> Los abusadores de ni\u00f1os y ni\u00f1as apenas utilizan la violencia f\u00edsica para someterles<\/a>. No lo necesitan. De hecho, este tipo de delito suele tipificarse como abuso sexual y no agresi\u00f3n sexual al considerar los tribunales que no media la violencia ni la intimidaci\u00f3n. Al igual que ocurre con los adultos, el <a class=\"mce\" href=\"http:\/\/noticias.juridicas.com\/base_datos\/Penal\/lo10-1995.html\"> C\u00f3digo Penal<\/a> diferencia entre estos dos delitos aunque actualmente la Comisi\u00f3n de Delitos Sexuales del Ministerio del Interior trabaja en una posible reforma para terminar con esta distinci\u00f3n. Frente a la fuerza f\u00edsica, los abusadores suelen utilizar otro tipo de estrategias: manipulaci\u00f3n emocional, chantaje, culpabilizaci\u00f3n, abuso de confianza y amenazas.<\/p>\n<p class=\"mce\" style=\"text-align: justify;\">En cuanto al g\u00e9nero de los menores que aparecen como v\u00edctimas, una mayor parte de las denuncias son interpuestas por violencia contra ni\u00f1as hasta llegar a porcentajes del 79% en el caso de abuso sexual o del 89% en el caso de agresi\u00f3n. Aunque hay consenso en que las menores sufren una mayor prevalencia de la violencia sexual en la infancia, a\u00fan no se ha investigado lo suficiente al respecto, as\u00ed que las expertas prefieren no arrojar datos concluyentes. Sobre el agresor s\u00ed se tiene constancia de que en la mayor parte de ocasiones es un hombre. De acuerdo con los datos publicados por Interior, m\u00e1s del 90% de responsables lo son.<\/p>\n<div style=\"text-align: justify;\">\n<iframe id=\"datawrapper-chart-AL0yp\" src=\"https:\/\/datawrapper.dwcdn.net\/AL0yp\/9\/\" height=\"314\" frameborder=\"0\" scrolling=\"no\" data-mce-fragment=\"1\"><\/iframe><\/div>\n<h3 style=\"text-align: justify;\">Una telara\u00f1a de silencio<\/h3>\n<p class=\"mce\" style=\"text-align: justify;\">Noem\u00ed Pereda,\u00a0licenciada en psicolog\u00eda, especializada en abusos sexuales a la infancia y profesora de Victimolog\u00eda en la Universidad de Barcelona (UB) detalla el <em class=\"mce\"> modus operandi<\/em> con el que suelen actuar los agresores, que suelen ser figuras de referencia y autoridad con las que el menor establece un v\u00ednculo emocional: \u00abNo es un monstruo como suele ser representado, puede mantener un rol aparentemente normal, pero utiliza la manipulaci\u00f3n. Est\u00e1n abusando de ellos y al mismo tiempo est\u00e1n intentando generar complicidad, les est\u00e1n diciendo que &#8216;es un juego o un secreto&#8217; entre ellos y que les quieren mucho\u00bb.<\/p>\n<p class=\"mce\" style=\"text-align: justify;\">De hecho, que el agresor sea alguien de su entorno que ha desplegado su afecto y protecci\u00f3n sobre el ni\u00f1o o ni\u00f1a fija las bases id\u00f3neas para que el secreto se imponga, que adem\u00e1s el propio agresor aplica de manera activa. Un pacto de silencio\u00a0que conduce a que\u00a0la mayor\u00eda de v\u00edctimas nunca hablen y, las que s\u00ed, suelan hacerlo en la adolescencia y la edad adulta.<\/p>\n<p class=\"mce\" style=\"text-align: justify;\">Esto ocurre porque, seg\u00fan las expertas, el menor utiliza un mecanismo llamado de disociaci\u00f3n que \u00ablo que le permite es sobrevivir en un entorno en el que est\u00e1 su agresor que, a la vez que abusa de \u00e9l, le est\u00e1 haciendo regalos\u00bb, argumenta Pereda. Por ello, el ni\u00f1o no es capaz de asumir esta realidad y \u00abdesconecta los sentimientos vinculados al abuso, como si eso no ocurriera\u00bb. Es cuando son m\u00e1s mayores, cuando de repente les atraviesa toda la experiencia vivida, que \u00abno est\u00e1 olvidada, sino reservada hasta que la v\u00edctima pueda afrontarla\u00bb, describe la psic\u00f3loga.<\/p>\n<p class=\"mce\" style=\"text-align: justify;\">Junto a ello, las v\u00edctimas suelen experimentar, en el momento de los hechos y con el paso de los a\u00f1os, un fuerte sentimiento de culpa y de verg\u00fcenza por lo ocurrido. Influye en ello, alude el estudio de Save the Children, la forma en que es frecuente que se den\u00a0los abusos, como una progresi\u00f3n\u00a0\u00abque desarma al ni\u00f1o o ni\u00f1a que pudo no hablar en un primer momento porque no supo reconocer lo que estaba pasando, y se calla m\u00e1s tarde por la culpa y la verg\u00fcenza de no haber sabido reaccionar y por el convencimiento, azuzado por el propio abusador, de que los responsables de lo que est\u00e1 pasando son ellas o ellos mismos\u00bb.<\/p>\n<p class=\"mce\" style=\"text-align: justify;\">Sumado a este silencio impuesto por el propio agresor y la naturaleza del hecho, los menores conviven con un silencio social y estructural. \u00abFallamos en todo, a la hora de prevenir, detectar y reparar el da\u00f1o de las v\u00edctimas. Los abusos y la violencia contra la infancia nunca han sido una prioridad para el Estado\u00bb cuenta Carmela del Moral, analista jur\u00eddico de Save the Children. El informe <em class=\"mce\"> Ojos que no quieren ver<\/em>, de hecho, incide en ello y pone sobre la mesa la ausencia de medidas en colegios y otros espacios frecuentados por\u00a0ni\u00f1os y ni\u00f1as. No ser consciente de que los abusos pueden darse \u00ablleva a que ni el \u00e1mbito educativo ni la familia les ense\u00f1e estrategias necesarias, eficaces y realistas\u00bb, concluye. Abrir los ojos ante la violencia es el primer paso para que empecemos a ver m\u00e1s all\u00e1 de la punta del iceberg.<\/p>\n<p class=\"mce\"><em class=\"mce\"> eldiario.es\u00a0sigue hablando de violencia sexual en todos los \u00e1mbitos a trav\u00e9s de la serie <a class=\"mce\" href=\"https:\/\/www.eldiario.es\/redaccion\/Rompiendo-silencio_6_720287991.html\"> Rompiendo el Silencio<\/a>. Si quieres denunciar y contar tu caso, escr\u00edbenos al buz\u00f3n seguro rompiendoelsilencio@eldiario.es.<\/em><\/p>\n<\/div>\n<section id=\"edi-ad-slot-ed-bajo-noticia\" class=\"md-advertisement md hspace ad-article no-adv-socios\" role=\"marquee\" data-google-query-id=\"CICIqs_zpt8CFY5i0wodNigJHg\">\n<div id=\"google_ads_iframe_\/123333327\/eldiario.es\/noticia_ed-bajo-noticia_0__container__\"><small class=\"byline\"><a class=\"lnk\" title=\"Marta  Borraz\" href=\"https:\/\/www.eldiario.es\/autores\/marta_borraz\/\">Marta Borraz<\/a> <\/small> \/ <small class=\"byline\"> <a class=\"lnk\" title=\"Ana Ordaz\" href=\"https:\/\/www.eldiario.es\/autores\/ana_ordaz\/\">Ana Ordaz<\/a><\/small><\/div>\n<div><a href=\"https:\/\/www.eldiario.es\/sociedad\/denuncia-agresion-iceberg-violencia-silenciada_0_845865654.html\">https:\/\/www.eldiario.es\/sociedad\/denuncia-agresion-iceberg-violencia-silenciada_0_845865654.html<\/a><\/div>\n<\/section>\n<\/div>\n","protected":false},"excerpt":{"rendered":"<p>Empezamos la serie &#8216;No digas nada&#8217; para hablar de\u00a0violencia sexual hacia la infancia, una realidad&#8230;<\/p>\n","protected":false},"author":1,"featured_media":27745,"comment_status":"closed","ping_status":"closed","sticky":false,"template":"","format":"standard","meta":{"_coblocks_attr":"","_coblocks_dimensions":"","_coblocks_responsive_height":"","_coblocks_accordion_ie_support":"","jetpack_post_was_ever_published":false,"_jetpack_newsletter_access":"","_jetpack_dont_email_post_to_subs":false,"_jetpack_newsletter_tier_id":0,"_jetpack_memberships_contains_paywalled_content":false,"_jetpack_memberships_contains_paid_content":false,"footnotes":"","jetpack_publicize_message":"","jetpack_publicize_feature_enabled":true,"jetpack_social_post_already_shared":false,"jetpack_social_options":{"image_generator_settings":{"template":"highway","default_image_id":0,"enabled":false},"version":2}},"categories":[186,9,44,15],"tags":[389,1249,2882],"class_list":["post-27744","post","type-post","status-publish","format-standard","has-post-thumbnail","hentry","category-instituciones","category-medio-ambiente","category-noticias-de-hoy","category-ultimas-noticias","tag-infancia","tag-sexualidad","tag-violaciones"],"jetpack_publicize_connections":[],"jetpack_featured_media_url":"https:\/\/i0.wp.com\/miradordeatarfe.es\/wp-content\/uploads\/2018\/12\/%C3%ADndice-2.jpg?fit=281%2C179&ssl=1","jetpack_likes_enabled":true,"jetpack_sharing_enabled":true,"_links":{"self":[{"href":"https:\/\/miradordeatarfe.es\/index.php?rest_route=\/wp\/v2\/posts\/27744","targetHints":{"allow":["GET"]}}],"collection":[{"href":"https:\/\/miradordeatarfe.es\/index.php?rest_route=\/wp\/v2\/posts"}],"about":[{"href":"https:\/\/miradordeatarfe.es\/index.php?rest_route=\/wp\/v2\/types\/post"}],"author":[{"embeddable":true,"href":"https:\/\/miradordeatarfe.es\/index.php?rest_route=\/wp\/v2\/users\/1"}],"replies":[{"embeddable":true,"href":"https:\/\/miradordeatarfe.es\/index.php?rest_route=%2Fwp%2Fv2%2Fcomments&post=27744"}],"version-history":[{"count":1,"href":"https:\/\/miradordeatarfe.es\/index.php?rest_route=\/wp\/v2\/posts\/27744\/revisions"}],"predecessor-version":[{"id":27746,"href":"https:\/\/miradordeatarfe.es\/index.php?rest_route=\/wp\/v2\/posts\/27744\/revisions\/27746"}],"wp:featuredmedia":[{"embeddable":true,"href":"https:\/\/miradordeatarfe.es\/index.php?rest_route=\/wp\/v2\/media\/27745"}],"wp:attachment":[{"href":"https:\/\/miradordeatarfe.es\/index.php?rest_route=%2Fwp%2Fv2%2Fmedia&parent=27744"}],"wp:term":[{"taxonomy":"category","embeddable":true,"href":"https:\/\/miradordeatarfe.es\/index.php?rest_route=%2Fwp%2Fv2%2Fcategories&post=27744"},{"taxonomy":"post_tag","embeddable":true,"href":"https:\/\/miradordeatarfe.es\/index.php?rest_route=%2Fwp%2Fv2%2Ftags&post=27744"}],"curies":[{"name":"wp","href":"https:\/\/api.w.org\/{rel}","templated":true}]}}