{"id":27747,"date":"2018-12-18T10:02:36","date_gmt":"2018-12-18T09:02:36","guid":{"rendered":"http:\/\/miradordeatarfe.es\/?p=27747"},"modified":"2018-12-17T14:06:19","modified_gmt":"2018-12-17T13:06:19","slug":"trabajadores-sociales-a-pesar-de-los-recortes-traemos-folios-doblamos-turnos-la-gente-da-lo-mejor-de-si","status":"publish","type":"post","link":"https:\/\/miradordeatarfe.es\/?p=27747","title":{"rendered":"Trabajadores sociales a pesar de los recortes: \u00abTraemos folios\u00bb, \u00abdoblamos turnos\u00bb, \u00abla gente da lo mejor de s\u00ed\u00bb"},"content":{"rendered":"<header class=\"nav-down\">\n<div class=\"subtitle bkn mce sk2\">\n<p style=\"text-align: justify;\">En el sector de servicios sociales, donde se atiende a personas en riesgo de exclusi\u00f3n, menores, grandes dependientes o inmigrantes sin redes de apoyo, la inversi\u00f3n disminuy\u00f3 entre 2009 y 2017 en un 7,9% de media.<!--more--><\/p>\n<p style=\"text-align: justify;\">\u00abNos hemos visto comprando folios o escribiendo con papel de calco porque no tenemos impresora\u00bb, indica una trabajadora social<\/p>\n<p style=\"text-align: justify;\">\u00abLa gente\u00a0da lo mejor que puede de s\u00ed misma y hace el esfuerzo suplementario que supone trabajar en estas condiciones y a costa de su salud\u00bb, se\u00f1ala otro<\/p>\n<\/div>\n<\/header>\n<div class=\"pg-body\">\n<div id=\"edi-body\" class=\"mce-body mce no-sticky-adv-socios\">\n<p class=\"mce\" style=\"text-align: justify;\">\u00abAyer ten\u00eda 23 citas concertadas y atend\u00ed a 32 personas. Me qued\u00e9 por la tarde\u00bb, explica Ana Mar\u00eda Aranda. Es trabajadora social en Ribera Baja del Ebro, una comarca aragonesa de apenas 9.300 habitantes, donde act\u00faa como \u00abpuerta de acceso\u00bb al sistema de servicios sociales para personas en situaci\u00f3n especialmente vulnerable: familias en riesgo de exclusi\u00f3n social, menores, nuevas realidades con inmigrantes sin redes de apoyo o personas con discapacidad, entre otras.<\/p>\n<div id=\"SMIntext_reference_1545051731986\" class=\"SMreference_1545051731986\" style=\"text-align: justify;\"><\/div>\n<div id=\"SMIntext_efec_1545051731986\" style=\"text-align: justify;\"><\/div>\n<div style=\"text-align: justify;\"><\/div>\n<p class=\"mce\" style=\"text-align: justify;\">\u00abNo noto menos personal, pero s\u00ed m\u00e1s demanda\u00bb, reconoce, lo que no deja de suponer un aumento de trabajo que asume con cierto aire de resignaci\u00f3n: \u00ab\u00bfTrabajo de 8 a 15h? No, siempre meto alguna tarde \u00bfEs obligatorio? No, pero es necesario si quieres intervenci\u00f3n comunitaria\u00bb.<\/p>\n<p class=\"mce\" style=\"text-align: justify;\">Ana Mar\u00eda es tambi\u00e9n un ejemplo de c\u00f3mo los trabajadores de servicios sociales que se encargan de atender las necesidades m\u00e1s b\u00e1sicas de los colectivos m\u00e1s vulnerables han paliado a veces con su esfuerzo personal los recortes en este sector.<\/p>\n<p class=\"mce\" style=\"text-align: justify;\">En el caso de Arag\u00f3n, la inversi\u00f3n en pol\u00edticas sociales disminuy\u00f3, de 2009 a 2017, un 7,9%, seg\u00fan datos del \u00edndice de desarrollo de los servicios sociales 2017 (\u00edndice DEC), elaborado por la Asociaci\u00f3n Estatal de Directoras y Gerentes en Servicios Sociales. Pero la t\u00f3nica se repite en el resto de comunidades aut\u00f3nomas donde, de media, la inversi\u00f3n ha ca\u00eddo en estos 8 a\u00f1os un 7,1%, con \u00abgr\u00e1ficas en forma de U, tras los a\u00f1os de plomo de 2012 y 2013\u00bb, indica el presidente de la asociaci\u00f3n, Jos\u00e9 Manuel Ram\u00edrez.<\/p>\n<p class=\"mce\" style=\"text-align: justify;\">De hecho, solo seis han superado la inversi\u00f3n de 2009 y algunas lo han hecho por la m\u00ednima. A saber, Comunidad Valenciana (0,22% m\u00e1s), Asturias (0,5%), Cantabria (1,20%), Pa\u00eds Vasco (1,87), Navarra (7,94) y Baleares (7,96%).<\/p>\n<p class=\"mce\" style=\"text-align: justify;\">Sof\u00eda prefiere no decir su nombre real para no se\u00f1alar su lugar de trabajo en un ayuntamiento de las Islas Canarias donde se encarga de dar atenci\u00f3n primaria y servicios de infancia y familia, muchas veces sin los recursos adecuados. \u00abNos hemos visto comprando folios o escribiendo con papel de calco porque no tenemos impresora\u00bb, relata. Una situaci\u00f3n que \u00abse viene dando desde hace cinco a\u00f1os\u00bb y que afecta a los talleres que realizan, por ejemplo, con menores en riesgo de exclusi\u00f3n social.<\/p>\n<p class=\"mce\" style=\"text-align: justify;\">\u00abAntes de los recortes hab\u00eda programas preventivos preciosos, con intercambios con los chicos entre islas, excursiones\u2026 Ahora nosotras mismas tenemos que desarrollar los talleres que impartimos. Cuando hacemos alguna propuesta, lo primero que te dicen es que no hay recursos y que lo \u00fanico que tienes son tus dos manos y tus dos piernas. Y estamos hablando incluso de cartulinas. Al final, acabas compr\u00e1ndola t\u00fa\u00bb, relata.<\/p>\n<h3 style=\"text-align: justify;\">\u00abDentro del aula no se cuestiona que no hay dinero\u00bb<\/h3>\n<p class=\"mce\" style=\"text-align: justify;\">\u00abDentro del aula no se cuestiona que no hay dinero\u00bb, indica Feliciano H\u00edpola. Es educador en un colegio concertado de educaci\u00f3n especial en la Comunidad Valenciana, donde vivieron los momentos m\u00e1s cr\u00edticos entre 2011 y 2012, cuando llegaron a estar \u00abhasta seis meses sin cobrar\u00bb. Por aquel entonces, los trabajadores de este centro donaron a la instituci\u00f3n una paga extra y media para continuar con la atenci\u00f3n a los chicos y chicas, de 4 a 21 a\u00f1os. \u00abHoy por hoy estamos al d\u00eda de pagos, aunque a la espera de cobrar dos subvenciones para mejoras en las instalaciones, para las que las asociaciones tienen que anticipar el dinero\u00bb, explica.<\/p>\n<p class=\"mce\" style=\"text-align: justify;\">No obstante, durante todo este tiempo, admite que han continuado \u00abhaciendo actividades y echando horas con tal de que los chavales no se pierdan nada\u00bb. Por ejemplo, llevan cuatro cursos realizando el proyecto \u2018Luces para la inclusi\u00f3n\u2019. Se trata de una actividad en la que, junto a alumnos de un colegio p\u00fablico ordinario, realizan un cortometraje en horario extraescolar.<\/p>\n<p class=\"mce\" style=\"text-align: justify;\">\u00abEste a\u00f1o, por primera vez, hemos conseguido que esas horas est\u00e9n dentro del horario lectivo\u00bb, indica H\u00edpola. Pero su implicaci\u00f3n va un paso m\u00e1s all\u00e1: \u00abLlevamos 20 a\u00f1os participando en la feria medieval del pueblo, en la que preparan materiales para venta y nos tiramos en el puesto todo el fin de semana. En otros centros, por ejemplo, hay compa\u00f1eros que se los llevan a un partido de futbol a t\u00edtulo personal\u00bb.<\/p>\n<p class=\"mce\" style=\"text-align: justify;\">Los colectivos que trabajan con personas dependientes tambi\u00e9n han sentido los recortes. Lo explica \u00c1ngeles Almarza, trabajadora social en una de las grandes residencias p\u00fablicas de mayores de Madrid y secretaria de la secci\u00f3n sindical de UGT: \u00abEn 2012 empiezan a ingresar por la Ley de Dependencia mayores muy grandes dependientes y a reducirse las plantillas de los centros, al no cubrir las vacantes por jubilaci\u00f3n o fallecimiento\u00bb. El servicio contin\u00faa d\u00e1ndose, dice, \u00aba costa de los trabajadores\u00bb. \u00abHa habido funciones que no son propias de una categor\u00eda, pero que realizamos\u00bb o trabajos que se realizan \u00ablo m\u00e1s r\u00e1pido posible\u00bb para que d\u00e9 tiempo a atender a todas las personas, pero esto \u00abacaba pasando factura\u00bb, se\u00f1ala. \u00abAqu\u00ed ha habido muchas bajas por estr\u00e9s, mucha ansiedad\u00bb.<\/p>\n<h3 style=\"text-align: justify;\">Sobrecarga y presi\u00f3n \u00abinsostenible\u00bb<\/h3>\n<p class=\"mce\" style=\"text-align: justify;\">\u00abMuchos compa\u00f1eros piensan incluso en cambiar de trabajo, porque la sobrecarga y la presi\u00f3n, tanto de la poblaci\u00f3n como de los superiores, hace que sea insostenible\u00bb, explica el vicepresidente del Colegio Oficial de Trabajo Social de Las Palmas, Ismael de la Fe. Precisamente, el pasado martes, en otro sector afectado por los recortes, el de Sanidad, dimitieron en bloque el 80% de los jefes de Atenci\u00f3n Primaria de Vigo, por la \u00absobrecarga de trabajo\u00bb y la \u00abpol\u00edtica indiscriminada de recortes\u00bb de la Xunta, que ha llevado a tener que atender hasta a 40 pacientes al d\u00eda.<\/p>\n<p class=\"mce\" style=\"text-align: justify;\">El pasado mes de octubre, los trabajadores de diez centros de servicios sociales de Sevilla secundaron una huelga, casi al 100%, para protestar por el \u00abcolapso\u00bb. Hace unos meses, los trabajadores del centro de primera acogida de Hortaleza, en Madrid, denunciaron el hacinamiento que sufr\u00edan los menores y que ha reconocido la propia Comunidad. <a class=\"mce\" href=\"http:\/\/cadenaser.com\/emisora\/2018\/12\/10\/radio_madrid\/1544458372_765466.html\"> Cuarenta y cinco de ellos est\u00e1n de baja, seg\u00fan inform\u00f3 Cadena Ser<\/a>.<\/p>\n<p class=\"mce\" style=\"text-align: justify;\">Una situaci\u00f3n parecida se da en los centros de Recepci\u00f3n y Acogida de Verg\u00e9 de Lled\u00f3, en Castell\u00f3n que, seg\u00fan el t\u00e9cnico especialista en menores y sindicalista de CC.OO. Miquel Soler, est\u00e1n organizados para 12 plazas cada uno y han llegado a albergar hasta 30 y 17 menores respectivamente. \u00abLa gente est\u00e1 muy quemada, con patolog\u00edas f\u00edsicas y ps\u00edquicas. Y t\u00fa, quieras o no, tienes ah\u00ed a un ni\u00f1o y lo vas a atender igual. Por supuesto que lo vas a atender. Trabajamos a turnos y a veces te vas y un compa\u00f1ero se pone enfermo y te quedas dos o tres horas m\u00e1s, o doblas turnos continuamente\u00bb, relata.<\/p>\n<p class=\"mce\" style=\"text-align: justify;\">\u00abLa gente da\u00a0lo mejor que puede de s\u00ed misma y hace el esfuerzo suplementario que supone trabajar en estas condiciones y a costa de su salud\u00bb, a\u00f1ade antes de se\u00f1alar que este trabajo \u00abnos crea cierto aislamiento social\u00bb. La implicaci\u00f3n personal de estos trabajadores les plantea, no obstante, un dilema. \u00abNo queremos ser c\u00f3mplices de un sistema que no funciona, ni tapar unos agujeros que no son nuestros\u00bb, indica Sof\u00eda.<\/p>\n<p class=\"mce\" style=\"text-align: justify;\">\u00abTiras m\u00e1s de las redes comunitarias, de las asociaciones y de la solidaridad de los vecinos. Resuelves el problema, pero la situaci\u00f3n se hace m\u00e1s evidente y la gente queda m\u00e1s marcada\u00bb, razona Aranda. Y lo desarrolla: \u00abTe hace sentir que vas marcha atr\u00e1s cuando ten\u00edamos unos derechos conseguidos. Todos tenemos derecho a unas cosas b\u00e1sicas. No se puede permitir que una familia est\u00e9 sin luz, no tenga un techo o, incluso, que no tenga galletas si hay ni\u00f1os. Tiramos del \u2018por favor\u2019, cuando no deber\u00eda ser as\u00ed. La implicaci\u00f3n personal es bonita, pero a nivel de derechos sale muy cara\u00bb.<\/p>\n<address class=\"bkn dateline fl\"><small class=\"byline\"> <a class=\"lnk\" title=\"David Noriega\" href=\"https:\/\/www.eldiario.es\/autores\/david_noriega\/\">David Noriega<\/a> <\/small><\/address>\n<p style=\"text-align: justify;\">FOTO: El Samur Social atiende a una persona en Madrid. <span class=\"font\">Samur Social.<\/span><\/p>\n<p style=\"text-align: justify;\"><a href=\"https:\/\/www.eldiario.es\/sociedad\/profesionales-implicacion-personal-bonita-derechos_0_846216360.html\">https:\/\/www.eldiario.es\/sociedad\/profesionales-implicacion-personal-bonita-derechos_0_846216360.html<\/a><\/p>\n<\/div>\n<\/div>\n","protected":false},"excerpt":{"rendered":"<p>En el sector de servicios sociales, donde se atiende a personas en riesgo de exclusi\u00f3n,&#8230;<\/p>\n","protected":false},"author":1,"featured_media":27748,"comment_status":"closed","ping_status":"closed","sticky":false,"template":"","format":"standard","meta":{"_coblocks_attr":"","_coblocks_dimensions":"","_coblocks_responsive_height":"","_coblocks_accordion_ie_support":"","jetpack_post_was_ever_published":false,"_jetpack_newsletter_access":"","_jetpack_dont_email_post_to_subs":false,"_jetpack_newsletter_tier_id":0,"_jetpack_memberships_contains_paywalled_content":false,"_jetpack_memberships_contains_paid_content":false,"footnotes":"","jetpack_publicize_message":"","jetpack_publicize_feature_enabled":true,"jetpack_social_post_already_shared":false,"jetpack_social_options":{"image_generator_settings":{"template":"highway","default_image_id":0,"enabled":false},"version":2}},"categories":[1161,9,44,15],"tags":[1572,1729],"class_list":["post-27747","post","type-post","status-publish","format-standard","has-post-thumbnail","hentry","category-ciudadania","category-medio-ambiente","category-noticias-de-hoy","category-ultimas-noticias","tag-recortes","tag-trabajo-social"],"jetpack_publicize_connections":[],"jetpack_featured_media_url":"https:\/\/i0.wp.com\/miradordeatarfe.es\/wp-content\/uploads\/2018\/12\/Samur-Social_EDIIMA20181217_0132_20.jpg?fit=643%2C362&ssl=1","jetpack_likes_enabled":true,"jetpack_sharing_enabled":true,"_links":{"self":[{"href":"https:\/\/miradordeatarfe.es\/index.php?rest_route=\/wp\/v2\/posts\/27747","targetHints":{"allow":["GET"]}}],"collection":[{"href":"https:\/\/miradordeatarfe.es\/index.php?rest_route=\/wp\/v2\/posts"}],"about":[{"href":"https:\/\/miradordeatarfe.es\/index.php?rest_route=\/wp\/v2\/types\/post"}],"author":[{"embeddable":true,"href":"https:\/\/miradordeatarfe.es\/index.php?rest_route=\/wp\/v2\/users\/1"}],"replies":[{"embeddable":true,"href":"https:\/\/miradordeatarfe.es\/index.php?rest_route=%2Fwp%2Fv2%2Fcomments&post=27747"}],"version-history":[{"count":2,"href":"https:\/\/miradordeatarfe.es\/index.php?rest_route=\/wp\/v2\/posts\/27747\/revisions"}],"predecessor-version":[{"id":27750,"href":"https:\/\/miradordeatarfe.es\/index.php?rest_route=\/wp\/v2\/posts\/27747\/revisions\/27750"}],"wp:featuredmedia":[{"embeddable":true,"href":"https:\/\/miradordeatarfe.es\/index.php?rest_route=\/wp\/v2\/media\/27748"}],"wp:attachment":[{"href":"https:\/\/miradordeatarfe.es\/index.php?rest_route=%2Fwp%2Fv2%2Fmedia&parent=27747"}],"wp:term":[{"taxonomy":"category","embeddable":true,"href":"https:\/\/miradordeatarfe.es\/index.php?rest_route=%2Fwp%2Fv2%2Fcategories&post=27747"},{"taxonomy":"post_tag","embeddable":true,"href":"https:\/\/miradordeatarfe.es\/index.php?rest_route=%2Fwp%2Fv2%2Ftags&post=27747"}],"curies":[{"name":"wp","href":"https:\/\/api.w.org\/{rel}","templated":true}]}}