{"id":27768,"date":"2018-12-19T11:43:56","date_gmt":"2018-12-19T10:43:56","guid":{"rendered":"http:\/\/miradordeatarfe.es\/?p=27768"},"modified":"2022-02-12T12:39:38","modified_gmt":"2022-02-12T11:39:38","slug":"atletismo-atarfe-defendiendo-la-diversidad","status":"publish","type":"post","link":"https:\/\/miradordeatarfe.es\/?p=27768","title":{"rendered":"ATLETISMO ATARFE DEFENDIENDO LA DIVERSIDAD.-"},"content":{"rendered":"<div class=\"canvasWrapper\">\n<p align=\"JUSTIFY\">Este fin de semana nos hemos diversificado hasta en cinco competiciones diferentes desarrolladas en tres modalidades distintas y en tres comunidades aut\u00f3nomas<!--more--><\/p>\n<p align=\"JUSTIFY\"><span style=\"font-family: Arial, sans-serif;\"><span style=\"font-size: medium;\">La primat\u00f3loga brit\u00e1nica Jane Goodall ha sido investida este s\u00e1bado &#8216;doctora honoris&#8217; causa por la Universidad Complutense de Madrid en reconocimiento a toda una vida profesional dedicada al estudio de los chimpanc\u00e9s consiguiendo con sus investigaciones revolucionar la comunidad cient\u00edfica internacional. En una de las conferencias programadas en su visita a nuestro pa\u00eds para recoger el galard\u00f3n ha advertido sobre que \u201cestamos viviendo la sexta extinci\u00f3n masiva de especies\u201d.<\/span><\/span><\/p>\n<p align=\"JUSTIFY\"><span style=\"font-family: Arial, sans-serif;\"><span style=\"font-size: medium;\">La importancia de preservar los chimpanc\u00e9s estriba en que cumplen un papel fundamental en los medios de vida, las culturas y las religiones de muchas sociedades del mundo, adem\u00e1s de ofrecer una v\u00eda pri vilegiada para comprender la evoluci\u00f3n humana y advertir sobre la amenaza de enfermedades emergentes. Por otra parte, hay que se\u00f1alar que su conservaci\u00f3n resulta esencial para la preservaci\u00f3n de la biodiversidad tropical gracias a su contribuci\u00f3n a la regeneraci\u00f3n de losbosques y a la preservaci\u00f3n de la salud de los ecosistemas.<\/span><\/span><\/p>\n<p align=\"JUSTIFY\"><span style=\"font-family: Arial, sans-serif;\"><span style=\"font-size: medium;\">L\u00f3gicamente hoy no traemos la comparativa con ATLETISMO ATARFE por la mano de los chimpanc\u00e9s sino por la necesidad de preservar la biodiversidad de la que ellos son un medi\u00e1tico ejemplo. Es en este campo donde pondremos hoy nuestro objetivo, en la necesidad de mantener la diversidad y para ello nada mejor que distribuir nuestros esfuerzos competitivos en varios escenarios sin jug\u00e1rnosla todo a una carta adem\u00e1s de permitir a cada atleta desarrollar su potencial en su h\u00e1bitat natural.<\/span><\/span><\/p>\n<p align=\"JUSTIFY\"><span style=\"font-family: Arial, sans-serif;\"><span style=\"font-size: medium;\">De esta manera este fin de semana nos hemos diversificado hasta en cinco competiciones diferentes desarrolladas en tres modalidades distintas y en tres comunidades aut\u00f3nomas.<\/span><\/span><\/p>\n<p align=\"JUSTIFY\"><span style=\"font-family: Arial, sans-serif;\"><span style=\"font-size: medium;\">Comenzando por la competici\u00f3n de mayor abolengo nos trasladamos hasta la localidad murciana de Yecla donde se ha disputado la trig\u00e9simo sexta edici\u00f3n del Cross Nacional Fiestas de la Virgen. Cuatro de nuestros j\u00f3venes valores viajaron al v\u00e9rtice geogr\u00e1fico com\u00fan a las regiones de Castilla la Mancha, Comunidad Valenciana y Murciana donde se sit\u00faa la l ocalidad vin\u00edcola de Yecla muy conocida tambi\u00e9n por el sector del mueble actuando ambos sectores productivos como motores econ\u00f3micos del municipio y que son las patrocinadoras del evento. Destacar la victoria conseguida por Manuel Jim\u00e9nez L\u00f3pez en la categor\u00eda Sub 18 imponi\u00e9ndose a los valencianos Azor\u00edn y Chazarra mejorando su segunda posici\u00f3n del pasado a\u00f1o. Para dar idea del nivel de la prueba indicaremos que el primero de los citados acredita dos minutos pelados en 800 y 4.06 en milqui mientras Chazarra posee una marca inferior a 8.55 en los 3000. La carrera se disput\u00f3 a un alto ritmo si bien no se decidi\u00f3 hasta los \u00faltimos 120 metros donde habi\u00e9ndose quedado s\u00f3los en cabeza Azor\u00edn y Manu tras alejar a Chazarra en la \u00faltima subida fue Manu <\/span><\/span><span style=\"font-family: Arial, sans-serif;\"><span style=\"font-size: medium;\">quien pudo imponer un postrero cambio de ritmo para entrar s\u00f3lo en meta resarci\u00e9ndose as\u00ed de la carrera del a\u00f1o pasado en que perdi\u00f3 la victoria en los \u00faltimos veinte metros. En esta ocasi\u00f3n fue m\u00e1s prudente y aguant\u00f3 el ritmo al que viajaba la cabeza de carrera no lanzando su ataque final hasta avistar la meta<\/span><\/span><\/p>\n<p align=\"JUSTIFY\"><span style=\"font-family: Arial, sans-serif;\"><span style=\"font-size: medium;\"> En esta misma carrera contamos con la participaci\u00f3n de Jes\u00fas Zamora Tortosa y Jaime Vico Guzm\u00e1n al disputarse conjunta mente las categor\u00edas Sub 20 y Sub 18 realizando ambos unas carreras muy serias y defendiendo honestamente sus posibilidades, luchando contra los elementos en forma de fuerte ritmo, intenso viento y continuas subidas y bajadas, clasific\u00e1ndose 17 y 22 respectivamente. Por su parte, Alejandro Vico Guzm\u00e1n tom\u00f3 parte en la categor\u00eda Sub 16 consiguiendo un meritorio 15\u00ba puesto tras una carrera en grupo que fue estir\u00e1ndose progresivamente y consigu iendo recuperar varios puestos en la recta de meta. Completaron la expedici\u00f3n los pap\u00e1s Regino Zamora y Manuel Jim\u00e9nez que pelearon en la prueba popular y destac\u00f3 Regino con un cuarto puesto en su grupo de edad.<\/span><\/span><\/p>\n<p align=\"JUSTIFY\"><a href=\"https:\/\/i0.wp.com\/miradordeatarfe.es\/wp-content\/uploads\/2018\/12\/Yecla-2018-subida.jpeg?ssl=1\"><img data-recalc-dims=\"1\" loading=\"lazy\" decoding=\"async\" class=\"size-full wp-image-27770 aligncenter\" src=\"https:\/\/i0.wp.com\/miradordeatarfe.es\/wp-content\/uploads\/2018\/12\/Yecla-2018-subida.jpeg?resize=640%2C426&#038;ssl=1\" alt=\"\" width=\"640\" height=\"426\" srcset=\"https:\/\/i0.wp.com\/miradordeatarfe.es\/wp-content\/uploads\/2018\/12\/Yecla-2018-subida.jpeg?w=640&amp;ssl=1 640w, https:\/\/i0.wp.com\/miradordeatarfe.es\/wp-content\/uploads\/2018\/12\/Yecla-2018-subida.jpeg?resize=300%2C200&amp;ssl=1 300w, https:\/\/i0.wp.com\/miradordeatarfe.es\/wp-content\/uploads\/2018\/12\/Yecla-2018-subida.jpeg?resize=600%2C399&amp;ssl=1 600w\" sizes=\"auto, (max-width: 640px) 100vw, 640px\" \/><\/a><\/p>\n<p align=\"JUSTIFY\"><span style=\"font-family: Arial, sans-serif;\"><span style=\"font-size: medium;\">Siguiendo con la modalidad de campo a trav\u00e9s nos detenemos ahora en la localidad de La Zubia donde se disput\u00f3 el XXVIII Cross de Navidad Villa de La Zubia que adem\u00e1s serv\u00eda de tercera estaci\u00f3n del circuito provincial. Hasta 32 de nuestr@s atletas disputaron esta prueba, sin duda la mejor de cuantas se desarrollan en la provincia a lo largo de la temporada, y conseguimos cinco puestos de honor. Primer puesto para Curro Avil\u00e9s Torrecillas en Sub 14 que por fin consigue subirse al escal\u00f3n m\u00e1s alto del p\u00f3dium tras haber sido segundo y cuarto en las anteriores etapas del circuito. Sin duda que la fe en sus posibilidades y la confianza en el trabajo que viene desarrollando han permitido a Curro saber esperar su momento y llegar primero en la decana de las pruebas de cross provincial y atisbando ya los grandes retos que le vienen por delante.<\/span><\/span><\/p>\n<p align=\"JUSTIFY\"><a href=\"https:\/\/i0.wp.com\/miradordeatarfe.es\/wp-content\/uploads\/2018\/12\/La-Zubia-2018.jpeg?ssl=1\"><img data-recalc-dims=\"1\" loading=\"lazy\" decoding=\"async\" class=\"alignnone size-full wp-image-27771\" src=\"https:\/\/i0.wp.com\/miradordeatarfe.es\/wp-content\/uploads\/2018\/12\/La-Zubia-2018.jpeg?resize=640%2C1138&#038;ssl=1\" alt=\"\" width=\"640\" height=\"1138\" srcset=\"https:\/\/i0.wp.com\/miradordeatarfe.es\/wp-content\/uploads\/2018\/12\/La-Zubia-2018.jpeg?w=900&amp;ssl=1 900w, https:\/\/i0.wp.com\/miradordeatarfe.es\/wp-content\/uploads\/2018\/12\/La-Zubia-2018.jpeg?resize=169%2C300&amp;ssl=1 169w, https:\/\/i0.wp.com\/miradordeatarfe.es\/wp-content\/uploads\/2018\/12\/La-Zubia-2018.jpeg?resize=768%2C1365&amp;ssl=1 768w, https:\/\/i0.wp.com\/miradordeatarfe.es\/wp-content\/uploads\/2018\/12\/La-Zubia-2018.jpeg?resize=576%2C1024&amp;ssl=1 576w, https:\/\/i0.wp.com\/miradordeatarfe.es\/wp-content\/uploads\/2018\/12\/La-Zubia-2018.jpeg?resize=600%2C1067&amp;ssl=1 600w\" sizes=\"auto, (max-width: 640px) 100vw, 640px\" \/><\/a><\/p>\n<p align=\"JUSTIFY\"><span style=\"font-family: Arial, sans-serif;\"><span style=\"font-size: medium;\">Segundos puestos para Mar\u00eda P\u00e9rez Torres en Sub 14 y Marcos Fern\u00e1ndez Requena en Sub 20. Para definir la temporada de Mar\u00eda recurrir\u00e9 a la frase que se puso de moda en el mundo del f\u00fatbol durante el m undial de Argentina 78, \u201cNo diga Kempes, diga gol\u201d. Para los m\u00e1s peque\u00f1os d iremos que antes de Maradona y Messi fue Kempes el \u00eddolo de la hinchada argentina. La nueva versi\u00f3n de esta frase ser\u00eda \u201cNo diga p\u00f3dium, diga Mar\u00eda\u201d, pues desde el inicio de la temporada Mar\u00eda no se ha apeado del caj\u00f3n. Por su parte, Marcos est\u00e1 tambi\u00e9n abonado al segundo puesto en su categor\u00eda y cada vez acaba m\u00e1s cerca del primero, confiamos en que en breve lo veamos en esta perseguida primera posici\u00f3n.<\/span><\/span><\/p>\n<p align=\"JUSTIFY\"><span style=\"font-family: Arial, sans-serif;\"><span style=\"font-size: medium;\">En cuanto a nuestros dos bronces vinieron de las piernas de Samuel Garc\u00eda Rodr\u00edguez en Sub 10 y David Hern\u00e1ndez S\u00e1nchez en Su b 16. Para Samuel es su segundo puesto en el p\u00f3dium tras el \u00e9xito alcanzado en Lecr\u00edn y parece que no quiere bajarse de \u00e9l. Por su parte David defiende su privilegiada posici\u00f3n independientemente del tipo de circuito que se le presente, seguro que la dureza que est\u00e1 consiguiendo en esta dura especiali dad le har\u00e1 volar en la pista cubierta.<\/span><\/span><\/p>\n<p align=\"JUSTIFY\"><span style=\"font-family: Arial, sans-serif;\"><span style=\"font-size: medium;\">Remitirnos a la p\u00e1gina web del club (blog escuela atletismo atarfe) donde podemos encontrar los resultados completos de nuestros 32 atletas en este importante cross.<\/span><\/span><\/p>\n<p><span style=\"font-family: Arial, sans-serif;\"><span style=\"font-size: medium;\">Para ejemplificar nuestra apuesta por mantener la diversidad abrimos la temporada de pista con la participaci\u00f3n en el control federativo desarrollado en Almu\u00f1\u00e9car donde estrenan curso seis de nuestros atletas m\u00e1s \u201cr\u00e1pidos\u201d cosechando grandes marcas en 300 m.l. (43.72 Pablo Lozano, 48.74 Mar\u00eda N\u00f6elle Tortosa, 49.14 Laura Aguilera) y 60 m.l. (9. 63 Mario Aguilera, 10.78 Carolina Lozano), completando actuaci\u00f3n Elena Carrillo en 1000 (3.50.67) y longitud (3.56).<\/span><\/span><\/p>\n<p><a href=\"https:\/\/i0.wp.com\/miradordeatarfe.es\/wp-content\/uploads\/2018\/12\/Almu%C3%B1%C3%A9car-161218.jpeg?ssl=1\"><img data-recalc-dims=\"1\" loading=\"lazy\" decoding=\"async\" class=\"alignnone size-full wp-image-27773\" src=\"https:\/\/i0.wp.com\/miradordeatarfe.es\/wp-content\/uploads\/2018\/12\/Almu%C3%B1%C3%A9car-161218.jpeg?resize=640%2C480&#038;ssl=1\" alt=\"\" width=\"640\" height=\"480\" srcset=\"https:\/\/i0.wp.com\/miradordeatarfe.es\/wp-content\/uploads\/2018\/12\/Almu%C3%B1%C3%A9car-161218.jpeg?w=1600&amp;ssl=1 1600w, https:\/\/i0.wp.com\/miradordeatarfe.es\/wp-content\/uploads\/2018\/12\/Almu%C3%B1%C3%A9car-161218.jpeg?resize=300%2C225&amp;ssl=1 300w, https:\/\/i0.wp.com\/miradordeatarfe.es\/wp-content\/uploads\/2018\/12\/Almu%C3%B1%C3%A9car-161218.jpeg?resize=768%2C576&amp;ssl=1 768w, https:\/\/i0.wp.com\/miradordeatarfe.es\/wp-content\/uploads\/2018\/12\/Almu%C3%B1%C3%A9car-161218.jpeg?resize=1024%2C768&amp;ssl=1 1024w, https:\/\/i0.wp.com\/miradordeatarfe.es\/wp-content\/uploads\/2018\/12\/Almu%C3%B1%C3%A9car-161218.jpeg?resize=600%2C450&amp;ssl=1 600w, https:\/\/i0.wp.com\/miradordeatarfe.es\/wp-content\/uploads\/2018\/12\/Almu%C3%B1%C3%A9car-161218.jpeg?w=1280&amp;ssl=1 1280w\" sizes=\"auto, (max-width: 640px) 100vw, 640px\" \/><\/a><\/p>\n<p align=\"JUSTIFY\"><span style=\"font-family: Arial, sans-serif;\"><span style=\"font-size: medium;\">Ampliamos escenario trasladando nuestras miras al asfalto con la participaci\u00f3n de muchos de nuestr@s atletas en la Carrera Solidaria de Albolote con triunfos en sus respectivas categor\u00edas para Curro Avil\u00e9s, Mar\u00eda P\u00e9rez y David Hern\u00e1ndez quienes doblan triunfo en este fin de sem ana tras sus logros en La Zubia. Esta carrera se desarrolla en un ambiente muy festivo y familiar siendo muchas las familias de nuestro club las que contaron con varias generaciones participando en la prueba.<\/span><\/span><\/p>\n<p align=\"JUSTIFY\"><a href=\"https:\/\/i0.wp.com\/miradordeatarfe.es\/wp-content\/uploads\/2018\/12\/Carrera-Solidaria-Albolote-2018.jpeg?ssl=1\"><img data-recalc-dims=\"1\" loading=\"lazy\" decoding=\"async\" class=\"alignnone size-full wp-image-27772\" src=\"https:\/\/i0.wp.com\/miradordeatarfe.es\/wp-content\/uploads\/2018\/12\/Carrera-Solidaria-Albolote-2018.jpeg?resize=640%2C379&#038;ssl=1\" alt=\"\" width=\"640\" height=\"379\" srcset=\"https:\/\/i0.wp.com\/miradordeatarfe.es\/wp-content\/uploads\/2018\/12\/Carrera-Solidaria-Albolote-2018.jpeg?w=1100&amp;ssl=1 1100w, https:\/\/i0.wp.com\/miradordeatarfe.es\/wp-content\/uploads\/2018\/12\/Carrera-Solidaria-Albolote-2018.jpeg?resize=300%2C178&amp;ssl=1 300w, https:\/\/i0.wp.com\/miradordeatarfe.es\/wp-content\/uploads\/2018\/12\/Carrera-Solidaria-Albolote-2018.jpeg?resize=768%2C455&amp;ssl=1 768w, https:\/\/i0.wp.com\/miradordeatarfe.es\/wp-content\/uploads\/2018\/12\/Carrera-Solidaria-Albolote-2018.jpeg?resize=1024%2C607&amp;ssl=1 1024w, https:\/\/i0.wp.com\/miradordeatarfe.es\/wp-content\/uploads\/2018\/12\/Carrera-Solidaria-Albolote-2018.jpeg?resize=600%2C356&amp;ssl=1 600w\" sizes=\"auto, (max-width: 640px) 100vw, 640px\" \/><\/a><\/p>\n<p><span style=\"font-family: Arial, sans-serif;\"><span style=\"font-size: medium;\">Completamos la cr\u00f3nica del fin de semana exponiendo una nueva muestra de nuestra diversidad con la participaci\u00f3n del veterano Francisco Maroto en la 25\u00aa Carrera Popular de Aranjuez disputada en la modalidad de ruta.<\/span><\/span><\/p>\n<p>&nbsp;<\/p>\n<\/div>\n<p>&nbsp;<\/p>\n","protected":false},"excerpt":{"rendered":"<p>Este fin de semana nos hemos diversificado hasta en cinco competiciones diferentes desarrolladas en tres&#8230;<\/p>\n","protected":false},"author":1,"featured_media":27774,"comment_status":"closed","ping_status":"closed","sticky":false,"template":"","format":"standard","meta":{"_coblocks_attr":"","_coblocks_dimensions":"","_coblocks_responsive_height":"","_coblocks_accordion_ie_support":"","jetpack_post_was_ever_published":false,"_jetpack_newsletter_access":"","_jetpack_dont_email_post_to_subs":false,"_jetpack_newsletter_tier_id":0,"_jetpack_memberships_contains_paywalled_content":false,"_jetpack_memberships_contains_paid_content":false,"footnotes":"","jetpack_publicize_message":"","jetpack_publicize_feature_enabled":true,"jetpack_social_post_already_shared":false,"jetpack_social_options":{"image_generator_settings":{"template":"highway","default_image_id":0,"enabled":false},"version":2}},"categories":[2,182,6915,44,15],"tags":[81,85],"class_list":["post-27768","post","type-post","status-publish","format-standard","has-post-thumbnail","hentry","category-atarfe","category-deportes","category-opinion-de-manuel-jimenez","category-noticias-de-hoy","category-ultimas-noticias","tag-atarfe","tag-atletismo"],"jetpack_publicize_connections":[],"jetpack_featured_media_url":"https:\/\/i0.wp.com\/miradordeatarfe.es\/wp-content\/uploads\/2018\/12\/Yecla-2018-podium-2.jpeg?fit=768%2C463&ssl=1","jetpack_likes_enabled":true,"jetpack_sharing_enabled":true,"_links":{"self":[{"href":"https:\/\/miradordeatarfe.es\/index.php?rest_route=\/wp\/v2\/posts\/27768","targetHints":{"allow":["GET"]}}],"collection":[{"href":"https:\/\/miradordeatarfe.es\/index.php?rest_route=\/wp\/v2\/posts"}],"about":[{"href":"https:\/\/miradordeatarfe.es\/index.php?rest_route=\/wp\/v2\/types\/post"}],"author":[{"embeddable":true,"href":"https:\/\/miradordeatarfe.es\/index.php?rest_route=\/wp\/v2\/users\/1"}],"replies":[{"embeddable":true,"href":"https:\/\/miradordeatarfe.es\/index.php?rest_route=%2Fwp%2Fv2%2Fcomments&post=27768"}],"version-history":[{"count":1,"href":"https:\/\/miradordeatarfe.es\/index.php?rest_route=\/wp\/v2\/posts\/27768\/revisions"}],"predecessor-version":[{"id":27775,"href":"https:\/\/miradordeatarfe.es\/index.php?rest_route=\/wp\/v2\/posts\/27768\/revisions\/27775"}],"wp:featuredmedia":[{"embeddable":true,"href":"https:\/\/miradordeatarfe.es\/index.php?rest_route=\/wp\/v2\/media\/27774"}],"wp:attachment":[{"href":"https:\/\/miradordeatarfe.es\/index.php?rest_route=%2Fwp%2Fv2%2Fmedia&parent=27768"}],"wp:term":[{"taxonomy":"category","embeddable":true,"href":"https:\/\/miradordeatarfe.es\/index.php?rest_route=%2Fwp%2Fv2%2Fcategories&post=27768"},{"taxonomy":"post_tag","embeddable":true,"href":"https:\/\/miradordeatarfe.es\/index.php?rest_route=%2Fwp%2Fv2%2Ftags&post=27768"}],"curies":[{"name":"wp","href":"https:\/\/api.w.org\/{rel}","templated":true}]}}