{"id":27795,"date":"2018-12-22T10:39:49","date_gmt":"2018-12-22T09:39:49","guid":{"rendered":"http:\/\/miradordeatarfe.es\/?p=27795"},"modified":"2018-12-18T16:47:18","modified_gmt":"2018-12-18T15:47:18","slug":"de-todos-los-hombres-a-todos-los-seres-humanos-las-mujeres-que-dejaron-huella-en-la-declaracion-universal-de-derechos-humanos","status":"publish","type":"post","link":"https:\/\/miradordeatarfe.es\/?p=27795","title":{"rendered":"De \u00abtodos los hombres\u00bb a \u00abtodos los seres humanos\u00bb: las mujeres que dejaron huella en la Declaraci\u00f3n Universal de Derechos Humanos"},"content":{"rendered":"<div id=\"main\" class=\"document1 sticked\">\n<div id=\"container\" class=\"\">\n<div class=\"rg-wrap rg-grp\">\n<div class=\"rg-theme-wrap\">\n<div class=\"rg-theme-wrap-inner\">\n<div class=\"rg-main rg\">\n<div class=\"limiter limiter1\">\n<div class=\"pg-story pg\">\n<div class=\"pg-main skin-gd-sep-c2\">\n<div class=\"gd gd6-m faux-seam-42g6\">\n<div class=\"gdu u4-6-m u-first\">\n<article id=\"content\" class=\"pg-content hspace\">\n<header class=\"nav-down\">\n<div class=\"subtitle bkn mce sk2\">\n<p style=\"text-align: justify;\">El m\u00e9rito del cambio de \u00abhombres\u00bb por \u00abseres humanos\u00bb en el texto de la declaraci\u00f3n se atribuye a la activista feminista Hansa Mehta<!--more--><\/p>\n<p style=\"text-align: justify;\">Adem\u00e1s de Eleanor Roosevelt, con una reconocida impronta en el hist\u00f3rico texto, varias mujeres fueron esenciales a la hora de dar forma a la declaraci\u00f3n que esta semana cumple 70 a\u00f1os<\/p>\n<p style=\"text-align: justify;\">Tres delegadas de pa\u00edses no occidentales hicieron aportaciones decisivas: Mehta, de India, Minerva Bernardino, de Rep\u00fablica Dominicana, y Shaista Ikramullah, de Pakist\u00e1n<\/p>\n<\/div>\n<section class=\"cp-tools md cf \"><\/section>\n<section id=\"edi-ad-slot-ed-bajo-titular\" class=\"md-advertisement md hspace ad-article no-adv-socios\" role=\"marquee\">\n<div class=\"caption\"><\/div>\n<\/section>\n<div class=\"inset cf\" style=\"text-align: justify;\">\n<figure class=\"media-holder\"><img data-recalc-dims=\"1\" loading=\"lazy\" decoding=\"async\" src=\"https:\/\/i0.wp.com\/www.eldiario.es\/fotos\/Fryderyka-Kalinowski-Bernardino-Dominicana-Subcomision_EDIIMA20181210_0597_20.jpg?resize=640%2C491&#038;ssl=1\" alt=\"Fryderyka Kalinowski (Polonia), Bodgil Begtrup (Dinamarca), Minerva Bernardino (Rep\u00fablica Dominicana) y Hansa Mehta (India), delegadas de la Subcomisi\u00f3n de la Condici\u00f3n Jur\u00eddica y Social de la Mujer, mayo de 1946 en Nueva York.\" width=\"640\" height=\"491\" \/><figcaption class=\"caption-inside\">Fryderyka Kalinowski (Polonia), Bodgil Begtrup (Dinamarca), Minerva Bernardino (Rep\u00fablica Dominicana) y Hansa Mehta (India), delegadas de la Subcomisi\u00f3n de la Condici\u00f3n Jur\u00eddica y Social de la Mujer, mayo de 1946 en Nueva York. <span class=\"font\">United Nations (Hunter College), New York<\/span><\/p>\n<\/figcaption><\/figure>\n<\/div>\n<\/header>\n<div class=\"pg-body\">\n<div id=\"edi-body\" class=\"mce-body mce no-sticky-adv-socios\">\n<p class=\"mce\" style=\"text-align: justify;\"><a class=\"mce\" href=\"https:\/\/es.wikipedia.org\/wiki\/Eleanor_Roosevelt#\/media\/File:EleanorRooseveltHumanRights.png\"> La fotograf\u00eda pas\u00f3 a la historia<\/a>. Casi un a\u00f1o despu\u00e9s de su aprobaci\u00f3n, Eleanor Roosevelt posaba con un cartel de la Declaraci\u00f3n Universal de Derechos Humanos en la sede de Naciones Unidas. La imagen ha vinculado estrechamente a la\u00a0representante y pol\u00edtica estadounidense con la declaraci\u00f3n que impuls\u00f3, rodeada de hombres, como presidenta del comit\u00e9 que se encarg\u00f3 de redactarla.<\/p>\n<p class=\"mce\" style=\"text-align: justify;\">Su destacado papel en lograr que el texto viera la luz el 10 de diciembre de 1948, hace 70 a\u00f1os, ha sido documentado y su figura, reconocida como una firme defensora de derechos humanos. Sin embargo, seg\u00fan recuerda la ONU con motivo del aniversario, hubo otras\u00a0representantes que trabajaron junto a Roosevelt\u00a0cuya labor \u00abfue esencial a la hora de dar forma\u00bb al documento y\u00a0garantizar que se incluyeran en \u00e9l los derechos de las mujeres.<\/p>\n<p class=\"mce\" style=\"text-align: justify;\">Entre ellas hay mujeres que no proced\u00edan de pa\u00edses occidentales a cuyas contribuciones se ha prestado \u00abpoca atenci\u00f3n\u00bb, a pesar de que \u00abfueron pioneras en el \u00e1mbito internacional y en sus pa\u00edses\u00bb, recalc\u00f3 el pasado marzo Rebecca Adami, catedr\u00e1tica de la Universidad de Estocolmo y autora de<em class=\"mce\"> Las mujeres y la Declaraci\u00f3n Universal de Derechos Humanos<\/em>, seg\u00fan recoge\u00a0<a class=\"mce\" href=\"https:\/\/www.ohchr.org\/SP\/NewsEvents\/Pages\/TheRoleWomenShapingUDHR.aspx\"> el sitio web del alto comisionado de la ONU<\/a> para los derechos humanos. Eran representantes en diferentes comit\u00e9s de Naciones Unidas y, aunque se encontraban en minor\u00eda,\u00a0participaron activamente en las sesiones en un momento, adem\u00e1s, en el que los imperios coloniales empezaban a descomponerse, relata la investigadora.<\/p>\n<p class=\"mce\" style=\"text-align: justify;\">Hubo tres delegadas procedentes de pa\u00edses no occidentales que dejaron una huella decisiva en el texto, de acuerdo con Adami: Hansa Mehta, de India, Minerva Bernardino, de Rep\u00fablica Dominicana, y Shaista Ikramullah, de Pakist\u00e1n. A ellas se unieron\u00a0la danesa Bodil Begtrup, la francesa Marie-H\u00e9l\u00e8ne Lefaucheux, la bielorrusa Evdokia Uralova y la tambi\u00e9n india Lakshmi Menon,\u00a0<a class=\"mce\" href=\"http:\/\/www.un.org\/es\/events\/humanrightsday\/women-who-shaped-the-universal-declaration.shtml\"> seg\u00fan ha recordado Naciones Unidas en la conmemoraci\u00f3n del hist\u00f3rico texto.\u00a0<\/a><\/p>\n<h3 style=\"text-align: justify;\">Hansa Mehta<\/h3>\n<div class=\"inset cf width643\" style=\"text-align: justify;\">\n<figure class=\"media-holder\">\n<div class=\"mg \"><img data-recalc-dims=\"1\" loading=\"lazy\" decoding=\"async\" src=\"https:\/\/i0.wp.com\/www.eldiario.es\/fotos\/HANSA-MEHTA-Guatemala-Derechos-Naciones_EDIIMA20181210_0806_20.jpg?resize=640%2C456&#038;ssl=1\" alt=\"HANSA MEHTA, de la India (a la izquierda), con Carlos Garc\u00eda Bauer, representante de Guatemala, antes de una sesi\u00f3n de la Comisi\u00f3n de Derechos Humanos de las Naciones Unidas, en Lake Success (Nueva York), en junio de 1949. \" width=\"640\" height=\"456\" \/><\/div><figcaption class=\"caption-inside\">Hansa Mehta, de India (a la izquierda), con Carlos Garc\u00eda Bauer, representante de Guatemala, antes de una sesi\u00f3n de la Comisi\u00f3n de Derechos Humanos de las Naciones Unidas, en Lake Success (Nueva York), en junio de 1949. <span class=\"font\">ONU\/Marvin Bolotsky.<\/span><\/p>\n<\/figcaption><\/figure>\n<\/div>\n<p class=\"mce\" style=\"text-align: justify;\">La activista feminista y pol\u00edtica Hansa Mehta se sentaba junto a Roosevelt en la Comisi\u00f3n de Derechos Humanos de Naciones Unidas en 1948 sobre la que recay\u00f3 la tarea de redactar el texto. Eran las dos \u00fanicas mujeres delegadas de los 18 miembros que compon\u00edan el \u00f3rgano. Mehta, trabajadora social, educadora e incansable defensora de los derechos de las mujeres en India, defendi\u00f3 que el texto incorporara en su redacci\u00f3n el lenguaje inclusivo. A ella se le atribuye el m\u00e9rito de lograr que se cambiara, en el primer art\u00edculo, la frase \u00abTodos los hombres nacen libres e iguales\u00bb a \u00abTodos los seres humanos nacen libres e iguales\u00bb.<\/p>\n<p class=\"mce\" style=\"text-align: justify;\">\u00abDir\u00eda que su legado permanente fue su dedicaci\u00f3n a la idea de que la igualdad de los sexos no era un asunto negociable\u00bb, asegura Priya Ravichandran, analista de pol\u00edticas de Bangalore, en declaraciones recogidas\u00a0en el portal de noticias de la ONU.\u00a0\u00abCada uno de sus actos proced\u00eda de esa convicci\u00f3n. Su trabajo en Naciones Unidas, dentro de India en el sector de la educaci\u00f3n, como miembro del consejo legislativo, en la Asamblea Constituyente o como primera dama de Gujarat, se originaron todos en la misma inquietud\u00bb, agrega.<\/p>\n<h3 style=\"text-align: justify;\">Minerva Bernardino<\/h3>\n<div class=\"inset cf width643\" style=\"text-align: justify;\">\n<figure class=\"media-holder\">\n<div class=\"mg \"><img data-recalc-dims=\"1\" loading=\"lazy\" decoding=\"async\" src=\"https:\/\/i0.wp.com\/www.eldiario.es\/fotos\/Republica-Dominicana-Subcomision-Condicion-Derechos_EDIIMA20181210_0816_20.jpg?resize=640%2C424&#038;ssl=1\" alt=\"Minerva Bernardino, de la Rep\u00fablica Dominicana, con Yizhen New, de China, integrantes de la Subcomisi\u00f3n de la Condici\u00f3n Jur\u00eddica y Social de la Mujer de la Comisi\u00f3n de Derechos Humanos, en Nueva York, en abril de 1946.\" width=\"640\" height=\"424\" \/><\/div><figcaption class=\"caption-inside\">Minerva Bernardino, de la Rep\u00fablica Dominicana, con Yizhen New, de China, integrantes de la Subcomisi\u00f3n de la Condici\u00f3n Jur\u00eddica y Social de la Mujer de la Comisi\u00f3n de Derechos Humanos, en Nueva York, en abril de 1946. <span class=\"font\">ONU<\/span><\/p>\n<\/figcaption><\/figure>\n<\/div>\n<p class=\"mce\" style=\"text-align: justify;\">En 1948, la diplom\u00e1tica y l\u00edder feminista dominicana Minerva Bernardino llevaba a\u00f1os implicada en la defensa de los derechos de las mujeres en Am\u00e9rica Latina y el Caribe. Su huella principal en la declaraci\u00f3n fue promover que se incluyera la\u00a0f\u00f3rmula \u00abigualdad de hombres y mujeres\u00bb en el pre\u00e1mbulo del documento. Pero en su legado tambi\u00e9n est\u00e1 haber sido una de las responsables de la creaci\u00f3n de la Comisi\u00f3n de la Condici\u00f3n Jur\u00eddica y Social de la Mujer de las Naciones Unidas e incluir, junto a otras compa\u00f1eras latinoamericanas, la no discriminaci\u00f3n por raz\u00f3n de sexo en la carta\u00a0de la fundaci\u00f3n de las Naciones Unidas de 1945.<\/p>\n<h3 style=\"text-align: justify;\">Begum Shaista Ikramullah<\/h3>\n<div class=\"inset cf width643\" style=\"text-align: justify;\">\n<figure class=\"media-holder\">\n<div class=\"mg \"><img data-recalc-dims=\"1\" loading=\"lazy\" decoding=\"async\" src=\"https:\/\/i0.wp.com\/www.eldiario.es\/fotos\/Ikramullah-Pakistan-Comision-Naciones-Asamblea_EDIIMA20181210_0818_20.jpg?resize=640%2C545&#038;ssl=1\" alt=\"Segum Shaista Ikramullah, , delegada del Pakist\u00e1n ante la Tercera Comisi\u00f3n de las Naciones Unidas. En la fotograf\u00eda, se encuentra en el Sal\u00f3n de la Asamblea General, en Nueva York, en diciembre de 1956. \" width=\"640\" height=\"545\" \/><\/div><figcaption class=\"caption-inside\">Segum Shaista Ikramullah, delegada dE Pakist\u00e1n ante la Tercera Comisi\u00f3n de las Naciones Unidas. En la fotograf\u00eda, se encuentra en el Sal\u00f3n de la Asamblea General, en Nueva York, en diciembre de 1956. <span class=\"font\">ONU<\/span><\/p>\n<\/figcaption><\/figure>\n<\/div>\n<p class=\"mce\" style=\"text-align: justify;\">La pol\u00edtica y diplom\u00e1tica Begum Shaista Ikramullah, de Pakist\u00e1n, estuvo examinando el proyecto de declaraci\u00f3n en m\u00e1s de 80 reuniones. Era delegada de la Comisi\u00f3n de Asuntos Sociales, Humanitarios y Culturales de la Asamblea General,\u00a0que tambi\u00e9n influy\u00f3 en el contenido de la declaraci\u00f3n,\u00a0y una de las dos mujeres que formaron parte del primer parlamento tras la independencia de su pa\u00eds.<\/p>\n<p class=\"mce\" style=\"text-align: justify;\">Ikramullah, de f\u00e9rreas convicciones pol\u00edticas y sociales, defendi\u00f3 que se incorporaran art\u00edculos y expresiones para hacer hincapi\u00e9 en la libertad, la igualdad y el derecho a elegir en la declaraci\u00f3n universal. Adem\u00e1s, defendi\u00f3 que se incluyera el art\u00edculo 16 sobre la igualdad de derechos en el matrimonio, ya que lo consideraba una forma de combatir el matrimonio infantil y forzado.<\/p>\n<h3 style=\"text-align: justify;\">Lakshmi Menon<\/h3>\n<div class=\"inset cf width643\" style=\"text-align: justify;\">\n<figure class=\"media-holder\">\n<div class=\"mg \"><img data-recalc-dims=\"1\" loading=\"lazy\" decoding=\"async\" src=\"https:\/\/i0.wp.com\/www.eldiario.es\/fotos\/Chaillot-Asamblea-Declaracion-Universal-Derechos_EDIIMA20181210_0821_20.jpg?resize=640%2C429&#038;ssl=1\" alt=\"En Palais de Chaillot, la india Lakshmi Menon se dirige a la Asamblea General antes de la aprobaci\u00f3n de la Declaraci\u00f3n Universal de Derechos Humanos, en Par\u00eds (Francia), el 9 de diciembre de 1948.\" width=\"640\" height=\"429\" \/><\/div><figcaption class=\"caption-inside\">En Palais de Chaillot, la india Lakshmi Menon se dirige a la Asamblea General antes de la aprobaci\u00f3n de la Declaraci\u00f3n Universal de Derechos Humanos, en Par\u00eds (Francia), el 9 de diciembre de 1948. <span class=\"font\">ONU\/MB<\/span><\/p>\n<\/figcaption><\/figure>\n<\/div>\n<p class=\"mce\" style=\"text-align: justify;\">La pol\u00edtica Lakshmi Menon, de India, tambi\u00e9n era representante ante la denominada Tercera Comisi\u00f3n de la Asamblea General en 1948. Defendi\u00f3 con contundencia la menci\u00f3n de &#8216;la igualdad de derechos de hombres y mujeres&#8217; en el pre\u00e1mbulo as\u00ed como la \u00abuniversalidad\u00bb de los derechos humanos.<\/p>\n<p class=\"mce\" style=\"text-align: justify;\">\u00abSosten\u00eda que, si las mujeres y las personas sometidas a dominaci\u00f3n colonial no se mencionaban\u00a0de manera expresa en la Declaraci\u00f3n Universal, no se considerar\u00edan representadas en la expresi\u00f3n &#8216;toda persona\u00bb, recoge el sitio web de Naciones Unidas dedicado al 70\u00ba aniversario de la declaraci\u00f3n.<\/p>\n<h3 style=\"text-align: justify;\">Bodil Begtrup<\/h3>\n<div class=\"inset cf width643\" style=\"text-align: justify;\">\n<figure class=\"media-holder\">\n<div class=\"mg \"><img data-recalc-dims=\"1\" loading=\"lazy\" decoding=\"async\" src=\"https:\/\/i0.wp.com\/www.eldiario.es\/fotos\/Dinamarca-Dorothy-Comision-Condicion-Juridica_EDIIMA20181210_0823_20.jpg?resize=640%2C505&#038;ssl=1\" alt=\"Bodil Begtrup, de Dinamarca (a la izquierda), con Dorothy Kenyon, de los Estados Unidos de Am\u00e9rica, antes de la apertura del segundo per\u00edodo de sesiones de la Comisi\u00f3n de la Condici\u00f3n Jur\u00eddica y Social de la Mujer, en Lake Success (Nueva York), en enero de 1948. \" width=\"640\" height=\"505\" \/><\/div><figcaption class=\"caption-inside\">Bodil Begtrup, de Dinamarca (a la izquierda), con Dorothy Kenyon, de los Estados Unidos de Am\u00e9rica, antes de la apertura del segundo per\u00edodo de sesiones de la Comisi\u00f3n de la Condici\u00f3n Jur\u00eddica y Social de la Mujer, en Lake Success (Nueva York), en enero de 1948. <span class=\"font\">ONU\/Kari Berggrav<\/span><\/p>\n<\/figcaption><\/figure>\n<\/div>\n<p class=\"mce\" style=\"text-align: justify;\">La activista feminista y diplom\u00e1tica Bodil Begtrup, de Dinamarca, tambi\u00e9n hizo hincapi\u00e9 en el lenguaje para no olvidar a la mitad de la poblaci\u00f3n del planeta. Fue una de las defensoras de la idea de que la declaraci\u00f3n universal se refiriese a los titulares de los derechos como \u00abtodos\u00bb o \u00abtoda persona\u00bb, en lugar de usar la f\u00f3rmula \u00abtodos los hombres\u00bb. Tambi\u00e9n propuso que se incluyeran los derechos de las minor\u00edas.<\/p>\n<h3 style=\"text-align: justify;\">Marie-H\u00e9l\u00e8ne Lefaucheux<\/h3>\n<div class=\"inset cf width643\" style=\"text-align: justify;\">\n<figure class=\"media-holder\">\n<div class=\"mg \"><img data-recalc-dims=\"1\" loading=\"lazy\" decoding=\"async\" src=\"https:\/\/i0.wp.com\/www.eldiario.es\/fotos\/Marie-Helene-Naciones-Unidas-Subcomision-Discriminaciones_EDIIMA20181210_0835_20.jpg?resize=640%2C424&#038;ssl=1\" alt=\"Marie-Helene Lefaucheux, de Francia, representante de la Comisi\u00f3n de la Condici\u00f3n Jur\u00eddica y Social de la Mujer de las Naciones Unidas, fotografiada en su escritorio de la sala de conferencias al final de la reuni\u00f3n de la Subcomisi\u00f3n de Prevenci\u00f3n de Discriminaciones y Protecci\u00f3n a las Minor\u00edas de las Naciones Unidas. 11 de enero de 1962 Naciones Unidas, Nueva York .\" width=\"640\" height=\"424\" \/><\/div><figcaption class=\"caption-inside\">Marie-Helene Lefaucheux, de Francia, representante de la Comisi\u00f3n de la Condici\u00f3n Jur\u00eddica y Social de la Mujer de las Naciones Unidas, fotografiada en su escritorio de la sala de conferencias al final de la reuni\u00f3n de la Subcomisi\u00f3n de Prevenci\u00f3n de Discriminaciones y Protecci\u00f3n a las Minor\u00edas de las Naciones Unidas. 11 de enero de 1962 Naciones Unidas, Nueva York . <span class=\"font\">ONU<\/span><\/p>\n<\/figcaption><\/figure>\n<\/div>\n<p class=\"mce\" style=\"text-align: justify;\">\u00abToda persona tiene todos los derechos y libertades proclamados en esta Declaraci\u00f3n, sin distinci\u00f3n alguna de raza, color, sexo, idioma, religi\u00f3n, opini\u00f3n pol\u00edtica o de cualquier otra \u00edndole, origen nacional o social, posici\u00f3n econ\u00f3mica, nacimiento o cualquier otra condici\u00f3n\u00bb. Detr\u00e1s de la menci\u00f3n a la no discriminaci\u00f3n por raz\u00f3n de sexo en el texto final estuvo la activista francesa Marie-H\u00e9l\u00e8ne Lefaucheux, que en 1948 ocupaba el cargo de Presidenta de la Comisi\u00f3n de la Condici\u00f3n Jur\u00eddica y Social de la Mujer.<\/p>\n<h3 style=\"text-align: justify;\">Evdokia Uralova<\/h3>\n<div class=\"inset cf width643\" style=\"text-align: justify;\">\n<figure class=\"media-holder\">\n<div class=\"mg \"><img data-recalc-dims=\"1\" loading=\"lazy\" decoding=\"async\" src=\"https:\/\/i0.wp.com\/www.eldiario.es\/fotos\/Condicion-representante-EI-RSS-Bielorrusia_EDIIMA20181210_0842_20.jpg?resize=640%2C476&#038;ssl=1\" alt=\"Antes de la primera reuni\u00f3n de la segunda sesi\u00f3n de la Comisi\u00f3n de la Condici\u00f3n Jur\u00eddica y Social de la Mujer, Cecilia Zung (izquierda), nueva representante de China, y E.I. Uralova, representante de la RSS de Bielorrusia.\" width=\"640\" height=\"476\" \/><\/div><figcaption class=\"caption-inside\">Evdokia Uralova, a la derecha, representante de la RSS de Bielorrusia, antes de la primera reuni\u00f3n de la segunda sesi\u00f3n de la Comisi\u00f3n de la Condici\u00f3n Jur\u00eddica y Social de la Mujer, junto a Cecilia Zung (izquierda), nueva representante de China. <span class=\"font\">ONU<\/span><\/p>\n<\/figcaption><\/figure>\n<\/div>\n<p class=\"mce\" style=\"text-align: justify;\">Si uno de los art\u00edculos de la declaraci\u00f3n universal, el n\u00famero 23,\u00a0menciona el derecho a igual salario por trabajo igual se debe, en gran medida,\u00a0a la decidida defensa de Evdokia Uralova, de la Rep\u00fablica Socialista Sovi\u00e9tica de Bielorrusia, que en 1947 fue relatora de la Comisi\u00f3n de la Condici\u00f3n Jur\u00eddica y Social de la Mujer.<\/p>\n<p><small class=\"byline\"><a class=\"lnk\" title=\"Desalambre \" href=\"https:\/\/www.eldiario.es\/autores\/desalambre\/\">Desalambre <\/a><\/small> <a class=\"twitter-follow-button\" href=\"https:\/\/twitter.com\/@desalambre\" data-show-count=\"false\">Follow @@desalambre<\/a><\/p>\n<\/div>\n<p><a href=\"https:\/\/www.eldiario.es\/desalambre\/humanos-iguales-declaracion-universal-derechos_0_844816206.html\">https:\/\/www.eldiario.es\/desalambre\/humanos-iguales-declaracion-universal-derechos_0_844816206.html<\/a><\/p>\n<p>FOTO: Fryderyka Kalinowski (Polonia), Bodgil Begtrup (Dinamarca), Minerva Bernardino (Rep\u00fablica Dominicana) y Hansa Mehta (India), delegadas de la Subcomisi\u00f3n de la Condici\u00f3n Jur\u00eddica y Social de la Mujer, mayo de 1946 en Nueva York. <span class=\"font\">United Nations (Hunter College), New York<\/span><\/p>\n<\/div>\n<\/article>\n<\/div>\n<\/div>\n<\/div>\n<\/div>\n<\/div>\n<\/div>\n<\/div>\n<\/div>\n<\/div>\n<\/div>\n<\/div>\n","protected":false},"excerpt":{"rendered":"<p>El m\u00e9rito del cambio de \u00abhombres\u00bb por \u00abseres humanos\u00bb en el texto de la declaraci\u00f3n&#8230;<\/p>\n","protected":false},"author":1,"featured_media":0,"comment_status":"closed","ping_status":"closed","sticky":false,"template":"","format":"standard","meta":{"_coblocks_attr":"","_coblocks_dimensions":"","_coblocks_responsive_height":"","_coblocks_accordion_ie_support":"","jetpack_post_was_ever_published":false,"_jetpack_newsletter_access":"","_jetpack_dont_email_post_to_subs":false,"_jetpack_newsletter_tier_id":0,"_jetpack_memberships_contains_paywalled_content":false,"_jetpack_memberships_contains_paid_content":false,"footnotes":"","jetpack_publicize_message":"","jetpack_publicize_feature_enabled":true,"jetpack_social_post_already_shared":false,"jetpack_social_options":{"image_generator_settings":{"template":"highway","default_image_id":0,"enabled":false},"version":2}},"categories":[1161,14,186,9,44,15],"tags":[293,19],"class_list":["post-27795","post","type-post","status-publish","format-standard","hentry","category-ciudadania","category-feminismo","category-instituciones","category-medio-ambiente","category-noticias-de-hoy","category-ultimas-noticias","tag-derechos-humanos","tag-mujeres"],"jetpack_publicize_connections":[],"jetpack_featured_media_url":"","jetpack_likes_enabled":true,"jetpack_sharing_enabled":true,"_links":{"self":[{"href":"https:\/\/miradordeatarfe.es\/index.php?rest_route=\/wp\/v2\/posts\/27795","targetHints":{"allow":["GET"]}}],"collection":[{"href":"https:\/\/miradordeatarfe.es\/index.php?rest_route=\/wp\/v2\/posts"}],"about":[{"href":"https:\/\/miradordeatarfe.es\/index.php?rest_route=\/wp\/v2\/types\/post"}],"author":[{"embeddable":true,"href":"https:\/\/miradordeatarfe.es\/index.php?rest_route=\/wp\/v2\/users\/1"}],"replies":[{"embeddable":true,"href":"https:\/\/miradordeatarfe.es\/index.php?rest_route=%2Fwp%2Fv2%2Fcomments&post=27795"}],"version-history":[{"count":1,"href":"https:\/\/miradordeatarfe.es\/index.php?rest_route=\/wp\/v2\/posts\/27795\/revisions"}],"predecessor-version":[{"id":27796,"href":"https:\/\/miradordeatarfe.es\/index.php?rest_route=\/wp\/v2\/posts\/27795\/revisions\/27796"}],"wp:attachment":[{"href":"https:\/\/miradordeatarfe.es\/index.php?rest_route=%2Fwp%2Fv2%2Fmedia&parent=27795"}],"wp:term":[{"taxonomy":"category","embeddable":true,"href":"https:\/\/miradordeatarfe.es\/index.php?rest_route=%2Fwp%2Fv2%2Fcategories&post=27795"},{"taxonomy":"post_tag","embeddable":true,"href":"https:\/\/miradordeatarfe.es\/index.php?rest_route=%2Fwp%2Fv2%2Ftags&post=27795"}],"curies":[{"name":"wp","href":"https:\/\/api.w.org\/{rel}","templated":true}]}}