{"id":27808,"date":"2018-12-20T10:58:21","date_gmt":"2018-12-20T09:58:21","guid":{"rendered":"http:\/\/miradordeatarfe.es\/?p=27808"},"modified":"2018-12-19T14:05:19","modified_gmt":"2018-12-19T13:05:19","slug":"atarfe-mercadillosolidario-de-la-asociacion-espanola-contra-el-cancer","status":"publish","type":"post","link":"https:\/\/miradordeatarfe.es\/?p=27808","title":{"rendered":"ATARFE: MERCADILLOSOLIDARIO DE LA ASOCIACI\u00d3N ESPA\u00d1OLA CONTRA EL CANCER"},"content":{"rendered":"<div class=\"m_-1248218553190508341pre\">La agrupaci\u00f3n local de la <strong>Asociaci\u00f3n Espa\u00f1ola contra el C\u00e1ncer<\/strong> inaugur\u00f3\u00a0 en el Centro Cultural medina Elvira un <strong>mercadillo solidario<\/strong> con el objetivo de recaudar fondos para la lucha contra la enfermedad.<\/div>\n<p><!--more--><\/p>\n<div class=\"m_-1248218553190508341pre\">Dicho mercadillo, que se instala por segundo a\u00f1o consecutivo,\u00a0permanecer\u00e1 abierto <strong>hasta el pr\u00f3ximo 15 de enero<\/strong> en el horario de ma\u00f1ana y tarde\u00a0del centro Cultural Medina Elvira.<\/div>\n<div class=\"m_-1248218553190508341pre\"><\/div>\n<div class=\"m_-1248218553190508341pre\">Se puede adquirir a precios econ\u00f3micos ropa, complementos, juguetes, CD de m\u00fasica, objetos realizados por los socios de la agrupaci\u00f3n local de Atarfe y muchas m\u00e1s cosas con las que ayudar a financiar la investigaci\u00f3n.<\/div>\n<div class=\"m_-1248218553190508341pre\"><\/div>\n<div class=\"m_-1248218553190508341pre\">\u00a1Difunde y colabora!<\/div>\n<div class=\"m_-1248218553190508341pre\"><\/div>\n<div class=\"m_-1248218553190508341pre\">Departamento de Comunicaci\u00f3n del Ayuntamiento de Atarfe<\/div>\n","protected":false},"excerpt":{"rendered":"<p>La agrupaci\u00f3n local de la Asociaci\u00f3n Espa\u00f1ola contra el C\u00e1ncer inaugur\u00f3\u00a0 en el Centro Cultural&#8230;<\/p>\n","protected":false},"author":1,"featured_media":27809,"comment_status":"closed","ping_status":"closed","sticky":false,"template":"","format":"standard","meta":{"_coblocks_attr":"","_coblocks_dimensions":"","_coblocks_responsive_height":"","_coblocks_accordion_ie_support":"","jetpack_post_was_ever_published":false,"_jetpack_newsletter_access":"","_jetpack_dont_email_post_to_subs":false,"_jetpack_newsletter_tier_id":0,"_jetpack_memberships_contains_paywalled_content":false,"_jetpack_memberships_contains_paid_content":false,"footnotes":"","jetpack_publicize_message":"","jetpack_publicize_feature_enabled":true,"jetpack_social_post_already_shared":false,"jetpack_social_options":{"image_generator_settings":{"template":"highway","default_image_id":0,"enabled":false},"version":2}},"categories":[2,44,15,10],"tags":[277,407,5570,1751],"class_list":["post-27808","post","type-post","status-publish","format-standard","has-post-thumbnail","hentry","category-atarfe","category-noticias-de-hoy","category-ultimas-noticias","category-salud","tag-cancer","tag-investigacion","tag-mercadillo","tag-voluntariado"],"jetpack_publicize_connections":[],"jetpack_featured_media_url":"https:\/\/i0.wp.com\/miradordeatarfe.es\/wp-content\/uploads\/2018\/12\/mercadillo-1.jpg?fit=1600%2C898&ssl=1","jetpack_likes_enabled":true,"jetpack_sharing_enabled":true,"_links":{"self":[{"href":"https:\/\/miradordeatarfe.es\/index.php?rest_route=\/wp\/v2\/posts\/27808","targetHints":{"allow":["GET"]}}],"collection":[{"href":"https:\/\/miradordeatarfe.es\/index.php?rest_route=\/wp\/v2\/posts"}],"about":[{"href":"https:\/\/miradordeatarfe.es\/index.php?rest_route=\/wp\/v2\/types\/post"}],"author":[{"embeddable":true,"href":"https:\/\/miradordeatarfe.es\/index.php?rest_route=\/wp\/v2\/users\/1"}],"replies":[{"embeddable":true,"href":"https:\/\/miradordeatarfe.es\/index.php?rest_route=%2Fwp%2Fv2%2Fcomments&post=27808"}],"version-history":[{"count":1,"href":"https:\/\/miradordeatarfe.es\/index.php?rest_route=\/wp\/v2\/posts\/27808\/revisions"}],"predecessor-version":[{"id":27810,"href":"https:\/\/miradordeatarfe.es\/index.php?rest_route=\/wp\/v2\/posts\/27808\/revisions\/27810"}],"wp:featuredmedia":[{"embeddable":true,"href":"https:\/\/miradordeatarfe.es\/index.php?rest_route=\/wp\/v2\/media\/27809"}],"wp:attachment":[{"href":"https:\/\/miradordeatarfe.es\/index.php?rest_route=%2Fwp%2Fv2%2Fmedia&parent=27808"}],"wp:term":[{"taxonomy":"category","embeddable":true,"href":"https:\/\/miradordeatarfe.es\/index.php?rest_route=%2Fwp%2Fv2%2Fcategories&post=27808"},{"taxonomy":"post_tag","embeddable":true,"href":"https:\/\/miradordeatarfe.es\/index.php?rest_route=%2Fwp%2Fv2%2Ftags&post=27808"}],"curies":[{"name":"wp","href":"https:\/\/api.w.org\/{rel}","templated":true}]}}