{"id":27828,"date":"2018-12-28T08:50:29","date_gmt":"2018-12-28T07:50:29","guid":{"rendered":"http:\/\/miradordeatarfe.es\/?p=27828"},"modified":"2018-12-22T16:12:40","modified_gmt":"2018-12-22T15:12:40","slug":"el-45-de-los-espectadores-usa-otro-dispositivo-movil-mientras-mira-la-television","status":"publish","type":"post","link":"https:\/\/miradordeatarfe.es\/?p=27828","title":{"rendered":"El 45% de los espectadores usa otro dispositivo m\u00f3vil mientras mira la televisi\u00f3n"},"content":{"rendered":"<p class=\"articulo-subtitulo\" style=\"text-align: justify;\">El 71% busca informaci\u00f3n complementaria mientras un tercio compra lo que ve o comparte opiniones en redes y plataformas de mensajer\u00eda<!--more--><\/p>\n<div id=\"cuerpo_noticia\" class=\"articulo-cuerpo\">\n<p style=\"text-align: justify;\">El avance de las plataformas digitales en dispositivos m\u00f3viles, como tel\u00e9fonos y tabletas, as\u00ed como el uso masivo de redes sociales han modificado la forma en la que los espectadores ven la televisi\u00f3n. El \u00faltimo estudio de <a href=\"https:\/\/www.nielsen.com\/us\/en\/insights\/reports\/2018\/q2-2018-total-audience-report.html\">Nielsen,<\/a> <a href=\"https:\/\/www.nielsen.com\/us\/en\/insights\/reports\/2018\/q2-2018-total-audience-report.html\"><em>Total audience report<\/em><\/a>, muestra que los adultos de Estados Unidos utilizaron las pantallas a lo largo del \u00faltimo cuatrimestre m\u00e1s de 10 horas al d\u00eda, un tiempo que solo se explica si se tiene en cuenta el uso simult\u00e1neo. El 45% ve la televisi\u00f3n \u201cmuy a menudo\u201d o \u201csiempre\u201d mientras consulta otras plataformas digitales. Un 30% lo hizo \u201calguna vez\u201d y solo un 12% declar\u00f3, seg\u00fan el estudio, no utilizar nunca m\u00e1s de una pantalla. La misma tendencia se produce en Espa\u00f1a.<\/p>\n<p style=\"text-align: justify;\">Este comportamiento de recurrir a fuentes de informaci\u00f3n, ocio o relaciones de forma simult\u00e1nea es totalmente diferente cuando se escucha la radio. En este \u00faltimo caso, la encuesta de Nielsen refleja que solo el 6% afirma seguir un programa con otro dispositivo audiovisual en la mano.<\/p>\n<p style=\"text-align: justify;\">El estudio tambi\u00e9n analiza para qu\u00e9 se utilizan los m\u00f3viles y las tabletas mientras se ve la televisi\u00f3n. El 71% afirma haber consultado informaci\u00f3n relacionada con el contenido que est\u00e1 viendo en televisi\u00f3n.<\/p>\n<p style=\"text-align: justify;\">Pero la faceta comercial, la que m\u00e1s inter\u00e9s despierta entre los anunciantes, refleja que el 35% de los espectadores (y tambi\u00e9n el 25% de los oyentes de radio) reconocen haber comprado productos y servicios anunciados mientras ve\u00edan la televisi\u00f3n o escuchan la radio.<\/p>\n<section id=\"sumario_1|foto\" class=\"sumario_foto izquierda\"><a name=\"sumario_1\"><\/a><\/p>\n<div class=\"sumario__interior\">\n<figure class=\"foto foto_w360\"><img data-recalc-dims=\"1\" loading=\"lazy\" decoding=\"async\" src=\"https:\/\/i0.wp.com\/ep01.epimg.net\/tecnologia\/imagenes\/2018\/12\/13\/actualidad\/1544720293_311249_1544721844_sumario_normal.jpg?resize=360%2C249&#038;ssl=1\" srcset=\"\/\/ep01.epimg.net\/tecnologia\/imagenes\/2018\/12\/13\/actualidad\/1544720293_311249_1544721844_sumario_normal_recorte1.jpg 720w, \/\/ep01.epimg.net\/tecnologia\/imagenes\/2018\/12\/13\/actualidad\/1544720293_311249_1544721844_sumario_normal.jpg 360w\" alt=\"El 45% de los espectadores usa otro dispositivo m\u00f3vil mientras mira la televisi\u00f3n\" width=\"360\" height=\"249\" \/><\/figure>\n<div class=\"sumario-texto\"><\/div>\n<\/div>\n<\/section>\n<p style=\"text-align: justify;\">Entre un 28% y un 41% tambi\u00e9n afirman haber enviado, escrito o le\u00eddo un correo o un texto tanto en plataformas de mensajer\u00eda como en redes sociales sobre el contenido que en esos momentos visualizan.<\/p>\n<p style=\"text-align: justify;\">Estos <strong>comportamientos no son uniformes <\/strong>a lo largo del d\u00eda. El considerado horario de m\u00e1xima audiencia sigue siendo el que m\u00e1s espectadores acapara y tambi\u00e9n el que m\u00e1s usuarios simult\u00e1neos de plataformas. La radio sigue captando la mayor parte de su audiencia en horas de trabajo.<\/p>\n<p style=\"text-align: justify;\">El uso de dispositivos digitales sigue manteniendo una enorme franja de uso estable y continuado entre las nueve de la ma\u00f1ana y de la noche y empieza a experimentar un incremento a partir de las cinco de la madrugada frente a la televisi\u00f3n y la radio.<\/p>\n<h3 style=\"text-align: justify;\">Compras<\/h3>\n<p style=\"text-align: justify;\"><strong>Las empresas de Internet y de televisi\u00f3<\/strong>n se acomodan a estos nuevos comportamientos. Muchas compa\u00f1\u00edas, desde gigantes como Amazon, a empresas espa\u00f1olas de televisi\u00f3n, han desarrollado aplicaciones para adquirir lo que se ve en televisi\u00f3n con un solo clic sobre la pantalla de las televisiones inteligentes o sobre los dispositivos m\u00f3viles. En uno de los programas de la nueva edici\u00f3n de <em>MasterChef Junior<\/em>. los aspirantes no entrar\u00e1n en el supermercado para hacer la compra, ya que lo har\u00e1n por internet a trav\u00e9s de la aplicaci\u00f3n del supermercado de El Corte Ingl\u00e9s.<\/p>\n<p style=\"text-align: justify;\">Pero, teniendo en cuenta la tendencia del espectador (71%) a aumentar la informaci\u00f3n sobre lo que ve, la mayor\u00eda de cadenas han desarrollado aplicaciones paralelas para enganchar al usuario en todas las pantallas.<\/p>\n<section id=\"sumario_2|foto\" class=\"sumario_foto centro\"><a name=\"sumario_2\"><\/a><\/p>\n<div class=\"sumario__interior\">\n<figure class=\"foto foto_w980\"><img data-recalc-dims=\"1\" loading=\"lazy\" decoding=\"async\" src=\"https:\/\/i0.wp.com\/ep01.epimg.net\/tecnologia\/imagenes\/2018\/12\/13\/actualidad\/1544720293_311249_1544721979_sumario_normal.jpg?resize=640%2C236&#038;ssl=1\" srcset=\"\/\/ep01.epimg.net\/tecnologia\/imagenes\/2018\/12\/13\/actualidad\/1544720293_311249_1544721979_sumario_normal_recorte1.jpg 1960w, \/\/ep01.epimg.net\/tecnologia\/imagenes\/2018\/12\/13\/actualidad\/1544720293_311249_1544721979_sumario_normal_recorte2.jpg 720w, \/\/ep01.epimg.net\/tecnologia\/imagenes\/2018\/12\/13\/actualidad\/1544720293_311249_1544721979_sumario_normal.jpg 980w\" alt=\"Producci\u00f3n interactiva sobre el Teatro Real de Madrid en lab.rtve.es\" width=\"640\" height=\"236\" \/><figcaption class=\"foto-pie\"><span class=\"foto-texto\">Producci\u00f3n interactiva sobre el Teatro Real de Madrid en lab.rtve.es<\/span><\/figcaption><\/figure>\n<div class=\"sumario-texto\"><\/div>\n<\/div>\n<\/section>\n<p style=\"text-align: justify;\">En este sentido, <a href=\"http:\/\/www.rtve.es\/rtve\/20181010\/lab-laboratorio-innovacion-tres-premios-lovie-award-2018-sin-huella-ecologica-alento-danza-bronce-publico-mencion-honor\/1801546.shtml\">RTVE es una de las televisiones europeas de referencia en Internet<\/a> junto con la BBC. Ya no se trata solo de la televisi\u00f3n a la carta, que permite a los espectadores acceder a series del archivo hist\u00f3rico en Internet y documentales. La cadena espa\u00f1ola fue la primera en la retransmisi\u00f3n de los Juegos Ol\u00edmpicos y los Premios Goya multipantalla, desarroll\u00f3 el Bot\u00f3n Rojo para las televisiones inteligentes e implant\u00f3 +TVE, una aplicaci\u00f3n pionera de segunda pantalla.<\/p>\n<div class=\"autor\" style=\"text-align: justify;\">\n<div class=\"autor-texto\">\n<p><span class=\"autor-nombre\"> <a title=\"Ver todas las noticias de Ra\u00fal Lim\u00f3n\" href=\"https:\/\/elpais.com\/autor\/raul_limon\/a\/\">Ra\u00fal Lim\u00f3n<\/a> <\/span><\/p>\n<div class=\"autor-perfiles\">\n<ul class=\"autor-perfiles-listado\">\n<li><a class=\"boton_twitter\" href=\"http:\/\/twitter.com\/#!\/rlimong\" target=\"_blank\" rel=\"nofollow noopener\">Twitter<\/a><\/li>\n<\/ul>\n<\/div>\n<\/div>\n<\/div>\n<p style=\"text-align: justify;\">FOTO:<span class=\"foto-texto\">Una joven consulta la tableta con facilidades para compartir contenidos mientras ve la televisi\u00f3n.<\/span><\/p>\n<p style=\"text-align: justify;\"><a href=\"https:\/\/elpais.com\/tecnologia\/2018\/12\/13\/actualidad\/1544720293_311249.html\">https:\/\/elpais.com\/tecnologia\/2018\/12\/13\/actualidad\/1544720293_311249.html<\/a><\/p>\n<\/div>\n","protected":false},"excerpt":{"rendered":"<p>El 71% busca informaci\u00f3n complementaria mientras un tercio compra lo que ve o comparte opiniones&#8230;<\/p>\n","protected":false},"author":1,"featured_media":0,"comment_status":"closed","ping_status":"closed","sticky":false,"template":"","format":"standard","meta":{"_coblocks_attr":"","_coblocks_dimensions":"","_coblocks_responsive_height":"","_coblocks_accordion_ie_support":"","jetpack_post_was_ever_published":false,"_jetpack_newsletter_access":"","_jetpack_dont_email_post_to_subs":false,"_jetpack_newsletter_tier_id":0,"_jetpack_memberships_contains_paywalled_content":false,"_jetpack_memberships_contains_paid_content":false,"footnotes":"","jetpack_publicize_message":"","jetpack_publicize_feature_enabled":true,"jetpack_social_post_already_shared":false,"jetpack_social_options":{"image_generator_settings":{"template":"highway","default_image_id":0,"enabled":false},"version":2}},"categories":[1161,9,44,15],"tags":[709,35,2066],"class_list":["post-27828","post","type-post","status-publish","format-standard","hentry","category-ciudadania","category-medio-ambiente","category-noticias-de-hoy","category-ultimas-noticias","tag-nuevas-tecnologias","tag-tecnologia","tag-television"],"jetpack_publicize_connections":[],"jetpack_featured_media_url":"","jetpack_likes_enabled":true,"jetpack_sharing_enabled":true,"_links":{"self":[{"href":"https:\/\/miradordeatarfe.es\/index.php?rest_route=\/wp\/v2\/posts\/27828","targetHints":{"allow":["GET"]}}],"collection":[{"href":"https:\/\/miradordeatarfe.es\/index.php?rest_route=\/wp\/v2\/posts"}],"about":[{"href":"https:\/\/miradordeatarfe.es\/index.php?rest_route=\/wp\/v2\/types\/post"}],"author":[{"embeddable":true,"href":"https:\/\/miradordeatarfe.es\/index.php?rest_route=\/wp\/v2\/users\/1"}],"replies":[{"embeddable":true,"href":"https:\/\/miradordeatarfe.es\/index.php?rest_route=%2Fwp%2Fv2%2Fcomments&post=27828"}],"version-history":[{"count":2,"href":"https:\/\/miradordeatarfe.es\/index.php?rest_route=\/wp\/v2\/posts\/27828\/revisions"}],"predecessor-version":[{"id":27830,"href":"https:\/\/miradordeatarfe.es\/index.php?rest_route=\/wp\/v2\/posts\/27828\/revisions\/27830"}],"wp:attachment":[{"href":"https:\/\/miradordeatarfe.es\/index.php?rest_route=%2Fwp%2Fv2%2Fmedia&parent=27828"}],"wp:term":[{"taxonomy":"category","embeddable":true,"href":"https:\/\/miradordeatarfe.es\/index.php?rest_route=%2Fwp%2Fv2%2Fcategories&post=27828"},{"taxonomy":"post_tag","embeddable":true,"href":"https:\/\/miradordeatarfe.es\/index.php?rest_route=%2Fwp%2Fv2%2Ftags&post=27828"}],"curies":[{"name":"wp","href":"https:\/\/api.w.org\/{rel}","templated":true}]}}