{"id":27834,"date":"2018-12-21T09:30:21","date_gmt":"2018-12-21T08:30:21","guid":{"rendered":"http:\/\/miradordeatarfe.es\/?p=27834"},"modified":"2018-12-20T09:43:35","modified_gmt":"2018-12-20T08:43:35","slug":"alemania-busca-mas-de-un-millon-de-trabajadores-por-la-falta-de-candidatos","status":"publish","type":"post","link":"https:\/\/miradordeatarfe.es\/?p=27834","title":{"rendered":"Alemania busca m\u00e1s de un mill\u00f3n de trabajadores por la falta de candidatos"},"content":{"rendered":"<div class=\"container container-adv\">\n<div class=\"lv-publi-box megabanner-top-adv visible-md visible-lg margin-b20 text-center\"><\/div>\n<\/div>\n<div class=\"main__structure\"><\/div>\n<div class=\"header-structure\">\n<div class=\"row\">\n<p class=\"story-leaf-subtitle-item col-md-10\" style=\"text-align: justify;\">Los problemas para cubrir puestos de trabajo crecen especialmente en el sector industrial y en la construcci\u00f3n,Para mantener al alza su PIB y hacer sostenible su sistema de pensiones, Alemania necesita hasta 2020 <strong>1,7 millones de trabajadores extranjeros<\/strong><\/p>\n<div class=\"col-xs-12 col-md-2 col-md-pull-10 story-leaf-infobox\" style=\"text-align: justify;\">\n<div class=\"row story-leaf-author nopadding\"><\/div>\n<\/div>\n<\/div>\n<\/div>\n<p style=\"text-align: justify;\"><!--more--><\/p>\n<div class=\"content-structure\">\n<div class=\"story-leaf-txt-p\" data-gtm-element-container=\"modulo-texto-link\">\n<p style=\"text-align: justify;\"><b>Alemania<\/b> registr\u00f3 en el cuarto trimestre de 2017 un total de <b>1.183.000<\/b> puestos de <b>trabajo<\/b> vacantes, 128.000 m\u00e1s que en el mismo periodo del a\u00f1o anterior, y marc\u00f3 as\u00ed un nuevo r\u00e9cord hist\u00f3rico, seg\u00fan un informe hecho p\u00fablico este martes por el Instituto de Estudios del Mercado Laboral (IAB).<\/p>\n<p style=\"text-align: justify;\">Para mantener al alza su PIB y hacer sostenible su sistema de pensiones, Alemania necesita hasta 2020 <strong>1,7 millones de trabajadores extranjeros<\/strong>. S\u00f3lo as\u00ed lograr\u00e1 el equilibrio necesario entre la demanda y la oferta en su mercado laboral. Y la cifra se eleva hasta 4 millones de trabajadores for\u00e1neos si proyectamos las cifras hasta 2035, seg\u00fan datos de la fiable Asociaci\u00f3n de la Industria de Baviera.<\/p>\n<p style=\"text-align: justify;\">El ministro alem\u00e1n de Econom\u00eda, Philipp R\u00f6sler, cree haber encontrado la forma de crear m\u00e1s alemanes y est\u00e1 estudiando ofrecer la doble nacionalidad a profesionales cualificados extranjeros, con el objetivo de hacer m\u00e1s atractivo su traslado a Alemania, hacerlo definitivo y lograr un aumento de la poblaci\u00f3n, seg\u00fan reconoce en una entrevista que publica hoy el diario econ\u00f3mico Handelsblatt.<\/p>\n<p style=\"text-align: justify;\">El ministro, que hace esta propuesta en la v\u00edspera de la segunda Cumbre Demogr\u00e1fica alemana, considera que la primera econom\u00eda europea debe articular una \u00abverdadera cultura de bienvenida\u00bb que facilite la llegada de capital humano. Un elemento fundamental en esta estrategia es \u00abla oferta de la doble nacionalidad\u00bb, indica R\u00f6sler.<\/p>\n<p style=\"text-align: justify;\">El estudio muestra que los problemas para cubrir puestos de trabajo crecen especialmente en el <b>sector industrial<\/b> y en la <b>construcci\u00f3n<\/b>. En el primero de los sectores hab\u00eda en el cuarto trimestre alrededor de 161.000 empleos sin cubrir, un 35% m\u00e1s que un a\u00f1o antes, y en la construcci\u00f3n, en torno a 98.000, un 24% m\u00e1s.<\/p>\n<p><ins id=\"ad-12pcncmkauo\" class=\"ad-displayed\" data-ad-type=\"roba\" data-ad-device=\"md\" data-ad-sizes=\"[&quot;fluid&quot;,[300,250],[300,300],[300,600],[320,300]]\" data-ad-lazy=\"false\" data-event-scroll-md=\"\" data-name=\"roba1\" data-google-query-id=\"CP-f0Zn_rd8CFYqG7QodIboBEA\"><\/ins><\/p>\n<p style=\"text-align: justify;\"><strong>Industria y construcci\u00f3n, con las mayores plazas por cubrir<\/strong><\/p>\n<p style=\"text-align: justify;\">La mayor\u00eda de las vacantes (918.000) se encuentran en Alemania occidental, donde se localiza la mayor parte de la industria, mientras que en el este hay 265.000 puestos sin cubrir.<\/p>\n<p style=\"text-align: justify;\">Con el descenso de la tasa de desempleo en el conjunto del pa\u00eds (5,7% en febrero), el IAB destaca que hay 194 parados por cada 100 puestos de trabajo vacantes en el oeste de Alemania y 225 en el este, las cifras m\u00e1s bajas registradas en los \u00faltimos 25 a\u00f1os.<\/p>\n<figure class=\"story-leaf-body-image\" style=\"text-align: justify;\"><img data-recalc-dims=\"1\" decoding=\"async\" class=\"img-responsive\" src=\"https:\/\/i0.wp.com\/www.lavanguardia.com\/r\/GODO\/LV\/p5\/WebSite\/2018\/03\/06\/Recortada\/927643290_20180305180907-knGD--656x437%40LaVanguardia-Web.jpg?w=640&#038;ssl=1\" alt=\"Vista de la ciudad de Duisburgo.  La industria es donde m\u00e1s vacantes hay.\" \/><\/p>\n<div class=\"seedtag-gohan seedtag-adunit st-in-image\">\n<div class=\"st-container\"><\/div>\n<\/div><figcaption>Vista de la ciudad de Duisburgo. La industria es donde m\u00e1s vacantes hay. (Lukas Schulze \/ Getty)<\/figcaption><\/figure>\n<p style=\"text-align: justify;\">\u201cLas cifras muestran que hay mejores oportunidades laborales para los que buscan trabajo, pero apuntan tambi\u00e9n a crecientes retos para los empleadores a la hora de contratar\u201d, destac\u00f3 en un comunicado Alexander Kubis, experto del IAB.<\/p>\n<p style=\"text-align: justify;\">El estudio sobre vacantes, que se presenta cuatro veces al a\u00f1o e incluye tambi\u00e9n puestos no registrados en la Agencia Federal de Empelo, est\u00e1 basado en una encuesta representativa en la que en el cuarto trimestre participaron 15.000 empleadores.<\/p>\n<p style=\"text-align: justify;\">Mejores salarios y condiciones para captar trabajadores de fuera<\/p>\n<p style=\"text-align: justify;\">Seg\u00fan revel\u00f3 en 2016 una encuesta de ManpowerGroup, cita Reuters, las empresas alemanas tienen mayores dificultades de contrataci\u00f3n que sus pares de Estados Unidos, Francia, Italia o Reino Unido. En contra juega una falta de poblaci\u00f3n en edad de trabajar.<\/p>\n<p><ins id=\"ad-q3i4w6hq4n\" class=\"ad-displayed\" data-ad-type=\"roba\" data-ad-device=\"md\" data-ad-sizes=\"[&quot;fluid&quot;,[300,250],[300,300],[300,600],[320,300]]\" data-ad-lazy=\"false\" data-event-scroll-md=\"\" data-name=\"roba2\" data-google-query-id=\"CICg0Zn_rd8CFYqG7QodIboBEA\"><\/ins><\/p>\n<p style=\"text-align: justify;\">Para contrarrestarlo se ofrecen incentivos como subidas salariales indexadas a la inflaci\u00f3n, pago de las comidas o guarder\u00edas en el lugar de trabajo. Asimismo, se han puesto en marcha programas de formaci\u00f3n para personas de otros pa\u00edses con altas tasas de desempleo juvenil, como Hungr\u00eda, Ruman\u00eda, Bulgaria o Espa\u00f1a.<\/p>\n<p style=\"text-align: justify;\">AGENCIAS\/BERLIN<\/p>\n<p style=\"text-align: justify;\">FOTO: Viajeros de tren en la estaci\u00f3n de Alexanderplatz, en Berl\u00edn \/ Sean Gallup (Getty Images)<\/p>\n<\/div>\n<\/div>\n","protected":false},"excerpt":{"rendered":"<p>Los problemas para cubrir puestos de trabajo crecen especialmente en el sector industrial y en&#8230;<\/p>\n","protected":false},"author":1,"featured_media":27835,"comment_status":"closed","ping_status":"closed","sticky":false,"template":"","format":"standard","meta":{"_coblocks_attr":"","_coblocks_dimensions":"","_coblocks_responsive_height":"","_coblocks_accordion_ie_support":"","jetpack_post_was_ever_published":false,"_jetpack_newsletter_access":"","_jetpack_dont_email_post_to_subs":false,"_jetpack_newsletter_tier_id":0,"_jetpack_memberships_contains_paywalled_content":false,"_jetpack_memberships_contains_paid_content":false,"footnotes":"","jetpack_publicize_message":"","jetpack_publicize_feature_enabled":true,"jetpack_social_post_already_shared":false,"jetpack_social_options":{"image_generator_settings":{"template":"highway","default_image_id":0,"enabled":false},"version":2}},"categories":[1161,44,15],"tags":[776,2397,1795,144,559],"class_list":["post-27834","post","type-post","status-publish","format-standard","has-post-thumbnail","hentry","category-ciudadania","category-noticias-de-hoy","category-ultimas-noticias","tag-alemania","tag-construccion","tag-extranjeros","tag-industria","tag-trabajadores"],"jetpack_publicize_connections":[],"jetpack_featured_media_url":"https:\/\/i0.wp.com\/miradordeatarfe.es\/wp-content\/uploads\/2018\/12\/1545251094_216523_1545251306_noticia_normal_recorte1.jpg?fit=1300%2C867&ssl=1","jetpack_likes_enabled":true,"jetpack_sharing_enabled":true,"_links":{"self":[{"href":"https:\/\/miradordeatarfe.es\/index.php?rest_route=\/wp\/v2\/posts\/27834","targetHints":{"allow":["GET"]}}],"collection":[{"href":"https:\/\/miradordeatarfe.es\/index.php?rest_route=\/wp\/v2\/posts"}],"about":[{"href":"https:\/\/miradordeatarfe.es\/index.php?rest_route=\/wp\/v2\/types\/post"}],"author":[{"embeddable":true,"href":"https:\/\/miradordeatarfe.es\/index.php?rest_route=\/wp\/v2\/users\/1"}],"replies":[{"embeddable":true,"href":"https:\/\/miradordeatarfe.es\/index.php?rest_route=%2Fwp%2Fv2%2Fcomments&post=27834"}],"version-history":[{"count":1,"href":"https:\/\/miradordeatarfe.es\/index.php?rest_route=\/wp\/v2\/posts\/27834\/revisions"}],"predecessor-version":[{"id":27836,"href":"https:\/\/miradordeatarfe.es\/index.php?rest_route=\/wp\/v2\/posts\/27834\/revisions\/27836"}],"wp:featuredmedia":[{"embeddable":true,"href":"https:\/\/miradordeatarfe.es\/index.php?rest_route=\/wp\/v2\/media\/27835"}],"wp:attachment":[{"href":"https:\/\/miradordeatarfe.es\/index.php?rest_route=%2Fwp%2Fv2%2Fmedia&parent=27834"}],"wp:term":[{"taxonomy":"category","embeddable":true,"href":"https:\/\/miradordeatarfe.es\/index.php?rest_route=%2Fwp%2Fv2%2Fcategories&post=27834"},{"taxonomy":"post_tag","embeddable":true,"href":"https:\/\/miradordeatarfe.es\/index.php?rest_route=%2Fwp%2Fv2%2Ftags&post=27834"}],"curies":[{"name":"wp","href":"https:\/\/api.w.org\/{rel}","templated":true}]}}