{"id":27862,"date":"2018-12-26T11:14:29","date_gmt":"2018-12-26T10:14:29","guid":{"rendered":"http:\/\/miradordeatarfe.es\/?p=27862"},"modified":"2018-12-20T12:21:07","modified_gmt":"2018-12-20T11:21:07","slug":"en-defensa-de-la-alegria-por-alberto-granados","status":"publish","type":"post","link":"https:\/\/miradordeatarfe.es\/?p=27862","title":{"rendered":"\u00abEN DEFENSA DE LA ALEGRIA\u00bb por Alberto Granados"},"content":{"rendered":"<div class=\"entry-content\">\n<p style=\"text-align: justify;\">\u00a0\u00a0\u00a0\u00a0\u00a0\u00a0\u00a0 El pasado oto\u00f1o(2017) recib\u00ed la invitaci\u00f3n por parte de Ana Morilla para participar en un libro colectivo de relatos en que se deb\u00eda tratar el amor, pero a diferencia de otras visiones trascendentes y dram\u00e1ticas, mil veces tocadas en la literatura de todos los tiempos, el amor ten\u00eda que aparecer enfocado como algo relacionado con el sentido del humor, el desenfado, la frivolidad.\u00a0<!--more--><\/p>\n<p style=\"text-align: justify;\">El relato ten\u00eda que estar disponible para fin de a\u00f1o. Ten\u00eda que cumplir, adem\u00e1s, un requisito muy inc\u00f3modo para m\u00ed: una extensi\u00f3n de quinientas palabras como m\u00e1ximo. Yo, que tiendo a ser prolijo, no me defiendo bien a la hora de desarrollar una situaci\u00f3n, una atm\u00f3sfera y unos personajes en tan corto margen, pero promet\u00ed enviar mi colaboraci\u00f3n cumpliendo plazo y requisitos.<\/p>\n<p style=\"text-align: justify;\">\u00a0\u00a0\u00a0\u00a0\u00a0\u00a0\u00a0 El resultado, <em>Amor con humor se paga<\/em> (<a href=\"https:\/\/www.artificios.net\/\">Editorial Artificios<\/a>, 2017) se present\u00f3 anoche en la Biblioteca de Andaluc\u00eda. Me result\u00f3 imposible llegar a tiempo, ya que ayer por la tarde yo present\u00e9 mi libro en un escenario muy querido: el CEIP Medina Elvira de Atarfe, donde estuve de maestro muchos a\u00f1os. Por mucho que intent\u00e9 aligerar, llegu\u00e9 a Granada al mismo borde de las nueve de la noche, por lo que desist\u00ed de presentarme siquiera a la hora de la foto final. Bien que lo siento.<\/p>\n<p style=\"text-align: justify;\">\u00a0\u00a0\u00a0\u00a0\u00a0\u00a0\u00a0 El libro consta de sesenta y ocho relatos, cuyos autores aparecen etiquetados en esta entrada. Ha sido coordinado por <a href=\"https:\/\/albertogranados.wordpress.com\/2016\/01\/14\/memorias-de-una-noche-relatos-de-elvira-camara\/\">Elvira C\u00e1mara <\/a>y supone una muestra de esos muchos autores que escribimos en Granada, uniendo a los consagrados con otros escasamente conocidos, en la l\u00ednea de <a href=\"https:\/\/albertogranados.wordpress.com\/2015\/11\/19\/dolor-tan-fiero\/\"><em>Dolor tan fiero<\/em><\/a>.<\/p>\n<p style=\"text-align: justify;\">No he tenido ocasi\u00f3n de leerlo completo, pero conociendo a la coordinadora y su extremo sentido de la correcci\u00f3n, me atrevo a adelantar que habr\u00e1 un alto nivel (Elvira es as\u00ed de perfeccionista y de concienzuda y no deja pasar fallo alguno, por m\u00ednimo que sea), eso puedo garantizarlo.<\/p>\n<p style=\"text-align: justify;\">\u00a0\u00a0\u00a0\u00a0\u00a0\u00a0\u00a0 Mi cuento \u00abEn defensa de la alegr\u00eda\u00bb toma el nombre de un poema de Mario Benedetti que en su d\u00eda incluy\u00f3 Serrat en su \u00e1lbum <em>El sur tambi\u00e9n existe<\/em> (1985). La idea me surgi\u00f3 a partir de un recuerdo f\u00edlmico (la pel\u00edcula <em>El graduado<\/em>, de Mike Nichols, 1967) y otro literario (<em>En brazos de la mujer madura<\/em>, de Stephen Vizinczey, 1966) y trata de la iniciaci\u00f3n amatoria de un adolescente lleno de dudas y contradicciones. Agobiado por influencias contradictorias que van de su confesor o su madre a Vampiria, la chica que lo asesora a trav\u00e9s de un consultorio er\u00f3tico, opta por buscar la verdad, como siempre hicieron los grandes nombres de la Filosof\u00eda de todos los tiempos. El texto es este:<\/p>\n<p style=\"text-align: justify;\">\n<p style=\"text-align: justify;\">EN DEFENSA DE LA ALEGR\u00cdA<\/p>\n<p style=\"text-align: justify;\">Defender la alegr\u00eda como un estandarte<\/p>\n<p style=\"text-align: justify;\">(MARIO BENEDETTI)<\/p>\n<p style=\"text-align: justify;\">\u00a0\u00a0\u00a0\u00a0\u00a0\u00a0\u00a0 <em>A los diecis\u00e9is a\u00f1os yo estaba corro\u00eddo por grandes dudas metaf\u00edsicas. Necesitaba encontrar mi camino en la vida, torturado por no saber qu\u00e9 opci\u00f3n seguir. Si le hac\u00eda caso a mi madre y a mi confesor, ten\u00eda que apartarme de las mujeres, seres diab\u00f3licos seg\u00fan mi madre y saco de inmundicia seg\u00fan san Agust\u00edn. Solo cab\u00eda encontrar en ellas la llamada belleza interior. Como no estaba convencido, consult\u00e9 a trav\u00e9s de un tel\u00e9fono er\u00f3tico a Vampiria, que con voz susurrante me dec\u00eda lo contrario:<\/em><\/p>\n<p style=\"text-align: justify;\"><em>\u00a0\u00a0\u00a0\u00a0\u00a0\u00a0 -Mira, chico, el amor y el sexo suponen la alegr\u00eda, el optimismo y el gusto por la vida. Deber\u00edas probarlo para sentirte libre y feliz, para madurar. Encontrar la alegr\u00eda de la vida ha sido la tarea de los fil\u00f3sofos de todos los tiempos.<\/em><\/p>\n<p style=\"text-align: justify;\"><em>\u00a0\u00a0\u00a0\u00a0\u00a0\u00a0\u00a0 Decid\u00ed buscar una mujer que me aclarara mi postura ante el mundo. Era hora de comprobar la realidad por m\u00ed mismo.<\/em><\/p>\n<p style=\"text-align: justify;\"><em>\u00a0\u00a0\u00a0\u00a0\u00a0\u00a0\u00a0 La encontr\u00e9 en mi mismo portal. Casada, bell\u00edsima, de treinta y pocos a\u00f1os, cuando o\u00eda mis pasos por la escalera abr\u00eda su puerta y me sonre\u00eda, envuelta en un exiguo camis\u00f3n transparente que, m\u00e1s que ocultar, suger\u00eda sombras, carne, pliegues y formas. Me dijo que su marido apenas le hac\u00eda caso.<\/em><\/p>\n<p style=\"text-align: justify;\"><em>\u00a0\u00a0\u00a0\u00a0\u00a0\u00a0\u00a0 -Ser\u00e1 que me ve envejecer, \u00bfno crees? \u00bfT\u00fa me ves vieja, cielo? \u2013 y se abr\u00eda el camis\u00f3n para mostrarme aquella piel, que yo imaginaba c\u00e1lida y palpitante, pero triste.<\/em><\/p>\n<p style=\"text-align: justify;\"><em>\u00a0\u00a0\u00a0\u00a0\u00a0\u00a0\u00a0 Yo bajaba la escalera dando sonoros zapatazos para anunciarme y ella abr\u00eda, cada vez m\u00e1s expl\u00edcitas su ropa interior y su sonrisa. Si le hac\u00eda caso a mi madre, nunca probar\u00eda aquellas delicias entrevistas; si tomaba el camino marcado por Vampiria, mi tristeza, caliente y rocosa, desaparecer\u00eda y encontrar\u00eda la alegr\u00eda de estar vivo.<\/em><\/p>\n<p style=\"text-align: justify;\"><em>\u00a0\u00a0\u00a0\u00a0\u00a0\u00a0 Finalmente atraves\u00e9 su puerta abierta y busque su piel, que me reclamaba. Me tendi\u00f3 sobre la cama y me desvisti\u00f3:<\/em><\/p>\n<p style=\"text-align: justify;\"><em>\u00a0\u00a0\u00a0\u00a0\u00a0\u00a0\u00a0 -\u00a1Chico, pero si est\u00e1s hecho un hombre! \u00a1Qu\u00e9 barbaridad, qui\u00e9n lo hubiera dicho\u2026!<\/em><\/p>\n<p style=\"text-align: justify;\"><em>\u00a0\u00a0\u00a0\u00a0\u00a0\u00a0\u00a0 Aprend\u00ed mucho con ella. Lo aprend\u00ed todo. Cuando termin\u00e1bamos me daba un tierno beso y me dedicaba una sonrisa agradecida. Me sent\u00eda importante, completo y dichoso. Conoc\u00ed el optimismo de vivir y me esmer\u00e9 en satisfacerla.<\/em><\/p>\n<p style=\"text-align: justify;\"><em>\u00a0\u00a0\u00a0\u00a0\u00a0\u00a0\u00a0 Una ma\u00f1ana no abri\u00f3 la puerta. Comprend\u00ed que jam\u00e1s volver\u00eda a hacerlo para m\u00ed. Muy triste, busqu\u00e9 otra chica: una jovenc\u00edsima viuda, que pronto se hart\u00f3 de m\u00ed. Despu\u00e9s, ha habido varias m\u00e1s, todas adultas, pues las de mi edad no pueden ense\u00f1arme nada. Mi madre dice que no me reconoce, que estoy en otro sitio. Le he explicado la realidad.<\/em><\/p>\n<p style=\"text-align: justify;\"><em>\u00a0\u00a0\u00a0\u00a0\u00a0 -Eso es vicio, hijo. Y pecado. La mujer es un ser demon\u00edaco del que deber\u00edas apartarte. Me preocupas\u2026 Ve a confesar.<\/em><\/p>\n<p style=\"text-align: justify;\"><em>\u00a0\u00a0\u00a0\u00a0\u00a0\u00a0\u00a0 Me niego. S\u00e9 que no se trata de un vicio, y la palabra pecado no me dice nada. Creo que eso que hago con las mujeres es la m\u00e1s intensa y sincera indagaci\u00f3n de la verdad, de la alegr\u00eda. La clave misma de la existencia. Busco la verdad, \u00a1como los fil\u00f3sofos de todos los tiempos!<\/em><\/p>\n<p style=\"text-align: justify;\">\n<p class=\"wp-caption aligncenter\" style=\"text-align: justify;\" data-shortcode=\"caption\"><a href=\"https:\/\/albertogranados.files.wordpress.com\/2017\/05\/cartel-anunciador-de-el-graduado.jpg\"><img data-recalc-dims=\"1\" loading=\"lazy\" decoding=\"async\" class=\"size-full wp-image-7911\" src=\"https:\/\/albertogranados.files.wordpress.com\/2017\/05\/cartel-anunciador-de-el-graduado.jpg?w=560&#038;h=779&#038;fit=560%2C779&#038;resize=560%2C779\" sizes=\"auto, (max-width: 560px) 100vw, 560px\" srcset=\"https:\/\/albertogranados.files.wordpress.com\/2017\/05\/cartel-anunciador-de-el-graduado.jpg?w=560&amp;h=779 560w, https:\/\/albertogranados.files.wordpress.com\/2017\/05\/cartel-anunciador-de-el-graduado.jpg?w=108&amp;h=150 108w, https:\/\/albertogranados.files.wordpress.com\/2017\/05\/cartel-anunciador-de-el-graduado.jpg?w=216&amp;h=300 216w, https:\/\/albertogranados.files.wordpress.com\/2017\/05\/cartel-anunciador-de-el-graduado.jpg?w=768&amp;h=1068 768w, https:\/\/albertogranados.files.wordpress.com\/2017\/05\/cartel-anunciador-de-el-graduado.jpg 969w\" alt=\"\" width=\"560\" height=\"779\" data-attachment-id=\"7911\" data-permalink=\"https:\/\/albertogranados.wordpress.com\/2017\/05\/30\/en-defensa-de-la-alegria\/cartel-anunciador-de-el-graduado\/\" data-orig-file=\"https:\/\/albertogranados.files.wordpress.com\/2017\/05\/cartel-anunciador-de-el-graduado.jpg?w=560&amp;h=779\" data-orig-size=\"969,1348\" data-comments-opened=\"1\" data-image-meta=\"{&quot;aperture&quot;:&quot;0&quot;,&quot;credit&quot;:&quot;&quot;,&quot;camera&quot;:&quot;&quot;,&quot;caption&quot;:&quot;&quot;,&quot;created_timestamp&quot;:&quot;0&quot;,&quot;copyright&quot;:&quot;&quot;,&quot;focal_length&quot;:&quot;0&quot;,&quot;iso&quot;:&quot;0&quot;,&quot;shutter_speed&quot;:&quot;0&quot;,&quot;title&quot;:&quot;&quot;,&quot;orientation&quot;:&quot;0&quot;}\" data-image-title=\"Cartel anunciador de El Graduado\" data-image-description=\"\" data-medium-file=\"https:\/\/albertogranados.files.wordpress.com\/2017\/05\/cartel-anunciador-de-el-graduado.jpg?w=560&amp;h=779?w=216\" data-large-file=\"https:\/\/albertogranados.files.wordpress.com\/2017\/05\/cartel-anunciador-de-el-graduado.jpg?w=560&amp;h=779?w=560\" \/><\/a><\/p>\n<p class=\"wp-caption-text\">Cartel anunciador de El Graduado<\/p>\n<p style=\"text-align: justify;\">\u00a0\u00a0\u00a0\u00a0\u00a0\u00a0 Pronto leer\u00e9 el resto de relatos que componen el libro y tratar\u00e9 de rese\u00f1arlo. Por lo pronto le deseo mucho \u00e9xito a este <em>Amor con humor se paga<\/em>. Es lo menos que se merecen los desvelos de los sesenta y ocho autores, de la editora y de la coordinadora.<\/p>\n<p style=\"text-align: justify;\">Alberto Granados<\/p>\n<p>Publicado el 30 mayo, 2017<\/p>\n<\/div>\n<p><a href=\"https:\/\/albertogranados.wordpress.com\">https:\/\/albertogranados.wordpress.com<\/a><\/p>\n","protected":false},"excerpt":{"rendered":"<p>\u00a0\u00a0\u00a0\u00a0\u00a0\u00a0\u00a0 El pasado oto\u00f1o(2017) recib\u00ed la invitaci\u00f3n por parte de Ana Morilla para participar en&#8230;<\/p>\n","protected":false},"author":1,"featured_media":27863,"comment_status":"closed","ping_status":"closed","sticky":false,"template":"","format":"standard","meta":{"_coblocks_attr":"","_coblocks_dimensions":"","_coblocks_responsive_height":"","_coblocks_accordion_ie_support":"","jetpack_post_was_ever_published":false,"_jetpack_newsletter_access":"","_jetpack_dont_email_post_to_subs":false,"_jetpack_newsletter_tier_id":0,"_jetpack_memberships_contains_paywalled_content":false,"_jetpack_memberships_contains_paid_content":false,"footnotes":"","jetpack_publicize_message":"","jetpack_publicize_feature_enabled":true,"jetpack_social_post_already_shared":false,"jetpack_social_options":{"image_generator_settings":{"template":"highway","default_image_id":0,"enabled":false},"version":2}},"categories":[39,12,9,44,15],"tags":[5582,1244,582],"class_list":["post-27862","post","type-post","status-publish","format-standard","has-post-thumbnail","hentry","category-opinion-de-alberto-granados","category-cultura","category-medio-ambiente","category-noticias-de-hoy","category-ultimas-noticias","tag-albertto-granados","tag-relatos","tag-relatos-cortos"],"jetpack_publicize_connections":[],"jetpack_featured_media_url":"https:\/\/i0.wp.com\/miradordeatarfe.es\/wp-content\/uploads\/2018\/12\/fotograma-de-la-pelc3adcula-en-brazos-de-la-mujer-madura.jpg?fit=560%2C400&ssl=1","jetpack_likes_enabled":true,"jetpack_sharing_enabled":true,"_links":{"self":[{"href":"https:\/\/miradordeatarfe.es\/index.php?rest_route=\/wp\/v2\/posts\/27862","targetHints":{"allow":["GET"]}}],"collection":[{"href":"https:\/\/miradordeatarfe.es\/index.php?rest_route=\/wp\/v2\/posts"}],"about":[{"href":"https:\/\/miradordeatarfe.es\/index.php?rest_route=\/wp\/v2\/types\/post"}],"author":[{"embeddable":true,"href":"https:\/\/miradordeatarfe.es\/index.php?rest_route=\/wp\/v2\/users\/1"}],"replies":[{"embeddable":true,"href":"https:\/\/miradordeatarfe.es\/index.php?rest_route=%2Fwp%2Fv2%2Fcomments&post=27862"}],"version-history":[{"count":1,"href":"https:\/\/miradordeatarfe.es\/index.php?rest_route=\/wp\/v2\/posts\/27862\/revisions"}],"predecessor-version":[{"id":27864,"href":"https:\/\/miradordeatarfe.es\/index.php?rest_route=\/wp\/v2\/posts\/27862\/revisions\/27864"}],"wp:featuredmedia":[{"embeddable":true,"href":"https:\/\/miradordeatarfe.es\/index.php?rest_route=\/wp\/v2\/media\/27863"}],"wp:attachment":[{"href":"https:\/\/miradordeatarfe.es\/index.php?rest_route=%2Fwp%2Fv2%2Fmedia&parent=27862"}],"wp:term":[{"taxonomy":"category","embeddable":true,"href":"https:\/\/miradordeatarfe.es\/index.php?rest_route=%2Fwp%2Fv2%2Fcategories&post=27862"},{"taxonomy":"post_tag","embeddable":true,"href":"https:\/\/miradordeatarfe.es\/index.php?rest_route=%2Fwp%2Fv2%2Ftags&post=27862"}],"curies":[{"name":"wp","href":"https:\/\/api.w.org\/{rel}","templated":true}]}}