{"id":27865,"date":"2019-01-03T11:24:26","date_gmt":"2019-01-03T10:24:26","guid":{"rendered":"http:\/\/miradordeatarfe.es\/?p=27865"},"modified":"2019-01-01T21:24:52","modified_gmt":"2019-01-01T20:24:52","slug":"los-suenos-del-fagotista-por-alberto-granados","status":"publish","type":"post","link":"https:\/\/miradordeatarfe.es\/?p=27865","title":{"rendered":"\u00abLos sue\u00f1os del fagotista\u00bb por Alberto Granados"},"content":{"rendered":"<div class=\"entry-content\">\n<p>\u00a0\u00a0\u00a0\u00a0\u00a0\u00a0\u00a0 La Sociedad Internacional de Doble Leng\u00fceta (<a href=\"http:\/\/www.idrs2018.org\/\">IDRS<\/a> en sus siglas en ingl\u00e9s) y su secci\u00f3n espa\u00f1ola, la Asociaci\u00f3n de Fagotistas y Obo\u00edstas de Espa\u00f1a (<a href=\"http:\/\/www.afoes.es\/\">AFOES<\/a>) est\u00e1n a punto de comenzar su Conferencia anual, que en esta ocasi\u00f3n tendr\u00e1 lugar en Granada entre hoy, 28 de agosto, y el pr\u00f3ximo\u00a01 de septiembre. <!--more--><\/p>\n<p>Los responsables, Joaqu\u00edn <em>Ximo<\/em> Osca (fagot) y Jos\u00e9 Antonio Masmano (oboe), ambos pertenecientes a la plantilla de nuestra OCG, llevan muchos meses organizando la Conferencia que reunir\u00e1 a casi 2000 participantes, entre m\u00fasicos, profesores de conservatorio, fabricantes y distribuidores y dem\u00e1s gremios relacionados con la m\u00fasica sinf\u00f3nica. Hace un par de a\u00f1os, lanzaron una preciosista versi\u00f3n promocional de la\u00a0\u201cGranada\u201d de Agust\u00edn Lara, en que ambos m\u00fasicos alternaban su brillante melod\u00eda al tiempo que mostraban los rincones m\u00e1s hermosos y m\u00e1s tur\u00edsticos de Granada.<\/p>\n<p style=\"text-align: justify;\">\u00a0\u00a0\u00a0\u00a0\u00a0\u00a0\u00a0 La Conferencia prev\u00e9 celebrar\u00a0un ampl\u00edsimo programa de actividades, exposiciones, conciertos, etc., que se pueden ver en\u00a0un extenso documento llamado \u00a0<a href=\"http:\/\/www.idrs2018.org\/programa-idrs-2018\/\">programa de mano<\/a> que ofrece una informaci\u00f3n complet\u00edsima a quien se interese en este acontecimiento cultural.<\/p>\n<p style=\"text-align: justify;\"><span class=\"embed-youtube\"><iframe loading=\"lazy\" class=\"youtube-player\" src=\"https:\/\/www.youtube.com\/embed\/KqwvGvIresg?version=3&amp;rel=1&amp;fs=1&amp;autohide=2&amp;showsearch=0&amp;showinfo=1&amp;iv_load_policy=1&amp;start=8&amp;wmode=transparent\" width=\"560\" height=\"315\" allowfullscreen=\"allowfullscreen\" data-mce-fragment=\"1\"><\/iframe><\/span><\/p>\n<p style=\"text-align: justify;\">\n<p style=\"text-align: justify;\">\u00a0\u00a0\u00a0\u00a0\u00a0\u00a0\u00a0\u00a0Hace unos meses, Ximo, al que conozco hace muchos a\u00f1os (particip\u00f3 junto a su esposa, Ruth, en la presentaci\u00f3n de mi libro), me pidi\u00f3 una colaboraci\u00f3n para el tomo que la Conferencia publicar\u00e1 con las comunicaciones. Al ser unos contenidos muy t\u00e9cnicos, ten\u00eda la intenci\u00f3n de incluir textos literarios breves, en castellano y en ingl\u00e9s, para hacer el volumen m\u00e1s ligero. Hablamos de qu\u00e9 autores podr\u00edan estar dispuestos a colaborar, de la necesaria brevedad de los textos, etc. Finalmente,\u00a0la n\u00f3mina final de colaboradores literarios, seg\u00fan recoge el mencionado programa de mano es la siguiente: junto a m\u00ed (p\u00e1g. 180), aparecen: Ventura Rico (p\u00e1g. 181), Alfonso Salazar (p\u00e1g.182), Gerardo Rodr\u00edguez Salas (p\u00e1g. 183), \u00c1ngeles Mora (p\u00e1g. 184), Elvira C\u00e1mara (p\u00e1g. 185), Isabel Mellado (p\u00e1g. 186), Marina Tapia (p\u00e1g. 187), Miguel Arnas Coronado (p\u00e1g. 188), Natalia P\u00e9rez Sancho (p\u00e1g. 189), Teresa G\u00f3mez y \u00c1ngel Olgoso (ambos en p\u00e1g. 190).<\/p>\n<p class=\"wp-caption aligncenter\" style=\"text-align: justify;\" data-shortcode=\"caption\"><a href=\"https:\/\/albertogranados.files.wordpress.com\/2018\/08\/ruth-y-ximo-15.jpg\"><img data-recalc-dims=\"1\" loading=\"lazy\" decoding=\"async\" class=\"size-full wp-image-8136\" src=\"https:\/\/albertogranados.files.wordpress.com\/2018\/08\/ruth-y-ximo-15.jpg?w=560&#038;h=420&#038;fit=560%2C420&#038;resize=560%2C420\" sizes=\"auto, (max-width: 560px) 100vw, 560px\" srcset=\"https:\/\/albertogranados.files.wordpress.com\/2018\/08\/ruth-y-ximo-15.jpg?w=560&amp;h=420 560w, https:\/\/albertogranados.files.wordpress.com\/2018\/08\/ruth-y-ximo-15.jpg?w=1120&amp;h=840 1120w, https:\/\/albertogranados.files.wordpress.com\/2018\/08\/ruth-y-ximo-15.jpg?w=150&amp;h=113 150w, https:\/\/albertogranados.files.wordpress.com\/2018\/08\/ruth-y-ximo-15.jpg?w=300&amp;h=225 300w, https:\/\/albertogranados.files.wordpress.com\/2018\/08\/ruth-y-ximo-15.jpg?w=768&amp;h=576 768w, https:\/\/albertogranados.files.wordpress.com\/2018\/08\/ruth-y-ximo-15.jpg?w=1024&amp;h=768 1024w\" alt=\"\" width=\"560\" height=\"420\" data-attachment-id=\"8136\" data-permalink=\"https:\/\/albertogranados.wordpress.com\/2018\/08\/28\/los-suenos-del-fagotista\/ruth-y-ximo-15\/\" data-orig-file=\"https:\/\/albertogranados.files.wordpress.com\/2018\/08\/ruth-y-ximo-15.jpg?w=560&amp;h=420\" data-orig-size=\"1600,1200\" data-comments-opened=\"1\" data-image-meta=\"{&quot;aperture&quot;:&quot;5&quot;,&quot;credit&quot;:&quot;&quot;,&quot;camera&quot;:&quot;Canon PowerShot SX500 IS&quot;,&quot;caption&quot;:&quot;&quot;,&quot;created_timestamp&quot;:&quot;1492634518&quot;,&quot;copyright&quot;:&quot;&quot;,&quot;focal_length&quot;:&quot;19.575&quot;,&quot;iso&quot;:&quot;400&quot;,&quot;shutter_speed&quot;:&quot;0.066666666666667&quot;,&quot;title&quot;:&quot;&quot;,&quot;orientation&quot;:&quot;1&quot;}\" data-image-title=\"Ruth y Ximo 15\" data-image-description=\"\" data-medium-file=\"https:\/\/albertogranados.files.wordpress.com\/2018\/08\/ruth-y-ximo-15.jpg?w=560&amp;h=420?w=300\" data-large-file=\"https:\/\/albertogranados.files.wordpress.com\/2018\/08\/ruth-y-ximo-15.jpg?w=560&amp;h=420?w=560\" \/><\/a><\/p>\n<p class=\"wp-caption-text\">Ruth y Ximo tocando en mi presentaci\u00f3n (Imagen de Amalia J. Catena)<\/p>\n<p style=\"text-align: justify;\">\u00a0\u00a0\u00a0\u00a0\u00a0\u00a0\u00a0\u00a0Muy pocos d\u00edas despu\u00e9s, le hab\u00eda enviado un primer borrador de mi relato, un cuentecillo cargado de gui\u00f1os hacia el propio int\u00e9rprete, cuyo nombre us\u00e9 para el protagonista, aunque disfraz\u00e1ndolo de italiano.\u00a0La dedicatoria al propio Ximo ha desaparecido en el texto publicado: le ha parecido poco \u00e9tico y desde el primer momento me hizo saber que la eliminar\u00eda.<\/p>\n<p style=\"text-align: justify;\">\u00a0\u00a0\u00a0\u00a0\u00a0\u00a0\u00a0 A ambos organizadores les deseo un gran \u00e9xito, a la ciudad de Granada, el reconocimiento cultural que merece y a los participantes que disfruten de nuestra ciudad y sus infinitas posibilidades.<\/p>\n<p style=\"text-align: justify;\">\u00a0\u00a0\u00a0\u00a0\u00a0\u00a0\u00a0 Mi cuento es este:<\/p>\n<p style=\"text-align: justify;\"><em>Los sue\u00f1os del fagotista<\/em><\/p>\n<p style=\"text-align: justify;\">\n<p style=\"text-align: justify;\"><em>A Ximo Osca, fagotista<\/em><\/p>\n<p style=\"text-align: justify;\">\n<p style=\"text-align: justify;\"><em>\u00a0\u00a0\u00a0\u00a0\u00a0\u00a0\u00a0\u00a0 Gioachino Fosca ha comprendido al final de su vida que toda dedicaci\u00f3n absoluta conlleva fatalmente el germen de la frustraci\u00f3n. Estudioso de la obra de Antonio Vivaldi, ha desvelado como nadie la t\u00e9cnica del fagot, ha grabado innumerables conciertos y ha escrito doctos tratados t\u00e9cnicos y comunicaciones para congresos en que Vivaldi y fagot han desnudado sus misterios. Sin motivo alguno para sentirse frustrado \u2013el \u00e9xito lo persigue y el prestigio lo abruma\u2013, siempre ha tenido un sue\u00f1o que lo desazona por ser imposible.<\/em><\/p>\n<p style=\"text-align: justify;\"><em>\u00a0\u00a0\u00a0\u00a0\u00a0\u00a0 Todo empez\u00f3 cuando a los diecinueve a\u00f1os visit\u00f3 por primera vez la galer\u00eda de m\u00fasicos del P\u00f3rtico de la Gloria. All\u00ed no pod\u00eda haber un baj\u00f3n pues faltaban varios siglos para que su instrumento apareciera. Ten\u00eda que aceptarlo, pero so\u00f1\u00f3 siempre con ver un fagot en el lugar m\u00e1s simb\u00f3lico para los amantes de la m\u00fasica. Escribi\u00f3 al cabildo catedralicio para que si sobreven\u00eda alguna remodelaci\u00f3n, alg\u00fan deseable derrumbe que reclamara una reconstrucci\u00f3n, se incluyera su baj\u00f3n. Jam\u00e1s obtuvo respuesta.<\/em><\/p>\n<p style=\"text-align: justify;\"><em>\u00a0\u00a0\u00a0\u00a0\u00a0\u00a0\u00a0 Nueva frustraci\u00f3n cuando ley\u00f3 Concierto barroco de Alejo Carpentier. No pod\u00eda aceptar que el cubano se hubiera permitido mil licencias cronol\u00f3gicas, mil bromas argumentales y que no hubiera incluido un fagot entre los instrumentos que se mencionaban en el delirante concerto grosso del Ospedale della Piet\u00e1, pese a que el propio Vivaldi, que tantos conciertos compuso para lucimiento de los fagotistas, era uno de los personajes de la trama. Le pareci\u00f3 injustificable y contact\u00f3 con el autor cubano para pedirle la inclusi\u00f3n del fagot, si aparec\u00edan nuevas ediciones corregidas y aumentadas del cuento. Don Alejo tampoco le respondi\u00f3 nunca. Fosca asum\u00eda que en el cuento m\u00fasicos del XVIII desayunaran sobre la l\u00e1pida mortuoria de Igor Stravinsky, que se hablara de una jam session, que se mencionaran travellers checks\u2026 \u00bfPor qu\u00e9 faltaba entonces ese dato, exacto y necesario, del fagot?<\/em><\/p>\n<p style=\"text-align: justify;\"><em><a href=\"https:\/\/albertogranados.files.wordpress.com\/2018\/08\/img-20180816-wa0002.jpg\"><img data-recalc-dims=\"1\" loading=\"lazy\" decoding=\"async\" class=\"size-full wp-image-8135 aligncenter\" src=\"https:\/\/albertogranados.files.wordpress.com\/2018\/08\/img-20180816-wa0002.jpg?w=560&#038;h=631&#038;fit=560%2C631&#038;resize=560%2C631\" sizes=\"auto, (max-width: 560px) 100vw, 560px\" srcset=\"https:\/\/albertogranados.files.wordpress.com\/2018\/08\/img-20180816-wa0002.jpg?w=560&amp;h=631 560w, https:\/\/albertogranados.files.wordpress.com\/2018\/08\/img-20180816-wa0002.jpg?w=133&amp;h=150 133w, https:\/\/albertogranados.files.wordpress.com\/2018\/08\/img-20180816-wa0002.jpg?w=266&amp;h=300 266w, https:\/\/albertogranados.files.wordpress.com\/2018\/08\/img-20180816-wa0002.jpg 756w\" alt=\"\" width=\"560\" height=\"631\" data-attachment-id=\"8135\" data-permalink=\"https:\/\/albertogranados.wordpress.com\/2018\/08\/28\/los-suenos-del-fagotista\/img-20180816-wa0002\/\" data-orig-file=\"https:\/\/albertogranados.files.wordpress.com\/2018\/08\/img-20180816-wa0002.jpg?w=560&amp;h=631\" data-orig-size=\"756,852\" data-comments-opened=\"1\" data-image-meta=\"{&quot;aperture&quot;:&quot;0&quot;,&quot;credit&quot;:&quot;&quot;,&quot;camera&quot;:&quot;&quot;,&quot;caption&quot;:&quot;&quot;,&quot;created_timestamp&quot;:&quot;0&quot;,&quot;copyright&quot;:&quot;&quot;,&quot;focal_length&quot;:&quot;0&quot;,&quot;iso&quot;:&quot;0&quot;,&quot;shutter_speed&quot;:&quot;0&quot;,&quot;title&quot;:&quot;&quot;,&quot;orientation&quot;:&quot;0&quot;}\" data-image-title=\"IMG-20180816-WA0002\" data-image-description=\"\" data-medium-file=\"https:\/\/albertogranados.files.wordpress.com\/2018\/08\/img-20180816-wa0002.jpg?w=560&amp;h=631?w=266\" data-large-file=\"https:\/\/albertogranados.files.wordpress.com\/2018\/08\/img-20180816-wa0002.jpg?w=560&amp;h=631?w=560\" \/><\/a><\/em><\/p>\n<p style=\"text-align: justify;\"><em>\u00a0\u00a0\u00a0\u00a0\u00a0\u00a0\u00a0 Retirado de todo, so\u00f1ando m\u00fasicas mientras contempla la Vega y las cumbres de Sierra Nevada, espera paciente dos noticias que cualquier d\u00eda deber\u00edan aparecer en la prensa: la remodelaci\u00f3n del P\u00f3rtico de la Gloria y la aparici\u00f3n de un nuevo borrador del cuento de Carpentier: a fin de cuentas, la m\u00fasica y los sue\u00f1os est\u00e1n hechos de la misma magia.<\/em><\/p>\n<p style=\"text-align: justify;\"><em>Alberto Granados<\/em><\/p>\n<p><span class=\"sep\">Publicado por <span class=\"author vcard\"><a class=\"url fn n\" title=\"Ver todas las entradas de Alberto Granados\" href=\"https:\/\/albertogranados.wordpress.com\/author\/albertogranados\/\">Alberto Granados<\/a><\/span> el <\/span> <span class=\"entry-date\"><a title=\"8:04\" href=\"https:\/\/albertogranados.wordpress.com\/2018\/08\/28\/los-suenos-del-fagotista\/\" rel=\"bookmark\">28 agosto, 2018<\/a><\/span> en <span class=\"entry-categories\"><a href=\"https:\/\/albertogranados.wordpress.com\/category\/relatos-mucho-cuento\/\" rel=\"category tag\">Relatos (Mucho cuento)<\/a><\/span><\/p>\n<\/div>\n<p>&nbsp;<\/p>\n","protected":false},"excerpt":{"rendered":"<p>\u00a0\u00a0\u00a0\u00a0\u00a0\u00a0\u00a0 La Sociedad Internacional de Doble Leng\u00fceta (IDRS en sus siglas en ingl\u00e9s) y su&#8230;<\/p>\n","protected":false},"author":1,"featured_media":0,"comment_status":"closed","ping_status":"closed","sticky":false,"template":"","format":"standard","meta":{"_coblocks_attr":"","_coblocks_dimensions":"","_coblocks_responsive_height":"","_coblocks_accordion_ie_support":"","jetpack_post_was_ever_published":false,"_jetpack_newsletter_access":"","_jetpack_dont_email_post_to_subs":false,"_jetpack_newsletter_tier_id":0,"_jetpack_memberships_contains_paywalled_content":false,"_jetpack_memberships_contains_paid_content":false,"footnotes":"","jetpack_publicize_message":"","jetpack_publicize_feature_enabled":true,"jetpack_social_post_already_shared":false,"jetpack_social_options":{"image_generator_settings":{"template":"highway","default_image_id":0,"enabled":false},"version":2}},"categories":[39,12,186,9,44,15],"tags":[90,459,1244],"class_list":["post-27865","post","type-post","status-publish","format-standard","hentry","category-opinion-de-alberto-granados","category-cultura","category-instituciones","category-medio-ambiente","category-noticias-de-hoy","category-ultimas-noticias","tag-cultura","tag-libros","tag-relatos"],"jetpack_publicize_connections":[],"jetpack_featured_media_url":"","jetpack_likes_enabled":true,"jetpack_sharing_enabled":true,"_links":{"self":[{"href":"https:\/\/miradordeatarfe.es\/index.php?rest_route=\/wp\/v2\/posts\/27865","targetHints":{"allow":["GET"]}}],"collection":[{"href":"https:\/\/miradordeatarfe.es\/index.php?rest_route=\/wp\/v2\/posts"}],"about":[{"href":"https:\/\/miradordeatarfe.es\/index.php?rest_route=\/wp\/v2\/types\/post"}],"author":[{"embeddable":true,"href":"https:\/\/miradordeatarfe.es\/index.php?rest_route=\/wp\/v2\/users\/1"}],"replies":[{"embeddable":true,"href":"https:\/\/miradordeatarfe.es\/index.php?rest_route=%2Fwp%2Fv2%2Fcomments&post=27865"}],"version-history":[{"count":1,"href":"https:\/\/miradordeatarfe.es\/index.php?rest_route=\/wp\/v2\/posts\/27865\/revisions"}],"predecessor-version":[{"id":27866,"href":"https:\/\/miradordeatarfe.es\/index.php?rest_route=\/wp\/v2\/posts\/27865\/revisions\/27866"}],"wp:attachment":[{"href":"https:\/\/miradordeatarfe.es\/index.php?rest_route=%2Fwp%2Fv2%2Fmedia&parent=27865"}],"wp:term":[{"taxonomy":"category","embeddable":true,"href":"https:\/\/miradordeatarfe.es\/index.php?rest_route=%2Fwp%2Fv2%2Fcategories&post=27865"},{"taxonomy":"post_tag","embeddable":true,"href":"https:\/\/miradordeatarfe.es\/index.php?rest_route=%2Fwp%2Fv2%2Ftags&post=27865"}],"curies":[{"name":"wp","href":"https:\/\/api.w.org\/{rel}","templated":true}]}}