{"id":27867,"date":"2018-12-26T10:29:39","date_gmt":"2018-12-26T09:29:39","guid":{"rendered":"http:\/\/miradordeatarfe.es\/?p=27867"},"modified":"2018-12-21T10:38:53","modified_gmt":"2018-12-21T09:38:53","slug":"acuerdo-europeo-para-combatir-la-contaminacion-marina-por-plasticos","status":"publish","type":"post","link":"https:\/\/miradordeatarfe.es\/?p=27867","title":{"rendered":"Acuerdo europeo para combatir la contaminaci\u00f3n marina por pl\u00e1sticos"},"content":{"rendered":"<p class=\"story-leaf-subtitle-item col-md-10\">El Parlamento y el Consejo de la UE pactan las medidas para reducir el uso o prohibir los 10 tipos de productos pl\u00e1sticos con mayor impacto ambiental<!--more--><\/p>\n<p style=\"text-align: justify;\">El <b>Parlamento Europeo <\/b>y el <b>Consejo de la UE <\/b>han llegado a un acuerdo pol\u00edtico provisional sobre las ambiciosas medidas propuestas por la <b>Comisi\u00f3n Europea <\/b>para abordar en origen la problem\u00e1tica de los desechos marinos, que apuntan a los 10 tipos de productos de pl\u00e1stico que m\u00e1s a menudo se encuentran en las aguas, playas y redes de pesca, seg\u00fan una nota conjunta difundida por estas entidades pol\u00edticas europeas.<\/p>\n<p style=\"text-align: justify;\">El acuerdo provisional presentado este mi\u00e9rcoles 19 de diciembre se basa en la<strong><a href=\"http:\/\/europa.eu\/rapid\/press-release_IP-18-3927_es.htm\" target=\"_blank\" rel=\"nofollow noopener noreferrer\" data-gtm-element=\"container-child-link\"> propuesta sobre los pl\u00e1sticos de un solo uso que la Comisi\u00f3n<\/a><\/strong> present\u00f3 en mayo como parte de la estrategia global sobre los pl\u00e1sticos, adoptada a principios de a\u00f1o, con el fin de proteger los ciudadanos y el medio ambiente de la contaminaci\u00f3n por pl\u00e1sticos e impulsar, al mismo tiempo, el crecimiento econ\u00f3mico y la innovaci\u00f3n tecnol\u00f3gica.<\/p>\n<p style=\"text-align: justify;\">Las nuevas normas contribuyen a un esfuerzo general para convertir Europa en una econom\u00eda circular y m\u00e1s sostenible, tal y como se recoge en el <a href=\"https:\/\/eur-lex.europa.eu\/legal-content\/ES\/TXT\/HTML\/?uri=CELEX:52015DC0614&amp;from=EN\" target=\"_blank\" rel=\"nofollow noopener noreferrer\" data-gtm-element=\"container-child-link\"><strong>Plan de Acci\u00f3n sobre la Econom\u00eda Circular <\/strong><\/a>adoptado en diciembre de 2015. El objetivo es situar el comercio y los consumidores europeos en una posici\u00f3n de liderazgo mundial a la hora de producir y usar alternativas sostenibles que eviten los desechos mar\u00edtimas y la contaminaci\u00f3n de los oc\u00e9anos, abordando as\u00ed un problema que tiene implicaciones globales.<\/p>\n<p style=\"text-align: justify;\"><b>Medidas diferentes para productos diferentes<\/b><\/p>\n<p style=\"text-align: justify;\">La nueva Directiva sobre pl\u00e1sticos desechables ser\u00e1 el instrumento legal m\u00e1s ambicioso a nivel global a la hora de abordar la situaci\u00f3n de los desechos marinos. Prev\u00e9 varias medidas que se aplicar\u00e1n a diferentes categor\u00edas de productos.<\/p>\n<p style=\"text-align: justify;\">Cuando haya alternativas f\u00e1cilmente disponibles y asequibles, los pl\u00e1sticos desechables estar\u00e1n prohibidos en el mercado, como es el caso de los palillos de pl\u00e1stico y algod\u00f3n, los cubiertos, platos, palillos para remover las bebidas, palillos para los globos, productos hechos de pl\u00e1stico oxo-degradable y contenedores de comida y bebida hechos con poliestireno expandido. Para otros productos, la normativa se dirige a limitar su uso a trav\u00e9s de una reducci\u00f3n del consumo; en requerimientos sobre el dise\u00f1o y el etiquetado; y en las obligaciones de los productores en cuanto a la gesti\u00f3n y limpieza de los residuos.<\/p>\n<p style=\"text-align: justify;\"><b>Un problema global<\/b><\/p>\n<p style=\"text-align: justify;\">El vicepresidente primero Frans Timmermans, responsable de desarrollo sostenible, ha declarado: \u201cDoy la bienvenida al acuerdo ambicioso alcanzado hoy sobre la propuesta de la Comisi\u00f3n para reducir los pl\u00e1sticos desechables. Este acuerdo ayuda realmente a proteger nuestra gente y nuestro planeta. Los europeos son conscientes de que los desechos de pl\u00e1stico son un problema enorme y la UE, actuando en conjunto, ha demostrado un verdadero coraje abordando este problema, convirti\u00e9ndonos en l\u00edder global a la hora de hacer frente a las desechos de pl\u00e1stico en el mar. Y tan importante como esto es que con las soluciones acordadas hoy tambi\u00e9n nos dirigimos a un nuevo modelo de negocio basado en la econom\u00eda circular, se\u00f1alando el camino para situar nuestra econom\u00eda en una direcci\u00f3n m\u00e1s sostenible\u201d.<\/p>\n<p style=\"text-align: justify;\">El vicepresidente Jyrki Katainen, responsable de Empleo, Crecimiento, Inversi\u00f3n y Competitividad, ha a\u00f1adido: \u201cAfrontar el problema de los pl\u00e1sticos es una obligaci\u00f3n. Asimismo, conlleva nuevas oportunidades para la innovaci\u00f3n, la competitividad y la creaci\u00f3n de puestos de trabajo. debatiremos sobre ello con la industria en el marco de la Alianza para la econom\u00eda circular. con el acuerdo alcanzado hoy mostramos que Europa est\u00e1 haciendo una elecci\u00f3n econ\u00f3mica y ambiental inteligente y que avanza hacia una nueva econom\u00eda circular sobre los pl\u00e1sticos\u201d.<\/p>\n<p style=\"text-align: justify;\">El comisario de Medio Ambiente, Asuntos Mar\u00edtimos y Pesca, Karmenu Vella, dijo: \u201cCuando tenemos una situaci\u00f3n en la que un a\u00f1o puedes llevar pescado a casa en una bolsa de pl\u00e1stico y el a\u00f1o siguiente esta bolsa puede volver a casa dentro de un pez, tenemos que trabajar mucho y r\u00e1pido. por eso me siento complacido con el acuerdo de hoy entre el Parlamento y el Consejo. hemos dado un gran paso para reducir la cantidad de pl\u00e1sticos desechables de nuestra econom\u00eda, nuestros oc\u00e9anos y, en \u00faltimo t\u00e9rmino, nuestro organismo\u201d.<\/p>\n<p style=\"text-align: justify;\"><b>Pr\u00f3ximos pasos legales<\/b><\/p>\n<p style=\"text-align: justify;\">El acuerdo provisional alcanzado el mi\u00e9rcoles 19 de diciembre deber\u00e1 ser aprobado formalmente al Parlamento Europeo y el Consejo de la Uni\u00f3n Europea. Como ser recordar\u00e1, el Consejo de la UE es la Instituci\u00f3n de la Uni\u00f3n Europea en la que se encuentran representados los estados miembros a trav\u00e9s de representantes con rango ministerial, y a la que corresponde, junto con el Parlamento Europeo, las funciones legislativa y presupuestaria.<\/p>\n<p style=\"text-align: justify;\">Tras su aprobaci\u00f3n, la nueva Directiva se publicar\u00e1 en el Diario Oficial de la UE y los Estados miembros tendr\u00e1n que transponer esta legislaci\u00f3n europea a sus respectivas normativas en el plazo m\u00e1ximo de dos a\u00f1os.<i> JEC<\/i><\/p>\n<figure class=\"story-leaf-body-image\" style=\"text-align: justify;\"><img data-recalc-dims=\"1\" decoding=\"async\" class=\"img-responsive aligncenter\" src=\"https:\/\/i0.wp.com\/www.lavanguardia.com\/r\/GODO\/LV\/p5\/WebSite\/2018\/12\/19\/Recortada\/img_ysaiz_20170810-122801_imagenes_lv_getty_istock-462172445-kc3G--656x438%40LaVanguardia-Web.jpg?w=640&#038;ssl=1\" alt=\"Pl\u00e1stico mar\" \/><figcaption>Pl\u00e1stico mar (fergregory \/ Getty)<\/figcaption><\/figure>\n<p style=\"text-align: justify;\">\n<p style=\"text-align: justify;\">FOTO:La mala gesti\u00f3n de los pl\u00e1sticos de un solo uso es una de las principales causas de la contaminaci\u00f3n marina (Xavier Cervera)<\/p>\n<div class=\"col-xs-12 col-md-2 col-md-pull-10 story-leaf-infobox\">\n<div class=\"row story-leaf-author nopadding\">\n<div class=\"story-leaf-author-link text-uppercase\" style=\"text-align: justify;\"><span class=\"story-leaf-author-link text-uppercase\" data-link-name=\"auto tag link\">\u00a0<\/span><\/div>\n<\/div>\n<\/div>\n","protected":false},"excerpt":{"rendered":"<p>El Parlamento y el Consejo de la UE pactan las medidas para reducir el uso&#8230;<\/p>\n","protected":false},"author":1,"featured_media":27868,"comment_status":"closed","ping_status":"closed","sticky":false,"template":"","format":"standard","meta":{"_coblocks_attr":"","_coblocks_dimensions":"","_coblocks_responsive_height":"","_coblocks_accordion_ie_support":"","jetpack_post_was_ever_published":false,"_jetpack_newsletter_access":"","_jetpack_dont_email_post_to_subs":false,"_jetpack_newsletter_tier_id":0,"_jetpack_memberships_contains_paywalled_content":false,"_jetpack_memberships_contains_paid_content":false,"footnotes":"","jetpack_publicize_message":"","jetpack_publicize_feature_enabled":true,"jetpack_social_post_already_shared":false,"jetpack_social_options":{"image_generator_settings":{"template":"highway","default_image_id":0,"enabled":false},"version":2}},"categories":[1161,186,44,15],"tags":[1053,99,1027],"class_list":["post-27867","post","type-post","status-publish","format-standard","has-post-thumbnail","hentry","category-ciudadania","category-instituciones","category-noticias-de-hoy","category-ultimas-noticias","tag-europa","tag-medio-ambiente","tag-plasticos"],"jetpack_publicize_connections":[],"jetpack_featured_media_url":"https:\/\/i0.wp.com\/miradordeatarfe.es\/wp-content\/uploads\/2018\/12\/img_xcervera_20181025-163256_imagenes_lv_propias_xcervera_xcervera4803plasticos_4_5_2558357002-kc3G-U453644036358t1E-992x558%40LaVanguardia-Web.jpg?fit=991%2C558&ssl=1","jetpack_likes_enabled":true,"jetpack_sharing_enabled":true,"_links":{"self":[{"href":"https:\/\/miradordeatarfe.es\/index.php?rest_route=\/wp\/v2\/posts\/27867","targetHints":{"allow":["GET"]}}],"collection":[{"href":"https:\/\/miradordeatarfe.es\/index.php?rest_route=\/wp\/v2\/posts"}],"about":[{"href":"https:\/\/miradordeatarfe.es\/index.php?rest_route=\/wp\/v2\/types\/post"}],"author":[{"embeddable":true,"href":"https:\/\/miradordeatarfe.es\/index.php?rest_route=\/wp\/v2\/users\/1"}],"replies":[{"embeddable":true,"href":"https:\/\/miradordeatarfe.es\/index.php?rest_route=%2Fwp%2Fv2%2Fcomments&post=27867"}],"version-history":[{"count":1,"href":"https:\/\/miradordeatarfe.es\/index.php?rest_route=\/wp\/v2\/posts\/27867\/revisions"}],"predecessor-version":[{"id":27869,"href":"https:\/\/miradordeatarfe.es\/index.php?rest_route=\/wp\/v2\/posts\/27867\/revisions\/27869"}],"wp:featuredmedia":[{"embeddable":true,"href":"https:\/\/miradordeatarfe.es\/index.php?rest_route=\/wp\/v2\/media\/27868"}],"wp:attachment":[{"href":"https:\/\/miradordeatarfe.es\/index.php?rest_route=%2Fwp%2Fv2%2Fmedia&parent=27867"}],"wp:term":[{"taxonomy":"category","embeddable":true,"href":"https:\/\/miradordeatarfe.es\/index.php?rest_route=%2Fwp%2Fv2%2Fcategories&post=27867"},{"taxonomy":"post_tag","embeddable":true,"href":"https:\/\/miradordeatarfe.es\/index.php?rest_route=%2Fwp%2Fv2%2Ftags&post=27867"}],"curies":[{"name":"wp","href":"https:\/\/api.w.org\/{rel}","templated":true}]}}