{"id":27870,"date":"2018-12-26T10:54:58","date_gmt":"2018-12-26T09:54:58","guid":{"rendered":"http:\/\/miradordeatarfe.es\/?p=27870"},"modified":"2018-12-21T11:00:17","modified_gmt":"2018-12-21T10:00:17","slug":"los-inmigrantes-no-reciben-mas-ayudas-que-tu-aunque-algunos-digan-lo-contrario","status":"publish","type":"post","link":"https:\/\/miradordeatarfe.es\/?p=27870","title":{"rendered":"Los inmigrantes no reciben m\u00e1s ayudas que t\u00fa, aunque algunos digan lo contrario"},"content":{"rendered":"<div class=\"article-container__body\">\n<div class=\"page__container\">\n<div class=\"article__body\">\n<div class=\"article__content page__quoty\">\n<p>Lo que no cuentan quienes promueven este discurso es que <strong>la mayor\u00eda de las ayudas<\/strong> que reciben los inmigrantes indocumentados no proceden del Estado, sino de organizaciones sin \u00e1nimo de lucro o de la Uni\u00f3n Europea, y las que reciben los extranjeros regularizados se debe a que ya llevan tiempo cotizando en Espa\u00f1a, por lo que han aportado suficiente para recibir estas ayudas. Como cualquier otro ciudadano.<!--more--><\/p>\n<p>\u201cSi vienen inmigrantes que quieren disfrutar de ayudas sociales sin respetar las costumbres occidentales, se han equivocado de pa\u00eds\u201d. As\u00ed habla Pablo Casado, el l\u00edder del PP, de los inmigrantes que<a href=\"http:\/\/theobjective.com\/inmigrantes-espana-octubre-2018-aumento\/\"> llegan a Espa\u00f1a<\/a>. Y no es el \u00fanico. Santiago Abascal, el l\u00edder de Vox, considera que estos \u201cno vienen a mantener las pensiones, vienen a recibir las ayudas que muchos espa\u00f1oles no reciben\u201d.<\/p>\n<p>Este discurso pol\u00edtico que se extiende en Espa\u00f1a, sumado al recuerdo de una crisis financiera en la que millones de personas sufrieron dificultades econ\u00f3micas, hace que el miedo se apodere de muchos ciudadanos y <strong>crean que<\/strong>, realmente, <strong>los extranjeros reciben m\u00e1s ayudas que los espa\u00f1oles<\/strong> o que nos quitan el trabajo y el acceso a los servicios sociales.<\/p>\n<p>&nbsp;<\/p>\n<p>Por eso, esos discursos no se corresponden con la realidad.\u00a0<strong>Estas son las ayudas a las que s\u00ed tienen acceso<\/strong> los extranjeros en Espa\u00f1a y los criterios para recibirlas que, a menudo, dependen de si son solicitantes de asilo o no.<\/p>\n<h2><strong>Ayudas a los inmigrantes que no solicitan asilo<\/strong><\/h2>\n<p>Los extranjeros que residen en Espa\u00f1a no cuentan con ayudas especiales por el simple hecho de ser inmigrantes, sino que reciben ayuda humanitaria al llegar al pa\u00eds y luego deben cumplir las<strong> mismas condiciones que los espa\u00f1oles<\/strong> para acceder a las mismas prestaciones.<\/p>\n<h4><strong>Ayuda humanitaria a la llegada<\/strong><\/h4>\n<p>Los inmigrantes que llegan a Espa\u00f1a en situaciones extremas, como los que llegan en pateras, reciben<strong> ayuda humanitaria<\/strong>. Esta incluye alimentos, ropa, atenci\u00f3n sanitaria y labores de rescate, entre otras cosas.<\/p>\n<p>Gran parte de ella\u00a0est\u00e1 proporcionada por organizaciones como <a href=\"https:\/\/www.cruzroja.es\/principal\/web\/intervencion-social\/inmigrantes\" target=\"_blank\" rel=\"noopener\">Cruz Roja<\/a>, que recibe parte de sus fondos de subvenciones del Estado.<\/p>\n<figure id=\"attachment_1188509\" class=\"wp-caption aligncenter\"><img data-recalc-dims=\"1\" loading=\"lazy\" decoding=\"async\" class=\"size-full wp-image-1188509\" src=\"https:\/\/i0.wp.com\/storage.googleapis.com\/theobj-wp-media\/2018\/12\/a-que-ayudas-tienen-derecho-los-inmigrantes-en-espana-2.jpg?resize=640%2C360&#038;ssl=1\" sizes=\"auto, (max-width: 1920px) 100vw, 1920px\" srcset=\"https:\/\/storage.googleapis.com\/theobj-wp-media\/2018\/12\/a-que-ayudas-tienen-derecho-los-inmigrantes-en-espana-2.jpg 1920w, https:\/\/storage.googleapis.com\/theobj-wp-media\/2018\/12\/a-que-ayudas-tienen-derecho-los-inmigrantes-en-espana-2-300x169.jpg 300w, https:\/\/storage.googleapis.com\/theobj-wp-media\/2018\/12\/a-que-ayudas-tienen-derecho-los-inmigrantes-en-espana-2-768x432.jpg 768w, https:\/\/storage.googleapis.com\/theobj-wp-media\/2018\/12\/a-que-ayudas-tienen-derecho-los-inmigrantes-en-espana-2-1024x576.jpg 1024w, https:\/\/storage.googleapis.com\/theobj-wp-media\/2018\/12\/a-que-ayudas-tienen-derecho-los-inmigrantes-en-espana-2-960x550.jpg 960w\" alt=\"\u00bfA qu\u00e9 ayudas tienen derecho los inmigrantes en Espa\u00f1a? 1\" width=\"640\" height=\"360\" \/><figcaption class=\"wp-caption-text\">Cruz Roja ofrece a los inmigrantes ayudas humanitarias. | Foto: Jon Nazca | Reuters<\/figcaption><\/figure>\n<p>En 2018, el <strong>programa de atenci\u00f3n humanitaria del Gobierno<\/strong> central est\u00e1 dotado con 84 millones de euros, de los que casi 2 millones se han destinado a la atenci\u00f3n en las costas que realiza Cruz Roja, seg\u00fan los datos proporcionados por el Ministerio de Trabajo, Migraciones y Seguridad Social.<\/p>\n<p>El resto se ha destinado a<strong> otras organizaciones<\/strong> como CEAR y C\u00e1ritas, que tambi\u00e9n realizan labores humanitarias con inmigrantes reci\u00e9n llegados.<\/p>\n<p>Estas ayudas \u201cest\u00e1n dirigidas a las personas inmigrantes que llegan a las costas espa\u00f1olas o forman parte de asentamientos que comportan graves riesgos sociales y sanitarios, y a atender, de forma inmediata, el estado de necesidad en que se encuentran\u201d, explica el ministerio.<\/p>\n<h4><strong>Retorno voluntario<\/strong><\/h4>\n<p>El Gobierno de Espa\u00f1a prev\u00e9 fondos para facilitar <strong>el retorno voluntario<\/strong> a los inmigrantes que quieran volver a su pa\u00eds.<\/p>\n<p>Estas ayudas est\u00e1n destinadas a<strong> inmigrantes extracomunitarios<\/strong> que quieren regresar a su pa\u00eds de origen y se encuentren en una situaci\u00f3n de vulnerabilidad social.<\/p>\n<p>Las ayudas al retorno voluntario, que en el a\u00f1o 2018 han contado con<strong> una subvenci\u00f3n<\/strong> de 1.887.872,49 euros, incluye el billete de avi\u00f3n, una peque\u00f1a ayuda para la manutenci\u00f3n durante el viaje, asesoramiento y orientaci\u00f3n sobre el proceso y apoyo psicol\u00f3gico.<\/p>\n<h4><strong>Ayudas a la integraci\u00f3n a trav\u00e9s de subvenciones<\/strong><\/h4>\n<p>El Gobierno otorga cada a\u00f1o <a href=\"http:\/\/extranjeros.mitramiss.gob.es\/es\/Subvenciones\/index.html\" target=\"_blank\" rel=\"noopener\">subvenciones<\/a> a organizaciones sin \u00e1nimo de lucro que gestionan proyectos de integraci\u00f3n para inmigrantes, por lo que estos no reciben la ayuda econ\u00f3mica directamente.<\/p>\n<p><strong>Los proyectos<\/strong> incluyen ense\u00f1anza del espa\u00f1ol, asesoramiento sobre la sociedad en la que se quieren integrar y acciones para luchar contra la discriminaci\u00f3n, entre otras cosas.<\/p>\n<p>Los beneficiarios de estos proyectos son inmigrantes que residan en Espa\u00f1a legalmente o que se encuentren en proceso de obtenci\u00f3n del permiso de residencia y, en casos en los que sea necesario, los familiares de esos inmigrantes.<\/p>\n<figure id=\"attachment_1188513\" class=\"wp-caption aligncenter\"><img data-recalc-dims=\"1\" loading=\"lazy\" decoding=\"async\" class=\"size-full wp-image-1188513\" src=\"https:\/\/i0.wp.com\/storage.googleapis.com\/theobj-wp-media\/2018\/12\/los-inmigrantes-no-reciben-mas-ayudas-que-tu-aunque-algunos-digan-lo-contrario.jpg?resize=640%2C384&#038;ssl=1\" sizes=\"auto, (max-width: 1920px) 100vw, 1920px\" srcset=\"https:\/\/storage.googleapis.com\/theobj-wp-media\/2018\/12\/los-inmigrantes-no-reciben-mas-ayudas-que-tu-aunque-algunos-digan-lo-contrario.jpg 1920w, https:\/\/storage.googleapis.com\/theobj-wp-media\/2018\/12\/los-inmigrantes-no-reciben-mas-ayudas-que-tu-aunque-algunos-digan-lo-contrario-300x180.jpg 300w, https:\/\/storage.googleapis.com\/theobj-wp-media\/2018\/12\/los-inmigrantes-no-reciben-mas-ayudas-que-tu-aunque-algunos-digan-lo-contrario-768x461.jpg 768w, https:\/\/storage.googleapis.com\/theobj-wp-media\/2018\/12\/los-inmigrantes-no-reciben-mas-ayudas-que-tu-aunque-algunos-digan-lo-contrario-1024x614.jpg 1024w\" alt=\"Los inmigrantes no reciben m\u00e1s ayudas que t\u00fa, aunque algunos digan lo contrario\" width=\"640\" height=\"384\" \/><figcaption class=\"wp-caption-text\">Los inmigrantes reciben ayuda para conocer la sociedad en la que se quieren integrar. | Foto: Olmo Calvo | AP<\/figcaption><\/figure>\n<h4><strong>Prestaciones sociales tras dos a\u00f1os de residencia<\/strong><\/h4>\n<p>El acceso a los servicios sociales es un derecho reconocido tanto desde el \u00e1mbito auton\u00f3mico como el estatal y europeo para todas las personas, por lo que es <strong>la situaci\u00f3n personal o econ\u00f3mica<\/strong> la que determina qui\u00e9n recibe las ayudas y no la nacionalidad.<\/p>\n<p>Adem\u00e1s, <strong>no es cierto que los inmigrantes reciban m\u00e1s ayudas sociales<\/strong> que los espa\u00f1oles, pues el uso por parte de extranjeros del Sistema Integrado de Usuarios de Servicios Sociales es solo del 12,5%, seg\u00fan los datos de Amnist\u00eda Internacional.<\/p>\n<p>En cuanto a las ayudas para la vivienda o la educaci\u00f3n, por ejemplo, los inmigrantes pueden acceder a ellas en las <strong>mismas condiciones que los espa\u00f1oles<\/strong> siempre que hayan residido en la comunidad aut\u00f3noma un m\u00ednimo de dos a\u00f1os, aunque este periodo se reduce a un a\u00f1o en algunos casos, seg\u00fan explica Raquel Santos, coordinadora de Inclusi\u00f3n de la Comisi\u00f3n Espa\u00f1ola de Ayuda al Refugiado (CEAR).<\/p>\n<p>Lo mismo ocurre con las prestaciones por desempleo, que los inmigrantes reciben en las mismas condiciones que los espa\u00f1oles tras haber cotizado un tiempo m\u00ednimo en Espa\u00f1a.<\/p>\n<h2><strong>Ayudas a los solicitantes de asilo<\/strong><\/h2>\n<p>Si los inmigrantes son <a href=\"http:\/\/extranjeros.mitramiss.gob.es\/es\/Subvenciones\/index.html\" target=\"_blank\" rel=\"noopener\">solicitantes de asilo<\/a>, las ayudas son diferentes, pero solo durante un tiempo. Adem\u00e1s, el porcentaje de inmigrantes que son solicitantes de asilo es bastante bajo.<\/p>\n<p>En 2017 hubo en Espa\u00f1a <strong>31.120 solicitantes de asilo<\/strong>, y solo se concedi\u00f3 el estatus de refugiado a 595 personas. El total de extranjeros que viv\u00edan en Espa\u00f1a en el a\u00f1o 2017 era de 4.719.418 personas, de los cuales 146.611 fueron inscritos en el padr\u00f3n ese mismo a\u00f1o.<\/p>\n<p>Estas son las ayudas que reciben los inmigrantes que han solicitado protecci\u00f3n y asilo.<\/p>\n<h4><strong>Seis meses en un centro de acogida<\/strong><\/h4>\n<p>Tras llegar a Espa\u00f1a, los solicitantes de asilo tienen derecho a pasar <strong>seis meses<\/strong> en un centro de acogida.<\/p>\n<p>Estos centros est\u00e1n financiados, en un gran porcentaje, con <strong>fondos europeos<\/strong> otorgados a Espa\u00f1a para la inmigraci\u00f3n, explica Raquel Santos.<\/p>\n<figure id=\"attachment_1188512\" class=\"wp-caption aligncenter\"><img data-recalc-dims=\"1\" loading=\"lazy\" decoding=\"async\" class=\"size-full wp-image-1188512\" src=\"https:\/\/i0.wp.com\/storage.googleapis.com\/theobj-wp-media\/2018\/12\/a-que-ayudas-tienen-derecho-los-inmigrantes-en-espana-3.jpg?resize=640%2C384&#038;ssl=1\" sizes=\"auto, (max-width: 1920px) 100vw, 1920px\" srcset=\"https:\/\/storage.googleapis.com\/theobj-wp-media\/2018\/12\/a-que-ayudas-tienen-derecho-los-inmigrantes-en-espana-3.jpg 1920w, https:\/\/storage.googleapis.com\/theobj-wp-media\/2018\/12\/a-que-ayudas-tienen-derecho-los-inmigrantes-en-espana-3-300x180.jpg 300w, https:\/\/storage.googleapis.com\/theobj-wp-media\/2018\/12\/a-que-ayudas-tienen-derecho-los-inmigrantes-en-espana-3-768x461.jpg 768w, https:\/\/storage.googleapis.com\/theobj-wp-media\/2018\/12\/a-que-ayudas-tienen-derecho-los-inmigrantes-en-espana-3-1024x614.jpg 1024w\" alt=\"\u00bfA qu\u00e9 ayudas tienen derecho los inmigrantes en Espa\u00f1a? 2\" width=\"640\" height=\"384\" \/><figcaption class=\"wp-caption-text\">Un grupo de inmigrantes | recibe ayuda a su llegada a Espa\u00f1a. | Foto: Jon Nazca | Reuters<\/figcaption><\/figure>\n<h4><strong>Ayudas a la vivienda y manutenci\u00f3n<\/strong><\/h4>\n<p>Tras los seis meses en el centro de acogida, los solicitantes de asilo tienen derecho a una <strong>ayuda para alquilar una vivienda<\/strong> o una habitaci\u00f3n, en el caso de que sea una persona sola, as\u00ed como a una ayuda econ\u00f3mica\u00a0para la manutenci\u00f3n.<\/p>\n<p>Este tipo de aportaciones se otorgan en un periodo que\u00a0oscila<strong> entre seis meses y un a\u00f1o<\/strong>, dos si se trata de un caso de vulnerabilidad excepcional.<\/p>\n<p>Como la de los centros de acogida, la financiaci\u00f3n procede de fondos europeos destinados exclusivamente a la inmigraci\u00f3n, por lo que no est\u00e1n recibiendo ayudas destinadas a los espa\u00f1oles.<\/p>\n<p>Mar\u00eda Hern\u00e1ndez<\/p>\n<\/div>\n<\/div>\n<\/div>\n<\/div>\n<div class=\"article__main-image\">Foto: JON NAZCA<\/p>\n<div class=\"article-main-image__info-foto\">\n<div class=\"article-main-image__info-foto-lines\">\n<div class=\"article-main-image__agency\">Reuters<\/div>\n<\/div>\n<\/div>\n<div class=\"article-main-image__icon\"><a href=\"http:\/\/theobjective.com\/further\/ayudas-inmigrantes-espana\/\">http:\/\/theobjective.com\/further\/ayudas-inmigrantes-espana\/<\/a><\/div>\n<\/div>\n<div class=\"article-container__body\">\n<div class=\"page__container\">\n<div class=\"article__body\">\n<div class=\"article__sidebar-social\"><\/div>\n<div class=\"article__content page__quoty\">\n<div id=\"ad-articulo-boton1\" class=\"dfp-button\"><\/div>\n<p>&nbsp;<\/p>\n<\/div>\n<\/div>\n<\/div>\n<\/div>\n","protected":false},"excerpt":{"rendered":"<p>Lo que no cuentan quienes promueven este discurso es que la mayor\u00eda de las ayudas&#8230;<\/p>\n","protected":false},"author":1,"featured_media":0,"comment_status":"closed","ping_status":"closed","sticky":false,"template":"","format":"standard","meta":{"_coblocks_attr":"","_coblocks_dimensions":"","_coblocks_responsive_height":"","_coblocks_accordion_ie_support":"","jetpack_post_was_ever_published":false,"_jetpack_newsletter_access":"","_jetpack_dont_email_post_to_subs":false,"_jetpack_newsletter_tier_id":0,"_jetpack_memberships_contains_paywalled_content":false,"_jetpack_memberships_contains_paid_content":false,"footnotes":"","jetpack_publicize_message":"","jetpack_publicize_feature_enabled":true,"jetpack_social_post_already_shared":false,"jetpack_social_options":{"image_generator_settings":{"template":"highway","default_image_id":0,"enabled":false},"version":2}},"categories":[1161,186,44,15],"tags":[1228,969,1053],"class_list":["post-27870","post","type-post","status-publish","format-standard","hentry","category-ciudadania","category-instituciones","category-noticias-de-hoy","category-ultimas-noticias","tag-ayudas","tag-emigracion","tag-europa"],"jetpack_publicize_connections":[],"jetpack_featured_media_url":"","jetpack_likes_enabled":true,"jetpack_sharing_enabled":true,"_links":{"self":[{"href":"https:\/\/miradordeatarfe.es\/index.php?rest_route=\/wp\/v2\/posts\/27870","targetHints":{"allow":["GET"]}}],"collection":[{"href":"https:\/\/miradordeatarfe.es\/index.php?rest_route=\/wp\/v2\/posts"}],"about":[{"href":"https:\/\/miradordeatarfe.es\/index.php?rest_route=\/wp\/v2\/types\/post"}],"author":[{"embeddable":true,"href":"https:\/\/miradordeatarfe.es\/index.php?rest_route=\/wp\/v2\/users\/1"}],"replies":[{"embeddable":true,"href":"https:\/\/miradordeatarfe.es\/index.php?rest_route=%2Fwp%2Fv2%2Fcomments&post=27870"}],"version-history":[{"count":1,"href":"https:\/\/miradordeatarfe.es\/index.php?rest_route=\/wp\/v2\/posts\/27870\/revisions"}],"predecessor-version":[{"id":27871,"href":"https:\/\/miradordeatarfe.es\/index.php?rest_route=\/wp\/v2\/posts\/27870\/revisions\/27871"}],"wp:attachment":[{"href":"https:\/\/miradordeatarfe.es\/index.php?rest_route=%2Fwp%2Fv2%2Fmedia&parent=27870"}],"wp:term":[{"taxonomy":"category","embeddable":true,"href":"https:\/\/miradordeatarfe.es\/index.php?rest_route=%2Fwp%2Fv2%2Fcategories&post=27870"},{"taxonomy":"post_tag","embeddable":true,"href":"https:\/\/miradordeatarfe.es\/index.php?rest_route=%2Fwp%2Fv2%2Ftags&post=27870"}],"curies":[{"name":"wp","href":"https:\/\/api.w.org\/{rel}","templated":true}]}}