{"id":27889,"date":"2018-12-27T11:30:28","date_gmt":"2018-12-27T10:30:28","guid":{"rendered":"http:\/\/miradordeatarfe.es\/?p=27889"},"modified":"2022-02-12T12:39:31","modified_gmt":"2022-02-12T11:39:31","slug":"ya-vienen-los-reyes-magos-si-pero-desde-donde","status":"publish","type":"post","link":"https:\/\/miradordeatarfe.es\/?p=27889","title":{"rendered":"\u00a1YA VIENEN LOS REYES MAGOS!, S\u00cd, PERO, \u00bfDESDE D\u00d3NDE?."},"content":{"rendered":"<p align=\"JUSTIFY\">Decimos de oriente ycon el af\u00e1n de destacar m\u00e1s el acontecimiento a\u00f1adimos \u201c<b>del<\/b><b> <\/b><b>lejano<\/b><b> <\/b><b>Oriente<\/b>\u201d y la cosa queda como con m\u00e1s enjundia. Con\u00a0ATLETISMO ATARFE. hemos de contenernos para no parecer hiperb\u00f3licos al hablar cada fin de semana de las prestaciones de sus miembros.<!--more--><\/p>\n<p align=\"JUSTIFY\"><span style=\"font-family: Arial, sans-serif;\">Seguro<\/span> <span style=\"font-family: Arial, sans-serif;\">que<\/span> <span style=\"font-family: Arial, sans-serif;\">en<\/span><span style=\"font-family: Arial, sans-serif;\"> estos<\/span> <span style=\"font-family: Arial, sans-serif;\">d\u00edas <\/span><span style=\"font-family: Arial, sans-serif;\">pr\u00e1cticamente<\/span> <span style=\"font-family: Arial, sans-serif;\">la<\/span> <span style=\"font-family: Arial, sans-serif;\">totalidad<\/span> <span style=\"font-family: Arial, sans-serif;\">de<\/span> <span style=\"font-family: Arial, sans-serif;\">nuestr@s<\/span> <span style=\"font-family: Arial, sans-serif;\">atletas<\/span> <span style=\"font-family: Arial, sans-serif;\">ya <\/span><span style=\"font-family: Arial, sans-serif;\">han<\/span> <span style=\"font-family: Arial, sans-serif;\">escrito<\/span> <span style=\"font-family: Arial, sans-serif;\">su<\/span> <span style=\"font-family: Arial, sans-serif;\">carta<\/span> <span style=\"font-family: Arial, sans-serif;\">a<\/span> <span style=\"font-family: Arial, sans-serif;\">los<\/span> <span style=\"font-family: Arial, sans-serif;\">Reyes<\/span> <span style=\"font-family: Arial, sans-serif;\">Magos<\/span> <span style=\"font-family: Arial, sans-serif;\">y<\/span> <span style=\"font-family: Arial, sans-serif;\">apostar\u00eda<\/span> <span style=\"font-family: Arial, sans-serif;\">que<\/span> <span style=\"font-family: Arial, sans-serif;\">la<\/span> <span style=\"font-family: Arial, sans-serif;\">mayor\u00eda<\/span> <span style=\"font-family: Arial, sans-serif;\">comienzan<\/span> <span style=\"font-family: Arial, sans-serif;\">con<\/span> <span style=\"font-family: Arial, sans-serif;\">\u201c<\/span><span style=\"font-family: Arial, sans-serif;\"><i>Queridos<\/i><\/span><i> <\/i><span style=\"font-family: Arial, sans-serif;\"><i>Reyes<\/i><\/span><i> <\/i><span style=\"font-family: Arial, sans-serif;\"><i>Magos<\/i><\/span><span style=\"font-family: Arial, sans-serif;\"><i> de <\/i><\/span><span style=\"font-family: Arial, sans-serif;\"><i>lejano<\/i><\/span><i> <\/i><span style=\"font-family: Arial, sans-serif;\"><i>Oriente\u201d.<\/i><\/span><\/p>\n<p align=\"JUSTIFY\"><span style=\"font-family: Arial, sans-serif;\">Personalmente con el tiempo empec\u00e9 a verle fisuras a dicho pre\u00e1mbulo pues en realidad el lejano Oriente, tambi\u00e9n conocido como <b>Extremo<\/b><b> <\/b><b>Oriente,<\/b><b> <\/b>designa un \u00e1rea geogr\u00e1fica convencional ubicada al este del continente Asi\u00e1tico, compuesta por una serie de pa\u00edses que tienen diversas culturas entre los cuales podemos citar a Birmania, Brunei, Camboya, China, las dos Coreas, Filipinas, Indonesia, Jap\u00f3n, Laos, Malasia, Mongolia, Singapur, Tailandia, Taiw\u00e1n, Timor oriental, Vietnam y el este de Rusia, esto es, aqu\u00e9llos a cuyos habitantes les solemos llamar orientales<\/span><\/p>\n<p align=\"JUSTIFY\"><span style=\"font-family: Arial, sans-serif;\">Por otro lado, la imagen que siempre nos han representado de nuestras majestades distaba mucho de ser la de unos se\u00f1ores de ojos rasgados, as\u00ed tenemos a un tipo rubio, otro casta\u00f1o y un negro. La tradici\u00f3n nos dice que eran babilonios aunque otras teor\u00edas fijan su procedencia en la antigua Persia. Pues bien, <b>Babilonia <\/b>fue una antigua ciudad de la Baja Mesopotamia, actualmente sus ruinas se encuentran en la provincia iraqu\u00ed de Babil, adyacente a la ciudad de Hilla, y 110 km al sur de Bagdad. Por su parte, Persia es una regi\u00f3n hist\u00f3rica de Oriente Medio, al este de Mesopotamia, hoy en d\u00eda la rep\u00fablica isl\u00e1mica de Ir\u00e1n.<\/span><\/p>\n<p align=\"JUSTIFY\"><span style=\"font-family: Arial, sans-serif;\">En definitiva, nuestros Reyes Magos en realidad no vienen del lejano oriente sino de oriente medio e incluso es de suponer que Baltasar vino desde alg\u00fan pa\u00eds africano.<\/span><\/p>\n<p align=\"JUSTIFY\"><span style=\"font-family: Arial, sans-serif;\">Todo esto viene al hilo de que a veces para dar mayor trascendencia a lo que decimos solemos exagerarlo, as\u00ed no nos basta con aludir a que los Reyes Magos vienen de Oriente sino que con el af\u00e1n de destacar m\u00e1s el acontecimiento a\u00f1adimos \u201c<b>del<\/b><b> <\/b><b>lejano<\/b><b> <\/b><b>Oriente<\/b>\u201d y la cosa queda como con m\u00e1s enjundia.<\/span><\/p>\n<p align=\"JUSTIFY\"><span style=\"font-family: Arial, sans-serif;\">Algo similar parece que ocurra con estas cr\u00f3nicas, que exageremos las actuaciones de nuestr@s atletas, pero a los hechos me remito, hemos de contenernos para no parecer hiperb\u00f3licos al hablar cada fin de semana de las prestaciones de l@s miembros de ATLETISMO ATARFE.<\/span><\/p>\n<p align=\"JUSTIFY\"><span style=\"font-family: Arial, sans-serif;\">Sin ir m\u00e1s lejos vamos a repasar la cr\u00f3nica del fin de semana que abre el tel\u00f3n a la temporada de pista con una doble cita en Antequera (cubierta) y Carmona (aire libre) y vamos a esforzarnos por ser lo m\u00e1s fieles y fidedignos posible m\u00e1s en un deporte como<\/span><\/p>\n<p align=\"JUSTIFY\"><span style=\"font-family: Arial, sans-serif;\">el nuestro donde la objetividad impera por encima de todo y los peque\u00f1os detalles son important\u00edsimos, de hecho una cent\u00e9sima o un cent\u00edmetro pueden marcar la diferencia entre el \u00e9xito y el fiasco.<\/span><\/p>\n<p align=\"JUSTIFY\"><span style=\"font-family: Arial, sans-serif;\">Pues bien sin rubor a pasarme dir\u00e9 que para romper el hielo en esta temporada de pista nuestr@s chic@s se han salido, eso s\u00ed dejan el list\u00f3n tan alto que va a resultar dif\u00edcil mejorarlo.<\/span><\/p>\n<p align=\"JUSTIFY\"><span style=\"font-family: Arial, sans-serif;\">Comenzamos por Antequera donde el s\u00e1bado nuestr@s atletas protagonizaron un remake de la pel\u00edcula \u201cLos cinco fant\u00e1sticos\u201d. Debutando tod@s en esta temporada consiguen en todos los casos Mejor Marca Personal en la prueba m\u00e1s corta del programa, los 60 metros lisos. Antonio Pe\u00f1a 7.88, Carlos Franquelo 7,89, Ra\u00fal Castillo 7.92, Celia Mart\u00edn 8.39, Elena Maroto 8.44.<\/span><\/p>\n<p align=\"JUSTIFY\"><span style=\"font-family: Arial, sans-serif;\">Pe\u00f1a recorta 9 cent\u00e9simas su marca; Carlos le quita una cent\u00e9sima a su registro y Ra\u00fal rompe el hielo con la distancia bajando sobradamente de los 8 segundos.<\/span><\/p>\n<p align=\"JUSTIFY\"><span style=\"font-family: Arial, sans-serif;\">Por su parte tanto Celia como Elena consiguen m\u00ednima para el campeonato de Andaluc\u00eda a la par que nuevas plusmarcas personales.<\/span><\/p>\n<p align=\"JUSTIFY\"><span style=\"font-family: Arial, sans-serif;\">Todos ellos doblaron prueba disputando a continuaci\u00f3n los 200 m.l. Celia Mart\u00edn 28.14, Elena Maroto 29.53. Carlos Franquelo 25.20, Ra\u00fal Castillo 25.44, Antonio Pe\u00f1a 25.48, tras el subid\u00f3n del 60 nuestros velocistas se atrancan en el doble hect\u00f3metro y mejor que valorarlo nosotros reproducimos aqu\u00ed la opini\u00f3n de sus protagonistas: \u201c<i>el<\/i><i> <\/i><i>pr\u00f3ximo<\/i><i> <\/i><i>saldr\u00e1<\/i><i> <\/i><i>mejor<\/i>\u201d (Elena), \u201c<i>todo<\/i><i> <\/i><i>muy<\/i><i> <\/i><i>mejorable<\/i><i> <\/i><i>pero<\/i><i> <\/i><i>bueno<\/i><i> <\/i><i>a<\/i><i> <\/i><i>seguir\u201d<\/i><i> <\/i>(Ra\u00fal). Efectivamente, ante un resultado que no es el esperado no hay que sucumbir sino pasar p\u00e1gina y apostar por el futuro, lo importante siempre est\u00e1 por llegar.<\/span><\/p>\n<p align=\"JUSTIFY\"><a href=\"https:\/\/i0.wp.com\/miradordeatarfe.es\/wp-content\/uploads\/2018\/12\/Elena-Maroto-Antequera.jpg?ssl=1\"><img data-recalc-dims=\"1\" loading=\"lazy\" decoding=\"async\" class=\"size-full wp-image-27892 aligncenter\" src=\"https:\/\/i0.wp.com\/miradordeatarfe.es\/wp-content\/uploads\/2018\/12\/Elena-Maroto-Antequera.jpg?resize=424%2C318&#038;ssl=1\" alt=\"\" width=\"424\" height=\"318\" srcset=\"https:\/\/i0.wp.com\/miradordeatarfe.es\/wp-content\/uploads\/2018\/12\/Elena-Maroto-Antequera.jpg?w=424&amp;ssl=1 424w, https:\/\/i0.wp.com\/miradordeatarfe.es\/wp-content\/uploads\/2018\/12\/Elena-Maroto-Antequera.jpg?resize=300%2C225&amp;ssl=1 300w\" sizes=\"auto, (max-width: 424px) 100vw, 424px\" \/><\/a><\/p>\n<p align=\"JUSTIFY\"><span style=\"font-family: Arial, sans-serif;\">Nos vamos ahora hasta la localidad sevillana de Carmona donde en un control de marcas se juntaron los mejores especialistas andaluces en las pruebas de medio fondo para cruzarse en la distancia de los 3000 metros, algunos de ellos verdaderas estrellas a nivel nacional, as\u00ed fueron de la partida los ol\u00edmpicos Sebas Martos y Kevin L\u00f3pez m\u00e1s los internacionales Gonzalo Garrido, Ignacio Fontes, \u2026En la serie A se impuso Gonzalo con una marca de 8.03 a Martos (8.04). En la serie B participa Manuel Jim\u00e9nez L\u00f3pez con el objetivo de mejorar marca personal (8.56) y tras una carrera donde fue de menos a mas tanto en puestos como en ritmo (2.57-2.56-2.54) termina con unos encomiables<\/span><\/p>\n<p align=\"JUSTIFY\"><span style=\"font-family: Arial, sans-serif;\">8.47.13 que no s\u00f3lo es nueva marca personal sino que a d\u00eda de hoy es la mejor marca espa\u00f1ola del a\u00f1o si bien la temporada no ha hecho sino comenzar y aun es pronto para analizar la tabla de marcas.<\/span><\/p>\n<p align=\"JUSTIFY\"><span style=\"font-family: Arial, sans-serif;\">En definitiva, no diremos que se han salido pero s\u00ed que lo han hecho excelentemente bien.<\/span><\/p>\n","protected":false},"excerpt":{"rendered":"<p>Decimos de oriente ycon el af\u00e1n de destacar m\u00e1s el acontecimiento a\u00f1adimos \u201cdel lejano Oriente\u201d&#8230;<\/p>\n","protected":false},"author":1,"featured_media":27894,"comment_status":"closed","ping_status":"closed","sticky":false,"template":"","format":"standard","meta":{"_coblocks_attr":"","_coblocks_dimensions":"","_coblocks_responsive_height":"","_coblocks_accordion_ie_support":"","jetpack_post_was_ever_published":false,"_jetpack_newsletter_access":"","_jetpack_dont_email_post_to_subs":false,"_jetpack_newsletter_tier_id":0,"_jetpack_memberships_contains_paywalled_content":false,"_jetpack_memberships_contains_paid_content":false,"footnotes":"","jetpack_publicize_message":"","jetpack_publicize_feature_enabled":true,"jetpack_social_post_already_shared":false,"jetpack_social_options":{"image_generator_settings":{"template":"highway","default_image_id":0,"enabled":false},"version":2}},"categories":[2,182,6915,44,15],"tags":[1924],"class_list":["post-27889","post","type-post","status-publish","format-standard","has-post-thumbnail","hentry","category-atarfe","category-deportes","category-opinion-de-manuel-jimenez","category-noticias-de-hoy","category-ultimas-noticias","tag-reyes-magos"],"jetpack_publicize_connections":[],"jetpack_featured_media_url":"https:\/\/i0.wp.com\/miradordeatarfe.es\/wp-content\/uploads\/2018\/12\/Manu-Carmona-231218c-2.png?fit=400%2C385&ssl=1","jetpack_likes_enabled":true,"jetpack_sharing_enabled":true,"_links":{"self":[{"href":"https:\/\/miradordeatarfe.es\/index.php?rest_route=\/wp\/v2\/posts\/27889","targetHints":{"allow":["GET"]}}],"collection":[{"href":"https:\/\/miradordeatarfe.es\/index.php?rest_route=\/wp\/v2\/posts"}],"about":[{"href":"https:\/\/miradordeatarfe.es\/index.php?rest_route=\/wp\/v2\/types\/post"}],"author":[{"embeddable":true,"href":"https:\/\/miradordeatarfe.es\/index.php?rest_route=\/wp\/v2\/users\/1"}],"replies":[{"embeddable":true,"href":"https:\/\/miradordeatarfe.es\/index.php?rest_route=%2Fwp%2Fv2%2Fcomments&post=27889"}],"version-history":[{"count":2,"href":"https:\/\/miradordeatarfe.es\/index.php?rest_route=\/wp\/v2\/posts\/27889\/revisions"}],"predecessor-version":[{"id":27895,"href":"https:\/\/miradordeatarfe.es\/index.php?rest_route=\/wp\/v2\/posts\/27889\/revisions\/27895"}],"wp:featuredmedia":[{"embeddable":true,"href":"https:\/\/miradordeatarfe.es\/index.php?rest_route=\/wp\/v2\/media\/27894"}],"wp:attachment":[{"href":"https:\/\/miradordeatarfe.es\/index.php?rest_route=%2Fwp%2Fv2%2Fmedia&parent=27889"}],"wp:term":[{"taxonomy":"category","embeddable":true,"href":"https:\/\/miradordeatarfe.es\/index.php?rest_route=%2Fwp%2Fv2%2Fcategories&post=27889"},{"taxonomy":"post_tag","embeddable":true,"href":"https:\/\/miradordeatarfe.es\/index.php?rest_route=%2Fwp%2Fv2%2Ftags&post=27889"}],"curies":[{"name":"wp","href":"https:\/\/api.w.org\/{rel}","templated":true}]}}