{"id":27896,"date":"2018-12-28T09:15:26","date_gmt":"2018-12-28T08:15:26","guid":{"rendered":"http:\/\/miradordeatarfe.es\/?p=27896"},"modified":"2018-12-26T16:23:06","modified_gmt":"2018-12-26T15:23:06","slug":"las-mentiras-del-per","status":"publish","type":"post","link":"https:\/\/miradordeatarfe.es\/?p=27896","title":{"rendered":"Las mentiras del PER"},"content":{"rendered":"<p style=\"text-align: justify;\">Es bastante que quien te hable mal del PER (que hace 25 a\u00f1os que ya no se llama as\u00ed) no haya hablado en su vida con un jornalero, no haya cogido una vara de olivar jam\u00e1s y no tenga la m\u00e1s remota idea de lo que de verdad supone un escupitajo en la plancha de ayudas y subvenciones p\u00fablicas de Espa\u00f1a.<!--more--><\/p>\n<p style=\"text-align: justify;\">No, la Junta de Andaluc\u00eda, ni el nuevo Gobierno que surja ahora del Parlamento, pueden derogar el PER, que ya no se llama as\u00ed. Su competencia es exclusiva del Estado. Tendr\u00eda que ser el Gobierno de Pedro S\u00e1nchez el que lo derogara, que no lo va a hacer, como tampoco lo hizo el PP, ni Aznar ni Rajoy.<\/p>\n<p style=\"text-align: justify;\">No, el PER no es un fraude masivo. De los m\u00e1s de 5.000 millones de euros en ayudas p\u00fablicas que llegan solo para el campo el PER, que ya no se llama as\u00ed, no se lleva ni 200 millones. Los jornaleros que lo cobran, que han tenido que trabajar antes, como m\u00ednimo, 35 d\u00edas, tienen un salario que ni llega a 500 euros al mes durante un m\u00e1ximo de medio a\u00f1o. Y para cobrarlo tienen que trabajar tambi\u00e9n para su pueblo, en las obras que elija su ayuntamiento, como arreglar calles, pintar fachadas, reparar caminos o abrir zanjas. \u201cLa gente del paro\u201d, como se les conoce en los pueblos.<\/p>\n<p style=\"text-align: justify;\">\u00bfCu\u00e1ntos de los que alegremente hablan de derogar el PER, que ya no se llama as\u00ed, ser\u00edan capaces de vivir con menos de 500 euros al mes y que para hacerlo han tenido que, m\u00ednimo, estar 35 d\u00edas vareando olivos? \u00bfCu\u00e1ntos? Probablemente ninguno.<\/p>\n<p style=\"text-align: justify;\">No, el PER, que ya no se llama as\u00ed, no genera voto cautivo.<strong> Un estudio de la Universidad de Granada concluy\u00f3 que los pueblos con m\u00e1s jornaleros que cobran el subsidio agr\u00edcola no votaban al PSOE. Votaban a IU. Extra\u00f1o comportamiento electoral.<\/strong><\/p>\n<p style=\"text-align: justify;\"><strong>No, el PER, que no se llama as\u00ed, no es algo andaluz. En 2008, llegaron a cobrar subsidios agr\u00edcolas extreme\u00f1os, manchegos, canarios, murcianos, aragoneses y valencianos. Todos ten\u00edan algo en com\u00fan: eran jornaleros agr\u00edcolas<\/strong>. El grueso de este subsidio se cobra en Andaluc\u00eda, quiz\u00e1s la comunidad aut\u00f3noma m\u00e1s rural y con m\u00e1s latifundios de Espa\u00f1a. Pero claro, ese es otro debate.<\/p>\n<p style=\"text-align: justify;\">Afirmar que el PER, que ya no se llama as\u00ed, con sus defectos ha evitado que la Andaluc\u00eda rural se vac\u00ede puede ser impopular pero es verdad. \u00bfSe imaginan lo que hubiera pasado si esos jornaleros de los a\u00f1os ochenta que no ten\u00edan donde caerse muertos hubieran emigrado masivamente a otros puntos de Espa\u00f1a o Europa? \u00bfQui\u00e9n habr\u00eda cultivado esos inmensos latifundios andaluces? \u00bfQui\u00e9n habr\u00eda mantenido esos gigantescos cortijos que tan bien quedan en el <em>Hola!<\/em>?<\/p>\n<p style=\"text-align: justify;\">S\u00ed, probablemente lo habr\u00edan hecho los mismos que han levantado la agricultura en mitad del desierto de Almer\u00eda, donde no hab\u00eda tantos jornaleros: los inmigrantes.<\/p>\n<p style=\"text-align: justify;\">Quiz\u00e1s el PER, que ya no se llama as\u00ed y con todos sus defectos, que los tiene, salv\u00f3 a una parte de Andaluc\u00eda de morir de inanici\u00f3n. Quiz\u00e1s ayud\u00f3 a que Andaluc\u00eda siguiese conservando sus tradiciones rurales, que el campo no se deshabitase, que siguiese habiendo gente en los pueblos para mantener ferias, semanas santas, romer\u00edas y procesiones. Y hasta llenando plazas de toros y cacer\u00edas. Vamos a derogarlo. Vamos a volver a matar de hambre a los, afortunadamente, cada vez menos jornaleros andaluces. Venga.<\/p>\n<p>.FOTO:Un jornalero recogiendo aceituna | MADERO CUBERO<\/p>\n","protected":false},"excerpt":{"rendered":"<p>Es bastante que quien te hable mal del PER (que hace 25 a\u00f1os que ya&#8230;<\/p>\n","protected":false},"author":1,"featured_media":27897,"comment_status":"closed","ping_status":"closed","sticky":false,"template":"","format":"standard","meta":{"_coblocks_attr":"","_coblocks_dimensions":"","_coblocks_responsive_height":"","_coblocks_accordion_ie_support":"","jetpack_post_was_ever_published":false,"_jetpack_newsletter_access":"","_jetpack_dont_email_post_to_subs":false,"_jetpack_newsletter_tier_id":0,"_jetpack_memberships_contains_paywalled_content":false,"_jetpack_memberships_contains_paid_content":false,"footnotes":"","jetpack_publicize_message":"","jetpack_publicize_feature_enabled":true,"jetpack_social_post_already_shared":false,"jetpack_social_options":{"image_generator_settings":{"template":"highway","default_image_id":0,"enabled":false},"version":2}},"categories":[1161,186,44,15],"tags":[5584,1100,20],"class_list":["post-27896","post","type-post","status-publish","format-standard","has-post-thumbnail","hentry","category-ciudadania","category-instituciones","category-noticias-de-hoy","category-ultimas-noticias","tag-jornaleros","tag-per","tag-universidad"],"jetpack_publicize_connections":[],"jetpack_featured_media_url":"https:\/\/i0.wp.com\/miradordeatarfe.es\/wp-content\/uploads\/2018\/12\/RecogidaAceituna2-620x413-1.jpg?fit=620%2C413&ssl=1","jetpack_likes_enabled":true,"jetpack_sharing_enabled":true,"_links":{"self":[{"href":"https:\/\/miradordeatarfe.es\/index.php?rest_route=\/wp\/v2\/posts\/27896","targetHints":{"allow":["GET"]}}],"collection":[{"href":"https:\/\/miradordeatarfe.es\/index.php?rest_route=\/wp\/v2\/posts"}],"about":[{"href":"https:\/\/miradordeatarfe.es\/index.php?rest_route=\/wp\/v2\/types\/post"}],"author":[{"embeddable":true,"href":"https:\/\/miradordeatarfe.es\/index.php?rest_route=\/wp\/v2\/users\/1"}],"replies":[{"embeddable":true,"href":"https:\/\/miradordeatarfe.es\/index.php?rest_route=%2Fwp%2Fv2%2Fcomments&post=27896"}],"version-history":[{"count":1,"href":"https:\/\/miradordeatarfe.es\/index.php?rest_route=\/wp\/v2\/posts\/27896\/revisions"}],"predecessor-version":[{"id":27898,"href":"https:\/\/miradordeatarfe.es\/index.php?rest_route=\/wp\/v2\/posts\/27896\/revisions\/27898"}],"wp:featuredmedia":[{"embeddable":true,"href":"https:\/\/miradordeatarfe.es\/index.php?rest_route=\/wp\/v2\/media\/27897"}],"wp:attachment":[{"href":"https:\/\/miradordeatarfe.es\/index.php?rest_route=%2Fwp%2Fv2%2Fmedia&parent=27896"}],"wp:term":[{"taxonomy":"category","embeddable":true,"href":"https:\/\/miradordeatarfe.es\/index.php?rest_route=%2Fwp%2Fv2%2Fcategories&post=27896"},{"taxonomy":"post_tag","embeddable":true,"href":"https:\/\/miradordeatarfe.es\/index.php?rest_route=%2Fwp%2Fv2%2Ftags&post=27896"}],"curies":[{"name":"wp","href":"https:\/\/api.w.org\/{rel}","templated":true}]}}