{"id":27908,"date":"2018-12-27T10:54:26","date_gmt":"2018-12-27T09:54:26","guid":{"rendered":"http:\/\/miradordeatarfe.es\/?p=27908"},"modified":"2018-12-26T17:01:49","modified_gmt":"2018-12-26T16:01:49","slug":"el-gobierno-eliminara-el-abuso-todo-delito-sexual-sera-agresion-o-violacion","status":"publish","type":"post","link":"https:\/\/miradordeatarfe.es\/?p=27908","title":{"rendered":"El Gobierno eliminar\u00e1 el \u00ababuso\u00bb: todo delito sexual ser\u00e1 \u00abagresi\u00f3n\u00bb o \u00abviolaci\u00f3n\u00bb"},"content":{"rendered":"<p style=\"text-align: justify;\">Cualquier \u00abcomportamiento sexual\u00bb sin consentimiento contra la mujer ser\u00e1 violaci\u00f3n o agresi\u00f3n sexual.<!--more--><\/p>\n<p style=\"text-align: justify;\">Cualquier<b> \u00abcomportamiento sexual\u00bb <\/b>hacia una mujer sin su consentimiento podr\u00eda ser considerado un delito de <b>agresi\u00f3n sexual <\/b>y estar penado con prisi\u00f3n, de aceptarse la propuesta de la Comisi\u00f3n de expertos encargados de la reforma del C\u00f3digo Penal en relaci\u00f3n con los delitos sexuales.<\/p>\n<p style=\"text-align: justify;\">La propuesta establece dos tipos delictivos: <b>la agresi\u00f3n sexual y la violaci\u00f3n. <\/b><\/p>\n<p style=\"text-align: justify;\">El primero siempre que sea un <b>comportamiento contra la mujer sin su consentimiento<\/b>, y el segundo cuando haya <b>penetraci\u00f3n<\/b>, con lo que desaparecer\u00eda el que hasta ahora estaba tipificado como abuso sexual.<\/p>\n<p style=\"text-align: justify;\">Lo ha anunciado la portavoz del Gobierno, Isabel Cel\u00e1a, en la rueda de prensa tras el Consejo de Ministros, que<b> ha estudiado la propuesta de la Comisi\u00f3n General de Codificaci\u00f3n<\/b>, que recibi\u00f3 el encargo de revisar la tipificaci\u00f3n de los delitos sexuales despu\u00e9s de la pol\u00e9mica sentencia de La Manada.<\/p>\n<p style=\"text-align: justify;\">Seg\u00fan ha explicado Cel\u00e1a, los expertos proponen \u00abcastigar con prisi\u00f3n cualquier comportamiento sexual hacia una mujer sin su consentimiento al considerarlo un delito de agresi\u00f3n sexual\u00bb.<\/p>\n<p style=\"text-align: justify;\">La Comisi\u00f3n justifica su reforma \u00abhaciendo un deslinde perfecto entre los tipos delictivos afirmando que existen dos: la agresi\u00f3n sexual y violaci\u00f3n\u00bb.<\/p>\n<p style=\"text-align: justify;\">En concreto, ha especificado la portavoz, \u00abla agresi\u00f3n sexual, siempre que sea un comportamiento contra la mujer sin su consentimiento y violaci\u00f3n si hay penetraci\u00f3n\u00bb.<\/p>\n<p style=\"text-align: justify;\">Por tanto,<b> se eliminar\u00eda<\/b> <b>\u00abel denominado hasta ahora tipo de abuso sexual\u00bb<\/b>. A juicio de Cel\u00e1a, el Gobierno \u00abha cumplido con su compromiso trayendo a este Consejo de Ministros el estudio necesario para poder avanzar en este terreno\u00bb.<\/p>\n<p style=\"text-align: justify;\">El informe de los expertos ha llegado al Consejo de Ministros en pleno debate sobre la pertinencia de reforzar medidas como la libertad vigilada tras el asesinato de la joven Laura Luelmo.<\/p>\n<p><a href=\"https:\/\/www.antena3.com\/noticias\/sociedad\/abuso-violacion-video_201812215c1ce2730cf2b5f9b94b9648.html\">https:\/\/www.antena3.com\/noticias\/sociedad\/abuso-violacion-video_201812215c1ce2730cf2b5f9b94b9648.html<\/a><\/p>\n","protected":false},"excerpt":{"rendered":"<p>Cualquier \u00abcomportamiento sexual\u00bb sin consentimiento contra la mujer ser\u00e1 violaci\u00f3n o agresi\u00f3n sexual.<\/p>\n","protected":false},"author":1,"featured_media":27909,"comment_status":"closed","ping_status":"closed","sticky":false,"template":"","format":"standard","meta":{"_coblocks_attr":"","_coblocks_dimensions":"","_coblocks_responsive_height":"","_coblocks_accordion_ie_support":"","jetpack_post_was_ever_published":false,"_jetpack_newsletter_access":"","_jetpack_dont_email_post_to_subs":false,"_jetpack_newsletter_tier_id":0,"_jetpack_memberships_contains_paywalled_content":false,"_jetpack_memberships_contains_paid_content":false,"footnotes":"","jetpack_publicize_message":"","jetpack_publicize_feature_enabled":true,"jetpack_social_post_already_shared":false,"jetpack_social_options":{"image_generator_settings":{"template":"highway","default_image_id":0,"enabled":false},"version":2}},"categories":[14,186,44,15],"tags":[894,1630,2882],"class_list":["post-27908","post","type-post","status-publish","format-standard","has-post-thumbnail","hentry","category-feminismo","category-instituciones","category-noticias-de-hoy","category-ultimas-noticias","tag-abusos","tag-delitos-sexuales","tag-violaciones"],"jetpack_publicize_connections":[],"jetpack_featured_media_url":"https:\/\/i0.wp.com\/miradordeatarfe.es\/wp-content\/uploads\/2018\/12\/%C3%ADndice-9.jpeg?fit=284%2C177&ssl=1","jetpack_likes_enabled":true,"jetpack_sharing_enabled":true,"_links":{"self":[{"href":"https:\/\/miradordeatarfe.es\/index.php?rest_route=\/wp\/v2\/posts\/27908","targetHints":{"allow":["GET"]}}],"collection":[{"href":"https:\/\/miradordeatarfe.es\/index.php?rest_route=\/wp\/v2\/posts"}],"about":[{"href":"https:\/\/miradordeatarfe.es\/index.php?rest_route=\/wp\/v2\/types\/post"}],"author":[{"embeddable":true,"href":"https:\/\/miradordeatarfe.es\/index.php?rest_route=\/wp\/v2\/users\/1"}],"replies":[{"embeddable":true,"href":"https:\/\/miradordeatarfe.es\/index.php?rest_route=%2Fwp%2Fv2%2Fcomments&post=27908"}],"version-history":[{"count":2,"href":"https:\/\/miradordeatarfe.es\/index.php?rest_route=\/wp\/v2\/posts\/27908\/revisions"}],"predecessor-version":[{"id":27911,"href":"https:\/\/miradordeatarfe.es\/index.php?rest_route=\/wp\/v2\/posts\/27908\/revisions\/27911"}],"wp:featuredmedia":[{"embeddable":true,"href":"https:\/\/miradordeatarfe.es\/index.php?rest_route=\/wp\/v2\/media\/27909"}],"wp:attachment":[{"href":"https:\/\/miradordeatarfe.es\/index.php?rest_route=%2Fwp%2Fv2%2Fmedia&parent=27908"}],"wp:term":[{"taxonomy":"category","embeddable":true,"href":"https:\/\/miradordeatarfe.es\/index.php?rest_route=%2Fwp%2Fv2%2Fcategories&post=27908"},{"taxonomy":"post_tag","embeddable":true,"href":"https:\/\/miradordeatarfe.es\/index.php?rest_route=%2Fwp%2Fv2%2Ftags&post=27908"}],"curies":[{"name":"wp","href":"https:\/\/api.w.org\/{rel}","templated":true}]}}