{"id":27919,"date":"2018-12-27T07:50:50","date_gmt":"2018-12-27T06:50:50","guid":{"rendered":"http:\/\/miradordeatarfe.es\/?p=27919"},"modified":"2018-12-26T17:55:55","modified_gmt":"2018-12-26T16:55:55","slug":"27919","status":"publish","type":"post","link":"https:\/\/miradordeatarfe.es\/?p=27919","title":{"rendered":"ATARFE: FESTIVAL DE CORTOMETRAJES"},"content":{"rendered":"<p style=\"text-align: justify;\">Durante estas navidades, el cine ocupar\u00e1 un lugar importante de la programaci\u00f3n los d\u00edas 26, 27 y 28 de diciembre.<!--more--> La plataforma para la exhibici\u00f3n y promoci\u00f3n del cortometraje en Espa\u00f1a proyectar\u00e1 varios cortos para todos los p\u00fablicos en el <a class=\"profileLink\" href=\"https:\/\/www.facebook.com\/CentroCulturalMedinaElvira\/?__tn__=K-R&amp;eid=ARCl5FAaYkPqZln0SmxF-dXYPxov-JRafhNRWWs9J8pR_DP5TmxqlHnSz6QQ1uJwI4JOJ1s_yV1LYg2A&amp;fref=mentions&amp;__xts__%5B0%5D=68.ARA89PUpzD7rCBRKDSqd7U1eeNmxskcipSPcJXmUWhOZNP9ST8HyYmEkoRua5wGaSpQq1c5tyy3iULBp81wT-qwEAnn3rP3dgYA9MC6_63ueBi8pN6iUA8_azPhmWAjOca8WSMV9Fh8sr7HsiOqLdaomimzZkwZQbbTjiCoYS9TCYv-QOOLeAtR6eAIiWFxv_5uzWnJpTsPvEzGjZG4lotsK80ZK8yFQYvIpTHB3TPACZ83-IyzdxM-PBxvVzRZs2DneC6RW96_9IHomzG8sNcIGN_9kEpBS_AqcguTbbQvtOQ4LW3OFCsXBKP8Cs3kUVnFXSaMzqHD_Y_6UFkSdHiI9Fg\" data-hovercard=\"\/ajax\/hovercard\/page.php?id=579830115369795&amp;extragetparams=%7B%22__tn__%22%3A%22%2CdK-R-R%22%2C%22eid%22%3A%22ARCl5FAaYkPqZln0SmxF-dXYPxov-JRafhNRWWs9J8pR_DP5TmxqlHnSz6QQ1uJwI4JOJ1s_yV1LYg2A%22%2C%22fref%22%3A%22mentions%22%7D\" data-hovercard-prefer-more-content-show=\"1\">Centro Cultural Medina Elvira<\/a>.<\/p>\n<p style=\"text-align: justify;\">El festival arranc\u00f3 esta ma\u00f1ana, mi\u00e9rcoles 26, con un pase infantil a partir de las 12 del mediod\u00eda.<\/p>\n<p style=\"text-align: justify;\">Los d\u00edas siguientes las sesiones son por la tarde y puede asistir todo el que lo desee hasta completar aforo. Los asistentes podr\u00e1n votar al mejor cortometraje una vez finalizada la proyecci\u00f3n. La entrada es gratuita. \u00a1No te lo pierdas!<\/p>\n<p>&nbsp;<\/p>\n<p><a href=\"https:\/\/i0.wp.com\/miradordeatarfe.es\/wp-content\/uploads\/2018\/12\/48430048_2103843046346221_1985311923490521088_n.jpg?ssl=1\"><img data-recalc-dims=\"1\" loading=\"lazy\" decoding=\"async\" class=\"size-full wp-image-27920 aligncenter\" src=\"https:\/\/i0.wp.com\/miradordeatarfe.es\/wp-content\/uploads\/2018\/12\/48430048_2103843046346221_1985311923490521088_n.jpg?resize=640%2C927&#038;ssl=1\" alt=\"\" width=\"640\" height=\"927\" srcset=\"https:\/\/i0.wp.com\/miradordeatarfe.es\/wp-content\/uploads\/2018\/12\/48430048_2103843046346221_1985311923490521088_n.jpg?w=663&amp;ssl=1 663w, https:\/\/i0.wp.com\/miradordeatarfe.es\/wp-content\/uploads\/2018\/12\/48430048_2103843046346221_1985311923490521088_n.jpg?resize=207%2C300&amp;ssl=1 207w, https:\/\/i0.wp.com\/miradordeatarfe.es\/wp-content\/uploads\/2018\/12\/48430048_2103843046346221_1985311923490521088_n.jpg?resize=600%2C869&amp;ssl=1 600w\" sizes=\"auto, (max-width: 640px) 100vw, 640px\" \/><\/a><\/p>\n<p><a href=\"https:\/\/i0.wp.com\/miradordeatarfe.es\/wp-content\/uploads\/2018\/12\/2.1.-Programacion-1-727x1024-1.jpg?ssl=1\"><img data-recalc-dims=\"1\" loading=\"lazy\" decoding=\"async\" class=\"size-full wp-image-27921 aligncenter\" src=\"https:\/\/i0.wp.com\/miradordeatarfe.es\/wp-content\/uploads\/2018\/12\/2.1.-Programacion-1-727x1024-1.jpg?resize=640%2C901&#038;ssl=1\" alt=\"\" width=\"640\" height=\"901\" srcset=\"https:\/\/i0.wp.com\/miradordeatarfe.es\/wp-content\/uploads\/2018\/12\/2.1.-Programacion-1-727x1024-1.jpg?w=727&amp;ssl=1 727w, https:\/\/i0.wp.com\/miradordeatarfe.es\/wp-content\/uploads\/2018\/12\/2.1.-Programacion-1-727x1024-1.jpg?resize=213%2C300&amp;ssl=1 213w, https:\/\/i0.wp.com\/miradordeatarfe.es\/wp-content\/uploads\/2018\/12\/2.1.-Programacion-1-727x1024-1.jpg?resize=600%2C845&amp;ssl=1 600w\" sizes=\"auto, (max-width: 640px) 100vw, 640px\" \/><\/a><\/p>\n","protected":false},"excerpt":{"rendered":"<p>Durante estas navidades, el cine ocupar\u00e1 un lugar importante de la programaci\u00f3n los d\u00edas 26,&#8230;<\/p>\n","protected":false},"author":1,"featured_media":27884,"comment_status":"closed","ping_status":"closed","sticky":false,"template":"","format":"standard","meta":{"_coblocks_attr":"","_coblocks_dimensions":"","_coblocks_responsive_height":"","_coblocks_accordion_ie_support":"","jetpack_post_was_ever_published":false,"_jetpack_newsletter_access":"","_jetpack_dont_email_post_to_subs":false,"_jetpack_newsletter_tier_id":0,"_jetpack_memberships_contains_paywalled_content":false,"_jetpack_memberships_contains_paid_content":false,"footnotes":"","jetpack_publicize_message":"","jetpack_publicize_feature_enabled":true,"jetpack_social_post_already_shared":false,"jetpack_social_options":{"image_generator_settings":{"template":"highway","default_image_id":0,"enabled":false},"version":2}},"categories":[2,12,186,44,15],"tags":[81,5583],"class_list":["post-27919","post","type-post","status-publish","format-standard","has-post-thumbnail","hentry","category-atarfe","category-cultura","category-instituciones","category-noticias-de-hoy","category-ultimas-noticias","tag-atarfe","tag-festival-de-cortos"],"jetpack_publicize_connections":[],"jetpack_featured_media_url":"https:\/\/i0.wp.com\/miradordeatarfe.es\/wp-content\/uploads\/2018\/12\/%C3%ADndice-7.jpeg?fit=327%2C154&ssl=1","jetpack_likes_enabled":true,"jetpack_sharing_enabled":true,"_links":{"self":[{"href":"https:\/\/miradordeatarfe.es\/index.php?rest_route=\/wp\/v2\/posts\/27919","targetHints":{"allow":["GET"]}}],"collection":[{"href":"https:\/\/miradordeatarfe.es\/index.php?rest_route=\/wp\/v2\/posts"}],"about":[{"href":"https:\/\/miradordeatarfe.es\/index.php?rest_route=\/wp\/v2\/types\/post"}],"author":[{"embeddable":true,"href":"https:\/\/miradordeatarfe.es\/index.php?rest_route=\/wp\/v2\/users\/1"}],"replies":[{"embeddable":true,"href":"https:\/\/miradordeatarfe.es\/index.php?rest_route=%2Fwp%2Fv2%2Fcomments&post=27919"}],"version-history":[{"count":3,"href":"https:\/\/miradordeatarfe.es\/index.php?rest_route=\/wp\/v2\/posts\/27919\/revisions"}],"predecessor-version":[{"id":27924,"href":"https:\/\/miradordeatarfe.es\/index.php?rest_route=\/wp\/v2\/posts\/27919\/revisions\/27924"}],"wp:featuredmedia":[{"embeddable":true,"href":"https:\/\/miradordeatarfe.es\/index.php?rest_route=\/wp\/v2\/media\/27884"}],"wp:attachment":[{"href":"https:\/\/miradordeatarfe.es\/index.php?rest_route=%2Fwp%2Fv2%2Fmedia&parent=27919"}],"wp:term":[{"taxonomy":"category","embeddable":true,"href":"https:\/\/miradordeatarfe.es\/index.php?rest_route=%2Fwp%2Fv2%2Fcategories&post=27919"},{"taxonomy":"post_tag","embeddable":true,"href":"https:\/\/miradordeatarfe.es\/index.php?rest_route=%2Fwp%2Fv2%2Ftags&post=27919"}],"curies":[{"name":"wp","href":"https:\/\/api.w.org\/{rel}","templated":true}]}}