{"id":27940,"date":"2018-12-31T10:30:02","date_gmt":"2018-12-31T09:30:02","guid":{"rendered":"http:\/\/miradordeatarfe.es\/?p=27940"},"modified":"2018-12-31T11:11:30","modified_gmt":"2018-12-31T10:11:30","slug":"los-que-se-fueron-en-2018","status":"publish","type":"post","link":"https:\/\/miradordeatarfe.es\/?p=27940","title":{"rendered":"Los que se fueron en 2018"},"content":{"rendered":"<div class=\"articulo__envoltorio\">\n<article class=\"articulo articulo--nointro\">\n<div id=\"articulo_interior\" class=\"articulo__interior\">\n<header id=\"articulo-encabezado\" class=\"articulo-encabezado \">\n<div id=\"articulo-texto\" class=\"articulo-texto\">\n<div id=\"articulo-titulares\" class=\"articulo-titulares\">\n<div class=\"articulo-subtitulos\">\n<p class=\"articulo-subtitulo\">Forges, Montserrat Caball\u00e9, Stephen Hawking y Carmen Alborch son algunos de los grandes nombres que murieron este 2018. Un repaso fotogr\u00e1fico recuerda los obituarios publicados por EL PA\u00cdS en este a\u00f1o<\/p>\n<\/div>\n<\/div>\n<\/div>\n<\/header>\n<\/div>\n<\/article>\n<\/div>\n<p><!--more--><\/p>\n<div class=\"compartir-varios\">\n<div id=\"favoritos\" class=\"favoritos\"><\/div>\n<\/div>\n<aside id=\"compartir_superior\" class=\"compartir\">\n<div class=\"compartir__interior\"><\/div>\n<\/aside>\n<div id=\"articulo-galeria\" class=\"articulo-galeria\">\n<div class=\"articulo-galeria__interior\">\n<div class=\"articulo-galeria-listado\">\n<ul class=\"contenedor_fotos\">\n<li style=\"list-style-type: none;\">\n<ul class=\"contenedor_fotos\">\n<li id=\"id_gal_pasa_1\">\n<figure class=\"foto foto_w980\"><span class=\"fondo_img\"> <img data-recalc-dims=\"1\" loading=\"lazy\" decoding=\"async\" id=\"foto_gal_1\" class=\"horizontal\" src=\"https:\/\/i0.wp.com\/ep00.epimg.net\/elpais\/imagenes\/2018\/12\/10\/album\/1544468958_403556_1544469200_album_normal.jpg?resize=640%2C427&#038;ssl=1\" alt=\" 20 de enero. El chef de chefs fue el inspirador del movimiento bautizado como 'nouvelle cuisine', una reinterpretaci\u00f3n m\u00e1s ligera \u2014menos salsas, menos mantequilla, sabores m\u00e1s naturales y alimentos absolutamente frescos\u2014 de la cocina tradicional francesa que le devolvi\u00f3 a la gastronom\u00eda gala su fama mundial. Cre\u00f3 un imperio culinario con m\u00e1s de una veintena de restaurantes en Francia y en el extranjero valorado en m\u00e1s de 50 millones de euros en volumen de negocios anuales. Por Silvia Ayuso \" width=\"640\" height=\"427\" \/> <\/span><figcaption class=\"foto-pie\"><span class=\"foto-numero\">1<\/span><span class=\"foto-titulo\">Paul Bocuse, 91 a\u00f1os. Cocinero\u00a0<\/span><span class=\"foto-texto\"><b>20 de enero.<\/b> El chef de chefs fue el inspirador del movimiento bautizado como &#8216;nouvelle cuisine&#8217;, una reinterpretaci\u00f3n m\u00e1s ligera \u2014menos salsas, menos mantequilla, sabores m\u00e1s naturales y alimentos absolutamente frescos\u2014 de la cocina tradicional francesa que le devolvi\u00f3 a la gastronom\u00eda gala su fama mundial. Cre\u00f3 un imperio culinario con m\u00e1s de una veintena de restaurantes en Francia y en el extranjero valorado en m\u00e1s de 50 millones de euros en volumen de negocios anuales. <b>Por Silvia Ayuso<\/b><\/span> <span class=\"foto-firma\"><span class=\"foto-autor\">Jeff Pachoud<\/span> <span class=\"foto-agencia\">Getty<\/span><\/span> <span class=\"foto-enlace\"><a href=\"https:\/\/elpais.com\/cultura\/2018\/01\/20\/actualidad\/1516452492_452470.html\"> Ir a noticia<\/a><\/span><\/figcaption><\/figure>\n<\/li>\n<li id=\"id_gal_pasa_2\">\n<figure class=\"foto foto_w980\"><span class=\"fondo_img\"> <img data-recalc-dims=\"1\" loading=\"lazy\" decoding=\"async\" id=\"foto_gal_2\" class=\"horizontal\" src=\"https:\/\/i0.wp.com\/ep00.epimg.net\/elpais\/imagenes\/2018\/12\/10\/album\/1544468958_403556_1544469201_album_normal.jpg?resize=640%2C419&#038;ssl=1\" alt=\" 23 de enero. Hermano mayor de una familia de genios, como la cantautora y artista Violeta Parra, fue galardonado con el Premio Cervantes en 2011. Nicanor Parra es una de las mayores leyendas de la literatura hispanoamericana del siglo XX y fue el creador de la corriente llamada antipoes\u00eda. En 2011 habl\u00f3 para EL PA\u00cdS: \u201cNunca fui el autor de nada porque siempre he pescado cosas que andaban en el aire\u201d. Por Roc\u00edo Montes \" width=\"640\" height=\"419\" \/> <\/span><figcaption class=\"foto-pie\"><span class=\"foto-numero\">2<\/span><span class=\"foto-titulo\">Nicanor Parra, 103 a\u00f1os. Poeta\u00a0<\/span><span class=\"foto-texto\"><b>23 de enero.<\/b> Hermano mayor de una familia de genios, como la cantautora y artista Violeta Parra, fue galardonado con el Premio Cervantes en 2011. Nicanor Parra es una de las mayores leyendas de la literatura hispanoamericana del siglo XX y fue el creador de la corriente llamada antipoes\u00eda. En 2011 habl\u00f3 para EL PA\u00cdS: \u201cNunca fui el autor de nada porque siempre he pescado cosas que andaban en el aire\u201d. <b>Por Roc\u00edo Montes<\/b><\/span> <span class=\"foto-firma\"><span class=\"foto-autor\">Sophie Bassouls<\/span> <span class=\"foto-agencia\">Getty<\/span><\/span> <span class=\"foto-enlace\"><a href=\"https:\/\/elpais.com\/cultura\/2018\/01\/23\/actualidad\/1516714104_499678.html\"> Ir a noticia<\/a><\/span><\/figcaption><\/figure>\n<\/li>\n<li id=\"id_gal_pasa_3\">\n<figure class=\"foto foto_w980\"><span class=\"fondo_img\"> <img data-recalc-dims=\"1\" loading=\"lazy\" decoding=\"async\" id=\"foto_gal_3\" class=\"horizontal\" src=\"https:\/\/i0.wp.com\/ep00.epimg.net\/elpais\/imagenes\/2018\/12\/10\/album\/1544468958_403556_1544469202_album_normal.jpg?resize=640%2C426&#038;ssl=1\" alt=\" 22 de febrero. Desde sus inicios en el diario ' Pueblo', en 1964, a sus \u00faltimas vi\u00f1etas en EL PA\u00cdS -peri\u00f3dico en el que public\u00f3 ininterrumpidamente durante 23 a\u00f1os- Antonio Fraguas de Pablo, conocido como Forges, plasm\u00f3 con ternura e iron\u00eda la evoluci\u00f3n de una sociedad que pas\u00f3 del desarrollismo franquista de sus primeros dibujos al mundo hipertecnol\u00f3gico de su \u00faltima etapa. Cre\u00f3 personajes inolvidables como el matrimonio formado por Concha y Mariano, Romerales o sus obstinados n\u00e1ufragos. Y tambi\u00e9n fue un inventor de una jerga propia, algunos de cuyos t\u00e9rminos, como &quot;muslamen&quot; o &quot;bocata&quot;, saltaron de sus dibujos al lenguaje de la calle y fueron recogidos despu\u00e9s por el diccionario de la Real Academia. Por Bernardo Mar\u00edn \" width=\"640\" height=\"426\" \/> <\/span><figcaption class=\"foto-pie\"><span class=\"foto-numero\">3<\/span><span class=\"foto-titulo\">Forges, 76 a\u00f1os. Humorista gr\u00e1fico\u00a0<\/span><span class=\"foto-texto\"><b>22 de febrero.<\/b> Desde sus inicios en el diario &#8216; Pueblo&#8217;, en 1964, a sus \u00faltimas vi\u00f1etas en EL PA\u00cdS -peri\u00f3dico en el que public\u00f3 ininterrumpidamente durante 23 a\u00f1os- Antonio Fraguas de Pablo, conocido como Forges, plasm\u00f3 con ternura e iron\u00eda la evoluci\u00f3n de una sociedad que pas\u00f3 del desarrollismo franquista de sus primeros dibujos al mundo hipertecnol\u00f3gico de su \u00faltima etapa. Cre\u00f3 personajes inolvidables como el matrimonio formado por Concha y Mariano, Romerales o sus obstinados n\u00e1ufragos. Y tambi\u00e9n fue un inventor de una jerga propia, algunos de cuyos t\u00e9rminos, como \u00abmuslamen\u00bb o \u00abbocata\u00bb, saltaron de sus dibujos al lenguaje de la calle y fueron recogidos despu\u00e9s por el diccionario de la Real Academia. <b>Por Bernardo Mar\u00edn<\/b><\/span> <span class=\"foto-firma\"><span class=\"foto-autor\">Santi Burgos<\/span> <\/span> <span class=\"foto-enlace\"><a href=\"https:\/\/elpais.com\/cultura\/2018\/02\/22\/actualidad\/1519268111_985350.html\"> Ir a noticia<\/a><\/span><\/figcaption><\/figure>\n<\/li>\n<\/ul>\n<\/li>\n<\/ul>\n<div id=\"elpais_gpt-MPU1\" class=\"publi_luto_vertical\"><\/div>\n<ul class=\"contenedor_fotos\">\n<li style=\"list-style-type: none;\">\n<ul class=\"contenedor_fotos\">\n<li id=\"id_gal_pasa_4\">\n<figure class=\"foto foto_w980\"><span class=\"fondo_img\"> <img data-recalc-dims=\"1\" loading=\"lazy\" decoding=\"async\" id=\"foto_gal_4\" class=\"horizontal\" src=\"https:\/\/i0.wp.com\/ep00.epimg.net\/elpais\/imagenes\/2018\/12\/10\/album\/1544468958_403556_1544554574_album_normal.jpg?resize=640%2C426&#038;ssl=1\" alt=\" 27 de febrero. Enrique Castro, 'Quini', fue uno de los goleadores m\u00e1s prol\u00edficos de la historia del f\u00fatbol espa\u00f1ol y uno de sus deportistas m\u00e1s nobles. Pocos jugadores gozaron tanto del aprecio de la gran mayor\u00eda del gremio como Quini, un rematador de \u00e9poca. Hizo historia con el Sporting y form\u00f3 parte de aquel Barcelona de principios de los a\u00f1os ochenta en el que coincidi\u00f3 con Simonsen, Schuster, Maradona, Urruti, Alexanco, V\u00edctor, Marcos, Julio Alberto... Un equipo que parec\u00eda tener encarrilada la Liga hasta que aconteci\u00f3 uno de los sucesos que marcaron la vida del futbolista: el 1 de marzo de 1981 fue secuestrado a punta de pistola por dos individuos. El suceso conmocion\u00f3 a la sociedad espa\u00f1ola de entonces. Pasaron 25 d\u00edas hasta que fue liberado y la grandeza de su personalidad emergi\u00f3 para perdonar a sus secuestradores. Por Ladislao J. Mo\u00f1ino \" width=\"640\" height=\"426\" \/> <\/span><figcaption class=\"foto-pie\"><span class=\"foto-numero\">4<\/span><span class=\"foto-titulo\">Quini, 68 a\u00f1os. Futbolista\u00a0<\/span><span class=\"foto-texto\"><b>27 de febrero.<\/b> Enrique Castro, &#8216;Quini&#8217;, fue uno de los goleadores m\u00e1s prol\u00edficos de la historia del f\u00fatbol espa\u00f1ol y uno de sus deportistas m\u00e1s nobles. Pocos jugadores gozaron tanto del aprecio de la gran mayor\u00eda del gremio como Quini, un rematador de \u00e9poca. Hizo historia con el Sporting y form\u00f3 parte de aquel Barcelona de principios de los a\u00f1os ochenta en el que coincidi\u00f3 con Simonsen, Schuster, Maradona, Urruti, Alexanco, V\u00edctor, Marcos, Julio Alberto&#8230; Un equipo que parec\u00eda tener encarrilada la Liga hasta que aconteci\u00f3 uno de los sucesos que marcaron la vida del futbolista: el 1 de marzo de 1981 fue secuestrado a punta de pistola por dos individuos. El suceso conmocion\u00f3 a la sociedad espa\u00f1ola de entonces. Pasaron 25 d\u00edas hasta que fue liberado y la grandeza de su personalidad emergi\u00f3 para perdonar a sus secuestradores. <b>Por Ladislao J. Mo\u00f1ino<\/b><\/span> <span class=\"foto-firma\"><span class=\"foto-autor\">Alejandro Garc\u00eda<\/span> <span class=\"foto-agencia\">EFE<\/span><\/span> <span class=\"foto-enlace\"><a href=\"https:\/\/elpais.com\/deportes\/2018\/02\/27\/actualidad\/1519765689_711516.html\"> Ir a noticia<\/a><\/span><\/figcaption><\/figure>\n<\/li>\n<li id=\"id_gal_pasa_5\">\n<figure class=\"foto foto_w980\"><span class=\"fondo_img\"> <img data-recalc-dims=\"1\" loading=\"lazy\" decoding=\"async\" id=\"foto_gal_5\" class=\"horizontal\" src=\"https:\/\/i0.wp.com\/ep00.epimg.net\/elpais\/imagenes\/2018\/12\/10\/album\/1544468958_403556_1544469204_album_normal.jpg?resize=640%2C426&#038;ssl=1\" alt=\" 2 de marzo. El maestro despunt\u00f3 en el extranjero antes que en Espa\u00f1a. Mantuvo una relaci\u00f3n extra\u00f1a con su pa\u00eds de origen. El camino de reconocimientos empez\u00f3 con un Premio Pr\u00edncipe de Asturias en 1981, cuando era relativamente joven (41 a\u00f1os). A partir de entonces, qued\u00f3 marcado por encuentros y desencuentros. Pero no hay duda de que L\u00f3pez Cobos figura entre los grandes de la historia de la direcci\u00f3n en Espa\u00f1a. Dirigi\u00f3 la \u00d3pera de Berl\u00edn entre 1981 y 1990. Fue director de la Orquesta Nacional de Espa\u00f1a entre 1984 y 1988 aunque posteriormente la volvi\u00f3 a dirigir en varias ocasiones. Tambi\u00e9n fue director del Teatro Real de Madrid entre 2003 y 2010. Desde 2011 dirigi\u00f3 producciones en la \u00d3pera Alemana de Berl\u00edn. Por Jes\u00fas Ruiz Mantilla \" width=\"640\" height=\"426\" \/> <\/span><figcaption class=\"foto-pie\"><span class=\"foto-numero\">5<\/span><span class=\"foto-titulo\">Jes\u00fas L\u00f3pez Cobos, 78 a\u00f1os. Director de orquesta\u00a0<\/span><span class=\"foto-texto\"><b>2 de marzo.<\/b> El maestro despunt\u00f3 en el extranjero antes que en Espa\u00f1a. Mantuvo una relaci\u00f3n extra\u00f1a con su pa\u00eds de origen. El camino de reconocimientos empez\u00f3 con un Premio Pr\u00edncipe de Asturias en 1981, cuando era relativamente joven (41 a\u00f1os). A partir de entonces, qued\u00f3 marcado por encuentros y desencuentros. Pero no hay duda de que L\u00f3pez Cobos figura entre los grandes de la historia de la direcci\u00f3n en Espa\u00f1a. Dirigi\u00f3 la \u00d3pera de Berl\u00edn entre 1981 y 1990. Fue director de la Orquesta Nacional de Espa\u00f1a entre 1984 y 1988 aunque posteriormente la volvi\u00f3 a dirigir en varias ocasiones. Tambi\u00e9n fue director del Teatro Real de Madrid entre 2003 y 2010. Desde 2011 dirigi\u00f3 producciones en la \u00d3pera Alemana de Berl\u00edn. <b>Por Jes\u00fas Ruiz Mantilla<\/b><\/span> <span class=\"foto-firma\"><span class=\"foto-autor\">Ricardo Guti\u00e9rrez<\/span> <\/span> <span class=\"foto-enlace\"><a href=\"https:\/\/elpais.com\/cultura\/2018\/03\/02\/actualidad\/1519983678_003579.html\"> Ir a noticia<\/a><\/span><\/figcaption><\/figure>\n<\/li>\n<li id=\"id_gal_pasa_6\">\n<figure class=\"foto foto_w980\"><span class=\"fondo_img\"> <img data-recalc-dims=\"1\" loading=\"lazy\" decoding=\"async\" id=\"foto_gal_6\" class=\"horizontal\" src=\"https:\/\/i0.wp.com\/ep00.epimg.net\/elpais\/imagenes\/2018\/12\/10\/album\/1544468958_403556_1544469205_album_normal.jpg?resize=640%2C427&#038;ssl=1\" alt=\" 9 de marzo. Fue Prelado de Zaragoza desde 1977 y presidente de la Conferencia Episcopal Espa\u00f1ola (CEE) entre 1993 y 1999. Pese a la poco disimulada marginaci\u00f3n a la que fue sometido, reflejada por el hecho de no haber sido ordenado cardenal por el papa Juan Pablo II, los servicios de El\u00edas Yanes al Vaticano fueron sobresalientes, logrando incluso mantener casi todos los privilegios que la Iglesia ten\u00eda en la \u00faltima d\u00e9cada del franquismo, e incluso m\u00e1s. Por Juan G. Bedoya \" width=\"640\" height=\"427\" \/> <\/span><figcaption class=\"foto-pie\"><span class=\"foto-numero\">6<\/span><span class=\"foto-titulo\">El\u00edas Yanes, 90 a\u00f1os. Arzobispo y expresidente de la Conferencia Episcopal Espa\u00f1ola\u00a0<\/span><span class=\"foto-texto\"><b>9 de marzo.<\/b> Fue Prelado de Zaragoza desde 1977 y presidente de la Conferencia Episcopal Espa\u00f1ola (CEE) entre 1993 y 1999. Pese a la poco disimulada marginaci\u00f3n a la que fue sometido, reflejada por el hecho de no haber sido ordenado cardenal por el papa Juan Pablo II, los servicios de El\u00edas Yanes al Vaticano fueron sobresalientes, logrando incluso mantener casi todos los privilegios que la Iglesia ten\u00eda en la \u00faltima d\u00e9cada del franquismo, e incluso m\u00e1s. <b>Por Juan G. Bedoya<\/b><\/span> <span class=\"foto-firma\"><span class=\"foto-autor\">Luis Davilla<\/span> <span class=\"foto-agencia\">Getty<\/span><\/span> <span class=\"foto-enlace\"><a href=\"https:\/\/elpais.com\/politica\/2018\/03\/10\/actualidad\/1520677462_041958.html\"> Ir a noticia<\/a><\/span><\/figcaption><\/figure>\n<\/li>\n<\/ul>\n<\/li>\n<\/ul>\n<div id=\"elpais_gpt-MPU2\" class=\"publi_luto_vertical\"><\/div>\n<ul class=\"contenedor_fotos\">\n<li style=\"list-style-type: none;\">\n<ul class=\"contenedor_fotos\">\n<li id=\"id_gal_pasa_7\">\n<figure class=\"foto foto_w666\"><span class=\"fondo_img\"> <img data-recalc-dims=\"1\" loading=\"lazy\" decoding=\"async\" id=\"foto_gal_7\" class=\"vertical\" src=\"https:\/\/i0.wp.com\/ep00.epimg.net\/elpais\/imagenes\/2018\/12\/10\/album\/1544468958_403556_1544469284_album_normal.jpg?resize=640%2C866&#038;ssl=1\" alt=\" 10 de marzo. El &quot;eterno aprendiz&quot;, como se defin\u00eda a s\u00ed mismo, siempre so\u00f1\u00f3. Primero con ir a Par\u00eds desde su Beauvais natal. Despu\u00e9s, so\u00f1\u00f3 con crear su propia marca: la Maison Givenchy, que inaugur\u00f3 en 1952. Solo dos a\u00f1os despu\u00e9s se convirti\u00f3 en el primer dise\u00f1ador en presentar una l\u00ednea de 'pr\u00eat-\u00e0-porter' de lujo. Y en el camino se cruz\u00f3 con Audrey Hepburn, su musa, pero tambi\u00e9n su amiga: \u201cMe cambi\u00f3 la vida\u201d. Durante 43 a\u00f1os, el dise\u00f1ador estuvo acudiendo a su 'atelier' cada d\u00eda a las siete de la ma\u00f1ana. Infatigable, se retir\u00f3 en 1995: \u201cDejar\u00e9 de hacer ropa, pero jam\u00e1s de descubrir. La vida es como un libro: hay que saber pasar p\u00e1gina\u201d. \u00c9l supo hacerlo hasta el final. Por Pablo Le\u00f3n \" width=\"640\" height=\"866\" \/> <\/span><figcaption class=\"foto-pie\"><span class=\"foto-numero\">7<\/span><span class=\"foto-titulo\">Hubert Givenchy, 91 a\u00f1os. Dise\u00f1ador\u00a0<\/span><span class=\"foto-texto\"><b>10 de marzo.<\/b> El \u00abeterno aprendiz\u00bb, como se defin\u00eda a s\u00ed mismo, siempre so\u00f1\u00f3. Primero con ir a Par\u00eds desde su Beauvais natal. Despu\u00e9s, so\u00f1\u00f3 con crear su propia marca: la Maison Givenchy, que inaugur\u00f3 en 1952. Solo dos a\u00f1os despu\u00e9s se convirti\u00f3 en el primer dise\u00f1ador en presentar una l\u00ednea de <i>&#8216;pr\u00eat-\u00e0-porter&#8217;<\/i> de lujo. Y en el camino se cruz\u00f3 con Audrey Hepburn, su musa, pero tambi\u00e9n su amiga: \u201cMe cambi\u00f3 la vida\u201d. Durante 43 a\u00f1os, el dise\u00f1ador estuvo acudiendo a su &#8216;atelier&#8217; cada d\u00eda a las siete de la ma\u00f1ana. Infatigable, se retir\u00f3 en 1995: \u201cDejar\u00e9 de hacer ropa, pero jam\u00e1s de descubrir. La vida es como un libro: hay que saber pasar p\u00e1gina\u201d. \u00c9l supo hacerlo hasta el final. <b>Por Pablo Le\u00f3n<\/b><\/span> <span class=\"foto-firma\"><span class=\"foto-autor\">Samuel S\u00e1nchez<\/span> <\/span> <span class=\"foto-enlace\"><a href=\"https:\/\/elpais.com\/elpais\/2018\/03\/12\/estilo\/1520860079_691517.html\"> Ir a noticia<\/a><\/span><\/figcaption><\/figure>\n<\/li>\n<li id=\"id_gal_pasa_8\">\n<figure class=\"foto foto_w980\"><span class=\"fondo_img\"> <img data-recalc-dims=\"1\" loading=\"lazy\" decoding=\"async\" id=\"foto_gal_8\" class=\"horizontal\" src=\"https:\/\/i0.wp.com\/ep00.epimg.net\/elpais\/imagenes\/2018\/12\/10\/album\/1544468958_403556_1544469207_album_normal.jpg?resize=640%2C426&#038;ssl=1\" alt=\" 14 de marzo. Pasar\u00e1 a la historia por su trabajo sobre los agujeros negros y por intentar unificar las dos grandes teor\u00edas de la f\u00edsica del siglo XX, la de la relatividad y la de la mec\u00e1nica cu\u00e1ntica. Tambi\u00e9n por los populares libros divulgativos que public\u00f3, entre ellos 'Breve historia del tiempo, del Big Bang a los agujeros negros' , publicado en 1988 y convertido en el libro de ciencia m\u00e1s vendido de la historia. A los 22 a\u00f1os le diagnosticaron una esclerosis lateral amiotr\u00f3fica, ELA, y los m\u00e9dicos le dieron solo dos a\u00f1os de vida. Pero vivi\u00f3 54 a\u00f1os m\u00e1s. La enfermedad le dej\u00f3 en una silla de ruedas e incapaz de hablar sin la ayuda de un sintetizador de voz. Redujo el control de su cuerpo a la flexi\u00f3n de un dedo y el movimiento de los ojos. Su apabullante intelecto, su intuici\u00f3n, su fuerza y su sentido del humor, combinados con una destructiva enfermedad, convirtieron a Hawking en s\u00edmbolo de las infinitas posibilidades de la mente humana, y de su insaciable curiosidad. Por Pablo Guim\u00f3n \" width=\"640\" height=\"426\" \/> <\/span><figcaption class=\"foto-pie\"><span class=\"foto-numero\">8<\/span><span class=\"foto-titulo\">Stephen Hawking, 76 a\u00f1os. F\u00edsico\u00a0<\/span><span class=\"foto-texto\"><b>14 de marzo.<\/b> Pasar\u00e1 a la historia por su trabajo sobre los agujeros negros y por intentar unificar las dos grandes teor\u00edas de la f\u00edsica del siglo XX, la de la relatividad y la de la mec\u00e1nica cu\u00e1ntica. Tambi\u00e9n por los populares libros divulgativos que public\u00f3, entre ellos <i>&#8216;Breve historia del tiempo, del Big Bang a los agujeros negros&#8217;<\/i>, publicado en 1988 y convertido en el libro de ciencia m\u00e1s vendido de la historia. A los 22 a\u00f1os le diagnosticaron una esclerosis lateral amiotr\u00f3fica, ELA, y los m\u00e9dicos le dieron solo dos a\u00f1os de vida. Pero vivi\u00f3 54 a\u00f1os m\u00e1s. La enfermedad le dej\u00f3 en una silla de ruedas e incapaz de hablar sin la ayuda de un sintetizador de voz. Redujo el control de su cuerpo a la flexi\u00f3n de un dedo y el movimiento de los ojos. Su apabullante intelecto, su intuici\u00f3n, su fuerza y su sentido del humor, combinados con una destructiva enfermedad, convirtieron a Hawking en s\u00edmbolo de las infinitas posibilidades de la mente humana, y de su insaciable curiosidad. <b>Por Pablo Guim\u00f3n<\/b><\/span> <span class=\"foto-firma\"><span class=\"foto-autor\">Gorka Lejarcegi<\/span> <\/span> <span class=\"foto-enlace\"><a href=\"https:\/\/elpais.com\/elpais\/2018\/03\/14\/ciencia\/1521000039_928701.html\"> Ir a noticia<\/a><\/span><\/figcaption><\/figure>\n<\/li>\n<li id=\"id_gal_pasa_9\">\n<figure class=\"foto foto_w980\"><span class=\"fondo_img\"> <img data-recalc-dims=\"1\" loading=\"lazy\" decoding=\"async\" id=\"foto_gal_9\" class=\"horizontal\" src=\"https:\/\/i0.wp.com\/ep00.epimg.net\/elpais\/imagenes\/2018\/12\/10\/album\/1544468958_403556_1544469208_album_normal.jpg?resize=640%2C426&#038;ssl=1\" alt=\" 12 de abril. Nacido en Puebla, pero veracruzano de adopci\u00f3n, siempre necesit\u00f3 el movimiento como combustible de su obra. Necesit\u00f3 viajar para perder el pudor a publicar. Poco antes de cumplir los 20 a\u00f1os sali\u00f3 por primera vez al extranjero. En Caracas escribi\u00f3 varios poemas. \u201cDecir que eran deleznables ser\u00eda elogiarlos\u201d, escribi\u00f3. No ser\u00eda hasta 1957, cuando ten\u00eda 25 a\u00f1os, que sus primeros cuentos vieron la luz. Con ello se empat\u00f3 a la generaci\u00f3n de Jos\u00e9 Emilio Pacheco y Carlos Monsiv\u00e1is. Durante d\u00e9cadas la presencia de Pitol en el panorama literario mexicano fue una ausencia. Elena Poniatowska afirma que eligi\u00f3 el servicio exterior porque fue la \u00fanica carrera que le permiti\u00f3 ganarse la vida viajando. \u201cCreo que por 25 a\u00f1os no supimos de \u00e9l sino a trav\u00e9s de sus cartas\u201d, confes\u00f3. Fueron, en realidad, 28 a\u00f1os de periplo a trav\u00e9s de China, Bulgaria, Hungr\u00eda, Espa\u00f1a, Francia, la Uni\u00f3n Sovi\u00e9tica y Checoslovaquia. En cada escala gestaba una inquietud que cargaba como bagaje al siguiente destino. A pesar de su distancia f\u00edsica con M\u00e9xico, el escritor veracruzano conserv\u00f3 intacto el pulso sobre la sociedad mexicana, a la que parodi\u00f3 genialmente. Por Luis Pablo Beauregard \" width=\"640\" height=\"426\" \/> <\/span><figcaption class=\"foto-pie\"><span class=\"foto-numero\">9<\/span><span class=\"foto-titulo\">Sergio Pitol, 85 a\u00f1os. Escritor\u00a0<\/span><span class=\"foto-texto\"><b>12 de abril.<\/b> Nacido en Puebla, pero veracruzano de adopci\u00f3n, siempre necesit\u00f3 el movimiento como combustible de su obra. Necesit\u00f3 viajar para perder el pudor a publicar. Poco antes de cumplir los 20 a\u00f1os sali\u00f3 por primera vez al extranjero. En Caracas escribi\u00f3 varios poemas. \u201cDecir que eran deleznables ser\u00eda elogiarlos\u201d, escribi\u00f3. No ser\u00eda hasta 1957, cuando ten\u00eda 25 a\u00f1os, que sus primeros cuentos vieron la luz. Con ello se empat\u00f3 a la generaci\u00f3n de Jos\u00e9 Emilio Pacheco y Carlos Monsiv\u00e1is. Durante d\u00e9cadas la presencia de Pitol en el panorama literario mexicano fue una ausencia. Elena Poniatowska afirma que eligi\u00f3 el servicio exterior porque fue la \u00fanica carrera que le permiti\u00f3 ganarse la vida viajando. \u201cCreo que por 25 a\u00f1os no supimos de \u00e9l sino a trav\u00e9s de sus cartas\u201d, confes\u00f3. Fueron, en realidad, 28 a\u00f1os de periplo a trav\u00e9s de China, Bulgaria, Hungr\u00eda, Espa\u00f1a, Francia, la Uni\u00f3n Sovi\u00e9tica y Checoslovaquia. En cada escala gestaba una inquietud que cargaba como bagaje al siguiente destino. A pesar de su distancia f\u00edsica con M\u00e9xico, el escritor veracruzano conserv\u00f3 intacto el pulso sobre la sociedad mexicana, a la que parodi\u00f3 genialmente. <b>Por Luis Pablo Beauregard<\/b><\/span> <span class=\"foto-firma\"><span class=\"foto-autor\">Samuel S\u00e1nchez<\/span> <\/span> <span class=\"foto-enlace\"><a href=\"https:\/\/elpais.com\/cultura\/2018\/04\/12\/actualidad\/1523547276_981640.html\"> Ir a noticia<\/a><\/span><\/figcaption><\/figure>\n<\/li>\n<\/ul>\n<\/li>\n<\/ul>\n<div id=\"elpais_gpt-MPU3\" class=\"publi_luto_vertical\"><\/div>\n<ul class=\"contenedor_fotos\">\n<li style=\"list-style-type: none;\">\n<ul class=\"contenedor_fotos\">\n<li id=\"id_gal_pasa_10\">\n<figure class=\"foto foto_w980\"><span class=\"fondo_img\"> <img data-recalc-dims=\"1\" loading=\"lazy\" decoding=\"async\" id=\"foto_gal_10\" class=\"horizontal\" src=\"https:\/\/i0.wp.com\/ep00.epimg.net\/elpais\/imagenes\/2018\/12\/10\/album\/1544468958_403556_1544469579_album_normal.jpg?resize=640%2C426&#038;ssl=1\" alt=\" 13 de abril. Fue un cineasta especial, que reflej\u00f3 la lucha del individuo contra la opresi\u00f3n del sistema y demostr\u00f3 que se pod\u00eda trabajar desde dentro de Hollywood siendo subversivo. Esa misma apuesta iconoclasta y con tonos sat\u00edricos contra el poder fue la que provoc\u00f3 que huyera de su pa\u00eds tras la invasi\u00f3n sovi\u00e9tica de Checoslovaquia en 1968. El mayor \u00e9xito de su carrera le llegar\u00eda en 1984 con 'Amadeus' . La historia de la envidia y de la secreta admiraci\u00f3n que Antonio Salieri sent\u00eda por Mozart gan\u00f3 ocho 'oscars' (su segunda estatuilla como director) y se convirti\u00f3 en uno de los t\u00edtulos m\u00e1s emblem\u00e1ticos de aquellos a\u00f1os ochenta. Por Gregorio Belinch\u00f3n \" width=\"640\" height=\"426\" \/> <\/span><figcaption class=\"foto-pie\"><span class=\"foto-numero\">10<\/span><span class=\"foto-titulo\">Milos Forman, 86 a\u00f1os. Director de cine\u00a0<\/span><span class=\"foto-texto\"><b>13 de abril.<\/b> Fue un cineasta especial, que reflej\u00f3 la lucha del individuo contra la opresi\u00f3n del sistema y demostr\u00f3 que se pod\u00eda trabajar desde dentro de Hollywood siendo subversivo. Esa misma apuesta iconoclasta y con tonos sat\u00edricos contra el poder fue la que provoc\u00f3 que huyera de su pa\u00eds tras la invasi\u00f3n sovi\u00e9tica de Checoslovaquia en 1968. El mayor \u00e9xito de su carrera le llegar\u00eda en 1984 con <i>&#8216;Amadeus&#8217;<\/i>. La historia de la envidia y de la secreta admiraci\u00f3n que Antonio Salieri sent\u00eda por Mozart gan\u00f3 ocho &#8216;oscars&#8217; (su segunda estatuilla como director) y se convirti\u00f3 en uno de los t\u00edtulos m\u00e1s emblem\u00e1ticos de aquellos a\u00f1os ochenta. <b>Por Gregorio Belinch\u00f3n<\/b><\/span> <span class=\"foto-firma\"><span class=\"foto-autor\">Martin Bureau<\/span> <span class=\"foto-agencia\">Getty<\/span><\/span> <span class=\"foto-enlace\"><a href=\"https:\/\/elpais.com\/cultura\/2018\/04\/14\/actualidad\/1523690444_103794.html\"> Ir a noticia<\/a><\/span><\/figcaption><\/figure>\n<\/li>\n<li id=\"id_gal_pasa_11\">\n<figure class=\"foto foto_w980\"><span class=\"fondo_img\"> <img data-recalc-dims=\"1\" loading=\"lazy\" decoding=\"async\" id=\"foto_gal_11\" class=\"horizontal\" src=\"https:\/\/i0.wp.com\/ep00.epimg.net\/elpais\/imagenes\/2018\/12\/10\/album\/1544468958_403556_1544469581_album_normal.jpg?resize=640%2C426&#038;ssl=1\" alt=\" 5 de mayo. La historia de la televisi\u00f3n le debe un lugar de honor a \u00cd\u00f1igo. Programas como 'Estudio abierto' o 'Direct\u00edsimo' supusieron una irrupci\u00f3n innovadora que enganch\u00f3 a los espa\u00f1oles durante tres d\u00e9cadas completas cuando solo exist\u00edan dos canales de televisi\u00f3n. La cadena SER lo contrat\u00f3, y all\u00ed cre\u00f3 el programa 'El Musiquero' ; luego se har\u00eda cargo de 'El Gran Musical' . Y tambi\u00e9n se convertir\u00eda en padre de 'Los 40 principales' , algo que apenas se ha recordado. El salto a televisi\u00f3n lleg\u00f3 despu\u00e9s de crearse en 1968 la segunda cadena de TVE, que se dot\u00f3 de un aire moderno, con programas como 'Estudio abierto' , el cual dirig\u00eda. El momento cumbre del espacio televisivo fue la visita de Uri Geller, el mago israel\u00ed que lograba que se doblasen las cucharas en los domicilios de los espectadores, con solo acariciarlas. Por Alex Grijelmo \" width=\"640\" height=\"426\" \/> <\/span><figcaption class=\"foto-pie\"><span class=\"foto-numero\">11<\/span><span class=\"foto-titulo\">Jos\u00e9 Mar\u00eda \u00cd\u00f1igo, 75 a\u00f1os. Periodista\u00a0<\/span><span class=\"foto-texto\"><b>5 de mayo.<\/b> La historia de la televisi\u00f3n le debe un lugar de honor a \u00cd\u00f1igo. Programas como &#8216;Estudio abierto&#8217; o &#8216;Direct\u00edsimo&#8217; supusieron una irrupci\u00f3n innovadora que enganch\u00f3 a los espa\u00f1oles durante tres d\u00e9cadas completas cuando solo exist\u00edan dos canales de televisi\u00f3n. La cadena SER lo contrat\u00f3, y all\u00ed cre\u00f3 el programa <i>&#8216;El Musiquero&#8217;<\/i>; luego se har\u00eda cargo de <i>&#8216;El Gran Musical&#8217;<\/i>. Y tambi\u00e9n se convertir\u00eda en padre de <i>&#8216;Los 40 principales&#8217;<\/i>, algo que apenas se ha recordado. El salto a televisi\u00f3n lleg\u00f3 despu\u00e9s de crearse en 1968 la segunda cadena de TVE, que se dot\u00f3 de un aire moderno, con programas como <i>&#8216;Estudio abierto&#8217;<\/i>, el cual dirig\u00eda. El momento cumbre del espacio televisivo fue la visita de Uri Geller, el mago israel\u00ed que lograba que se doblasen las cucharas en los domicilios de los espectadores, con solo acariciarlas. <b>Por Alex Grijelmo<\/b><\/span> <span class=\"foto-firma\"><span class=\"foto-autor\">Miguel Gener<\/span> <\/span> <span class=\"foto-enlace\"><a href=\"https:\/\/elpais.com\/cultura\/2018\/05\/05\/television\/1525509115_205627.html\"> Ir a noticia<\/a><\/span><\/figcaption><\/figure>\n<\/li>\n<li id=\"id_gal_pasa_12\">\n<figure class=\"foto foto_w980\"><span class=\"fondo_img\"> <img data-recalc-dims=\"1\" loading=\"lazy\" decoding=\"async\" id=\"foto_gal_12\" class=\"horizontal\" src=\"https:\/\/i0.wp.com\/ep00.epimg.net\/elpais\/imagenes\/2018\/12\/10\/album\/1544468958_403556_1544469582_album_normal.jpg?resize=640%2C414&#038;ssl=1\" alt=\" 12 de mayo. Dej\u00f3 un pu\u00f1ado de pel\u00edculas y, sobre todo, una colecci\u00f3n de telefilmes y series de televisi\u00f3n que han marcado la vida espa\u00f1ola de los \u00faltimos 40 a\u00f1os, desde 'Cr\u00f3nicas de un pueblo' (1971-1973) hasta 'Farmacia de guardia' (1991-1995). Fue en televisi\u00f3n donde consigui\u00f3 su primer gran triunfo con el hist\u00f3rico telefilme 'La cabina' . Coescrito por Jos\u00e9 Luis Garci y protagonizado por Jos\u00e9 Luis L\u00f3pez V\u00e1zquez, se emiti\u00f3 el 13 de diciembre de 1972, en TVE, y desde ese mismo d\u00eda es historia de la cultura espa\u00f1ola. Pesadilla kafkiana de m\u00faltiples \u00e1ngulos sociales y pol\u00edticos, de desenlace sobrecogedor, el propio Mercero la defin\u00eda como \u201cuna par\u00e1bola abierta a todo tipo de interpretaciones que, seg\u00fan la sensibilidad, cultura y formaci\u00f3n de cada uno, se interpretar\u00e1 de forma distinta\u201d. 'La cabina' obtiuvo el Premio Emmy al mejor telefilme. En la d\u00e9cada de los ochenta, 'Verano azul' logr\u00f3 reunir a toda la familia delante del televisor, y ense\u00f1\u00f3 a una generaci\u00f3n de ni\u00f1os la emoci\u00f3n de asuntos tan complejos como la amistad, la muerte o la p\u00e9rdida de la inocencia. Por Javier Oca\u00f1a \" width=\"640\" height=\"414\" \/> <\/span><figcaption class=\"foto-pie\"><span class=\"foto-numero\">12<\/span><span class=\"foto-titulo\">Antonio Mercero, 82 a\u00f1os. Director de cine\u00a0<\/span><span class=\"foto-texto\"><b>12 de mayo.<\/b>Dej\u00f3 un pu\u00f1ado de pel\u00edculas y, sobre todo, una colecci\u00f3n de telefilmes y series de televisi\u00f3n que han marcado la vida espa\u00f1ola de los \u00faltimos 40 a\u00f1os, desde <i>&#8216;Cr\u00f3nicas de un pueblo&#8217;<\/i> (1971-1973) hasta <i>&#8216;Farmacia de guardia&#8217;<\/i> (1991-1995). Fue en televisi\u00f3n donde consigui\u00f3 su primer gran triunfo con el hist\u00f3rico telefilme <i>&#8216;La cabina&#8217;<\/i>. Coescrito por Jos\u00e9 Luis Garci y protagonizado por Jos\u00e9 Luis L\u00f3pez V\u00e1zquez, se emiti\u00f3 el 13 de diciembre de 1972, en TVE, y desde ese mismo d\u00eda es historia de la cultura espa\u00f1ola. Pesadilla kafkiana de m\u00faltiples \u00e1ngulos sociales y pol\u00edticos, de desenlace sobrecogedor, el propio Mercero la defin\u00eda como \u201cuna par\u00e1bola abierta a todo tipo de interpretaciones que, seg\u00fan la sensibilidad, cultura y formaci\u00f3n de cada uno, se interpretar\u00e1 de forma distinta\u201d. <i>&#8216;La cabina&#8217;<\/i> obtiuvo el Premio Emmy al mejor telefilme. En la d\u00e9cada de los ochenta, <i>&#8216;Verano azul&#8217;<\/i> logr\u00f3 reunir a toda la familia delante del televisor, y ense\u00f1\u00f3 a una generaci\u00f3n de ni\u00f1os la emoci\u00f3n de asuntos tan complejos como la amistad, la muerte o la p\u00e9rdida de la inocencia. <b>Por Javier Oca\u00f1a<\/b><\/span> <span class=\"foto-firma\"><span class=\"foto-autor\">JAVIER HERN\u00c1NDEZ<\/span> <\/span> <span class=\"foto-enlace\"><a href=\"https:\/\/elpais.com\/cultura\/2018\/05\/12\/actualidad\/1526119629_431194.html\"> Ir a noticia<\/a><\/span><\/figcaption><\/figure>\n<\/li>\n<\/ul>\n<\/li>\n<\/ul>\n<div id=\"elpais_gpt-MPU4\" class=\"publi_luto_vertical\"><\/div>\n<ul class=\"contenedor_fotos\">\n<li style=\"list-style-type: none;\">\n<ul class=\"contenedor_fotos\">\n<li id=\"id_gal_pasa_13\">\n<figure class=\"foto foto_w980\"><span class=\"fondo_img\"> <img data-recalc-dims=\"1\" loading=\"lazy\" decoding=\"async\" id=\"foto_gal_13\" class=\"horizontal\" src=\"https:\/\/i0.wp.com\/ep00.epimg.net\/elpais\/imagenes\/2018\/12\/10\/album\/1544468958_403556_1544469583_album_normal.jpg?resize=640%2C426&#038;ssl=1\" alt=\" 22 de mayo. Eterno candidato a un premio Nobel que nunca lleg\u00f3 a conquistar, Roth fue uno de los autores m\u00e1s importantes de la literatura estadounidense de la segunda mitad del siglo XX. Entre sus galardones m\u00e1s se\u00f1alados destacan dos National Book Awards, dos National Book Critics, tres PENFaulkner Awards, un Pulitzer y un Man Booker International. Figura central de la fecunda narrativa jud\u00eda estadounidense, brill\u00f3 por su capacidad para profundizar en las obsesiones de la cultura de su propia comunidad. En su autobiograf\u00eda 'Los hechos' (2008), dec\u00eda con humor a prop\u00f3sito de su padre: &quot;Su repertorio nunca ha sido enorme: familia, familia, familia, Newark, Newark, Newark, jud\u00edo, jud\u00edo, jud\u00edo. M\u00e1s o menos como el m\u00edo&quot;. Para evaluar su obra, citaba esta frase que dijo hacia el final de su vida el boxeador Joe Louis: &quot;Lo hice lo mejor que pude con lo que ten\u00eda&quot;. Por Pablo de Llano \" width=\"640\" height=\"426\" \/> <\/span><figcaption class=\"foto-pie\"><span class=\"foto-numero\">13<\/span><span class=\"foto-titulo\">Philip Roth, 85 a\u00f1os. Escritor\u00a0<\/span><span class=\"foto-texto\"><b>22 de mayo.<\/b> Eterno candidato a un premio Nobel que nunca lleg\u00f3 a conquistar, Roth fue uno de los autores m\u00e1s importantes de la literatura estadounidense de la segunda mitad del siglo XX. Entre sus galardones m\u00e1s se\u00f1alados destacan dos National Book Awards, dos National Book Critics, tres PEN\/Faulkner Awards, un Pulitzer y un Man Booker International. Figura central de la fecunda narrativa jud\u00eda estadounidense, brill\u00f3 por su capacidad para profundizar en las obsesiones de la cultura de su propia comunidad. En su autobiograf\u00eda <i>&#8216;Los hechos&#8217;<\/i> (2008), dec\u00eda con humor a prop\u00f3sito de su padre: \u00abSu repertorio nunca ha sido enorme: familia, familia, familia, Newark, Newark, Newark, jud\u00edo, jud\u00edo, jud\u00edo. M\u00e1s o menos como el m\u00edo\u00bb. Para evaluar su obra, citaba esta frase que dijo hacia el final de su vida el boxeador Joe Louis: \u00abLo hice lo mejor que pude con lo que ten\u00eda\u00bb. <b>Por Pablo de Llano<\/b><\/span> <span class=\"foto-firma\"><span class=\"foto-autor\">Eric Thayer<\/span> <span class=\"foto-agencia\">Reuters<\/span><\/span> <span class=\"foto-enlace\"><a href=\"https:\/\/elpais.com\/cultura\/2018\/05\/23\/actualidad\/1527046191_251563.html\"> Ir a noticia<\/a><\/span><\/figcaption><\/figure>\n<\/li>\n<li id=\"id_gal_pasa_14\">\n<figure class=\"foto foto_w980\"><span class=\"fondo_img\"> <img data-recalc-dims=\"1\" loading=\"lazy\" decoding=\"async\" id=\"foto_gal_14\" class=\"horizontal\" src=\"https:\/\/i0.wp.com\/ep00.epimg.net\/elpais\/imagenes\/2018\/12\/10\/album\/1544468958_403556_1544469584_album_normal.jpg?resize=640%2C424&#038;ssl=1\" alt=\" 28 de mayo. Tuvo una rica trayectoria profesional, primero como actriz y luego como estilista de la canci\u00f3n. A ella se debe la popularizaci\u00f3n en Espa\u00f1a de buena parte del gran repertorio hispanoamericano, temas firmados por Chabuca Granda, Atahualpa Yupanqui, Cuco S\u00e1nchez o Jos\u00e9 Alfredo Jim\u00e9nez. A la vez, elev\u00f3 a la categor\u00eda de cl\u00e1sicas las composiciones de cantautores espa\u00f1oles como Carlos Cano y Joaqu\u00edn Sabina. La Pradera, como era conocida en el ambiente, ten\u00eda buen gusto musical, pero urge destacar que tambi\u00e9n sab\u00eda escoger las mejores piezas para su estilo elegante. Aunque admiraba a las int\u00e9rpretes desgarradas, tipo Chavela Vargas, lo suyo era cantar a media voz, con maravillosa serenidad. Como dijo a Elsa Fern\u00e1ndez-Santos en este peri\u00f3dico: \u201cYo nunca me despeino, solo me desmeleno por dentro\u201d. A lo largo de medio siglo de grabaciones, Pradera realiz\u00f3 su particular antolog\u00eda de la canci\u00f3n popular tal como se entiende a ambos lados del Atl\u00e1ntico. Su cancionero abarcaba boleros, rancheras, valsecitos, tangos, sones, fados, copla, cumbias y todo lo que uno pueda imaginar: sab\u00eda apoderarse del fuego sagrado de aquellos compositores. Por Diego A. Manrique \" width=\"640\" height=\"424\" \/> <\/span><figcaption class=\"foto-pie\"><span class=\"foto-numero\">14<\/span><span class=\"foto-titulo\">Mar\u00eda Dolores Pradera, 83 a\u00f1os. Cantante\u00a0<\/span><span class=\"foto-texto\"><b>28 de mayo.<\/b> Tuvo una rica trayectoria profesional, primero como actriz y luego como estilista de la canci\u00f3n. A ella se debe la popularizaci\u00f3n en Espa\u00f1a de buena parte del gran repertorio hispanoamericano, temas firmados por Chabuca Granda, Atahualpa Yupanqui, Cuco S\u00e1nchez o Jos\u00e9 Alfredo Jim\u00e9nez. A la vez, elev\u00f3 a la categor\u00eda de cl\u00e1sicas las composiciones de cantautores espa\u00f1oles como Carlos Cano y Joaqu\u00edn Sabina. La Pradera, como era conocida en el ambiente, ten\u00eda buen gusto musical, pero urge destacar que tambi\u00e9n sab\u00eda escoger las mejores piezas para su estilo elegante. Aunque admiraba a las int\u00e9rpretes desgarradas, tipo Chavela Vargas, lo suyo era cantar a media voz, con maravillosa serenidad. Como dijo a Elsa Fern\u00e1ndez-Santos en este peri\u00f3dico: \u201cYo nunca me despeino, solo me desmeleno por dentro\u201d. A lo largo de medio siglo de grabaciones, Pradera realiz\u00f3 su particular antolog\u00eda de la canci\u00f3n popular tal como se entiende a ambos lados del Atl\u00e1ntico. Su cancionero abarcaba boleros, rancheras, valsecitos, tangos, sones, fados, copla, cumbias y todo lo que uno pueda imaginar: sab\u00eda apoderarse del fuego sagrado de aquellos compositores. <b>Por Diego A. Manrique<\/b><\/span> <span class=\"foto-firma\"><span class=\"foto-autor\">Susanna Saez<\/span> <\/span> <span class=\"foto-enlace\"><a href=\"https:\/\/elpais.com\/cultura\/2018\/05\/29\/actualidad\/1527549063_448817.html\"> Ir a noticia<\/a><\/span><\/figcaption><\/figure>\n<\/li>\n<li id=\"id_gal_pasa_15\">\n<figure class=\"foto foto_w980\"><span class=\"fondo_img\"> <img data-recalc-dims=\"1\" loading=\"lazy\" decoding=\"async\" id=\"foto_gal_15\" class=\"horizontal\" src=\"https:\/\/i0.wp.com\/ep00.epimg.net\/elpais\/imagenes\/2018\/12\/10\/album\/1544468958_403556_1545411256_album_normal.jpg?resize=640%2C426&#038;ssl=1\" alt=\" 17 de agosto. Era la Reina del Soul. Tuvo una vida precoz y turbulenta, con su primera maternidad cuando era apenas una ni\u00f1a, un matrimonio violento y un considerable historial de desavenencias y desdichas. Comenz\u00f3 a cantar en el coro de la iglesia de su padre y sacudi\u00f3 el panorama musical de los sesenta al introducir los recursos del g\u00f3spel en la m\u00fasica secular, con \u00e9xitos hoy legendarios como 'Respect' o ('You make me feel) A natural woman' . Con ella desaparece la \u00faltima gran superviviente de la era dorada de la m\u00fasica negra estadounidense Por Amanda Mars \" width=\"640\" height=\"426\" \/> <\/span><figcaption class=\"foto-pie\"><span class=\"foto-numero\">15<\/span><span class=\"foto-titulo\">Aretha Franklin, 76 a\u00f1os. Cantante\u00a0<\/span><span class=\"foto-texto\"><b>17 de agosto.<\/b> Era la Reina del Soul. Tuvo una vida precoz y turbulenta, con su primera maternidad cuando era apenas una ni\u00f1a, un matrimonio violento y un considerable historial de desavenencias y desdichas. Comenz\u00f3 a cantar en el coro de la iglesia de su padre y sacudi\u00f3 el panorama musical de los sesenta al introducir los recursos del g\u00f3spel en la m\u00fasica secular, con \u00e9xitos hoy legendarios como <i>&#8216;Respect&#8217;<\/i> o <i>(&#8216;You make me feel) A natural woman&#8217;<\/i>. Con ella desaparece la \u00faltima gran superviviente de la era dorada de la m\u00fasica negra estadounidense <b>Por Amanda Mars<\/b><\/span> <span class=\"foto-firma\"><span class=\"foto-autor\">Dimitrios Kambouris<\/span> <span class=\"foto-agencia\">Getty<\/span><\/span> <span class=\"foto-enlace\"><a href=\"https:\/\/elpais.com\/cultura\/2018\/08\/16\/actualidad\/1534429173_499107.html\"> Ir a noticia<\/a><\/span><\/figcaption><\/figure>\n<\/li>\n<\/ul>\n<\/li>\n<\/ul>\n<div id=\"elpais_gpt-MPU1_1\" class=\"publi_luto_vertical\"><\/div>\n<ul class=\"contenedor_fotos\">\n<li style=\"list-style-type: none;\">\n<ul class=\"contenedor_fotos\">\n<li id=\"id_gal_pasa_16\">\n<figure class=\"foto foto_w980\"><span class=\"fondo_img\"> <img data-recalc-dims=\"1\" loading=\"lazy\" decoding=\"async\" id=\"foto_gal_16\" class=\"horizontal\" src=\"https:\/\/i0.wp.com\/ep00.epimg.net\/elpais\/imagenes\/2018\/12\/10\/album\/1544468958_403556_1544469586_album_normal.jpg?resize=640%2C433&#038;ssl=1\" alt=\" 18 de agosto. El s\u00e9ptimo secretario general de las Naciones Unidas logr\u00f3, durante su mandato, elevar en altura un cargo puramente administrativo gracias a su personalidad, carisma y determinaci\u00f3n. El legado que deja es enorme en el \u00e1mbito del desarrollo. Con su compasi\u00f3n y empat\u00eda logr\u00f3 llegar a millones de personas necesitadas por todo el mundo. Impuls\u00f3 los Objetivos del Milenio contra la pobreza, el protocolo de Kioto contra el cambio clim\u00e1tico y el fondo para el sida, la tuberculosis y la malaria. La gran sombra que persigui\u00f3 su gesti\u00f3n al frente de la ONU fue el fraude en el Programa Petr\u00f3leo por Alimentos para Irak, un mecanismo dise\u00f1ado para ayudar al pueblo iraqu\u00ed durante los a\u00f1os del embargo y que \u00e9l mismo negoci\u00f3 con el r\u00e9gimen de Bagdad. El esc\u00e1ndalo salpic\u00f3 a su hijo. Las denuncias de abusos sexuales por parte de los cascos azules tambi\u00e9n nublaron la recta final. Durante sus dos mandatos, y gracias a su personalidad, logr\u00f3 romper con las rigideces que impone la carta fundacional del organismo al cargo de secretario general, hasta el punto de darle un perfil pol\u00edtico que irrit\u00f3 a los pa\u00edses m\u00e1s poderosos. Su misi\u00f3n, de hecho, fue la de acercar la ONU a la gente, para que no fuera un club de gobiernos. Por Sandro Pozzi \" width=\"640\" height=\"433\" \/> <\/span><figcaption class=\"foto-pie\"><span class=\"foto-numero\">16<\/span><span class=\"foto-titulo\">Kofi Annan, 80 a\u00f1os. Diplom\u00e1tico y exsecretario general de la ONU\u00a0<\/span><span class=\"foto-texto\"><b>18 de agosto.<\/b> El s\u00e9ptimo secretario general de las Naciones Unidas logr\u00f3, durante su mandato, elevar en altura un cargo puramente administrativo gracias a su personalidad, carisma y determinaci\u00f3n. El legado que deja es enorme en el \u00e1mbito del desarrollo. Con su compasi\u00f3n y empat\u00eda logr\u00f3 llegar a millones de personas necesitadas por todo el mundo. Impuls\u00f3 los Objetivos del Milenio contra la pobreza, el protocolo de Kioto contra el cambio clim\u00e1tico y el fondo para el sida, la tuberculosis y la malaria. La gran sombra que persigui\u00f3 su gesti\u00f3n al frente de la ONU fue el fraude en el Programa Petr\u00f3leo por Alimentos para Irak, un mecanismo dise\u00f1ado para ayudar al pueblo iraqu\u00ed durante los a\u00f1os del embargo y que \u00e9l mismo negoci\u00f3 con el r\u00e9gimen de Bagdad. El esc\u00e1ndalo salpic\u00f3 a su hijo. Las denuncias de abusos sexuales por parte de los cascos azules tambi\u00e9n nublaron la recta final. Durante sus dos mandatos, y gracias a su personalidad, logr\u00f3 romper con las rigideces que impone la carta fundacional del organismo al cargo de secretario general, hasta el punto de darle un perfil pol\u00edtico que irrit\u00f3 a los pa\u00edses m\u00e1s poderosos. Su misi\u00f3n, de hecho, fue la de acercar la ONU a la gente, para que no fuera un club de gobiernos. <b>Por Sandro Pozzi<\/b><\/span> <span class=\"foto-firma\"><span class=\"foto-autor\">Gerard Cerles<\/span> <span class=\"foto-agencia\">AFP<\/span><\/span> <span class=\"foto-enlace\"><a href=\"https:\/\/elpais.com\/internacional\/2018\/08\/18\/actualidad\/1534585434_839216.html?rel=mas\"> Ir a noticia<\/a><\/span><\/figcaption><\/figure>\n<\/li>\n<li id=\"id_gal_pasa_17\">\n<figure class=\"foto foto_w980\"><span class=\"fondo_img\"> <img data-recalc-dims=\"1\" loading=\"lazy\" decoding=\"async\" id=\"foto_gal_17\" class=\"horizontal\" src=\"https:\/\/i0.wp.com\/ep00.epimg.net\/elpais\/imagenes\/2018\/12\/10\/album\/1544468958_403556_1544469587_album_normal.jpg?resize=640%2C417&#038;ssl=1\" alt=\" 21 de agosto. Era un renacentista moderno que desde el Mediterr\u00e1neo se trajo a la meseta un modo ins\u00f3lito de interpretar la realidad, mezclando los sabores de su tierra con el conocimiento exhaustivo de los colores del mundo. Era, por decirlo as\u00ed, un escritor en tecnicolores, y as\u00ed fue desembocando, desde la escritura period\u00edstica, que desarroll\u00f3 en 'Cuadernos para el Di\u00e1logo' y en EL PA\u00cdS, sucesivamente, a la pintura. En ambas facetas siempre dio muestras radicales de su compromiso con la modernidad, en los cuadros y en los art\u00edculos o en los libros. Todo en \u00e9l era color, hasta el \u00faltimo suspiro que fue tambi\u00e9n una invocaci\u00f3n del horizonte. \u201cY yo nado para alcanzarte\u201d, fue lo \u00faltimo que le vi escrito. Por Juan Cruz \" width=\"640\" height=\"417\" \/> <\/span><figcaption class=\"foto-pie\"><span class=\"foto-numero\">17<\/span><span class=\"foto-titulo\">Vicente Verd\u00fa, 75 a\u00f1os. Periodista, poeta y pintor\u00a0<\/span><span class=\"foto-texto\"><b>21 de agosto.<\/b> Era un renacentista moderno que desde el Mediterr\u00e1neo se trajo a la meseta un modo ins\u00f3lito de interpretar la realidad, mezclando los sabores de su tierra con el conocimiento exhaustivo de los colores del mundo. Era, por decirlo as\u00ed, un escritor en tecnicolores, y as\u00ed fue desembocando, desde la escritura period\u00edstica, que desarroll\u00f3 en &#8216;Cuadernos para el Di\u00e1logo&#8217; y en EL PA\u00cdS, sucesivamente, a la pintura. En ambas facetas siempre dio muestras radicales de su compromiso con la modernidad, en los cuadros y en los art\u00edculos o en los libros. Todo en \u00e9l era color, hasta el \u00faltimo suspiro que fue tambi\u00e9n una invocaci\u00f3n del horizonte. \u201cY yo nado para alcanzarte\u201d, fue lo \u00faltimo que le vi escrito. <b>Por Juan Cruz<\/b><\/span> <span class=\"foto-firma\"><span class=\"foto-autor\">Samuel S\u00e1nchez<\/span> <\/span> <span class=\"foto-enlace\"><a href=\"https:\/\/elpais.com\/cultura\/2018\/08\/21\/actualidad\/1534867863_784860.html\"> Ir a noticia<\/a><\/span><\/figcaption><\/figure>\n<\/li>\n<li id=\"id_gal_pasa_18\">\n<figure class=\"foto foto_w980\"><span class=\"fondo_img\"> <img data-recalc-dims=\"1\" loading=\"lazy\" decoding=\"async\" id=\"foto_gal_18\" class=\"horizontal\" src=\"https:\/\/i0.wp.com\/ep00.epimg.net\/elpais\/imagenes\/2018\/12\/10\/album\/1544468958_403556_1544469588_album_normal.jpg?resize=640%2C424&#038;ssl=1\" alt=\" 6 de septiembre. Con o sin bigote, fue el macho entre los machos del cine de los setenta y ochenta. Pel\u00edculas como 'Los caraduras', 'Rompehuesos',' Los traficantes' o 'Un caradura simp\u00e1tico' no se entienden sin la chuler\u00eda de un actor que siempre supo de s\u00ed mismo y que a la vez era famoso por montar broncas en los rodajes. Sufri\u00f3 en sus propias carnes el cambio de sensibilidades en el devenir de los tiempos y a finales de los ochenta desapareci\u00f3 del cine. En la televisi\u00f3n demostr\u00f3 que ten\u00eda algo: caradura, guapo, tipo sobrado que sab\u00eda re\u00edrse de s\u00ed mismo. Por Gregorio Belinch\u00f3n \" width=\"640\" height=\"424\" \/> <\/span><figcaption class=\"foto-pie\"><span class=\"foto-numero\">18<\/span><span class=\"foto-titulo\">Burt Reynolds, 82 a\u00f1os. Actor\u00a0<\/span><span class=\"foto-texto\"><b>6 de septiembre.<\/b> Con o sin bigote, fue el macho entre los machos del cine de los setenta y ochenta. Pel\u00edculas como <i>&#8216;Los caraduras&#8217;, &#8216;Rompehuesos&#8217;,&#8217; Los traficantes&#8217;<\/i> o <i>&#8216;Un caradura simp\u00e1tico&#8217;<\/i> no se entienden sin la chuler\u00eda de un actor que siempre supo de s\u00ed mismo y que a la vez era famoso por montar broncas en los rodajes. Sufri\u00f3 en sus propias carnes el cambio de sensibilidades en el devenir de los tiempos y a finales de los ochenta desapareci\u00f3 del cine. En la televisi\u00f3n demostr\u00f3 que ten\u00eda algo: caradura, guapo, tipo sobrado que sab\u00eda re\u00edrse de s\u00ed mismo. <b>Por Gregorio Belinch\u00f3n<\/b><\/span> <span class=\"foto-firma\"><span class=\"foto-autor\">Getty<\/span> <span class=\"foto-agencia\">Harry Prosser<\/span><\/span> <span class=\"foto-enlace\"><a href=\"https:\/\/elpais.com\/cultura\/2018\/09\/06\/actualidad\/1536260220_175099.html\"> Ir a noticia<\/a><\/span><\/figcaption><\/figure>\n<\/li>\n<\/ul>\n<\/li>\n<\/ul>\n<div id=\"elpais_gpt-MPU1_2\" class=\"publi_luto_vertical\"><\/div>\n<ul class=\"contenedor_fotos\">\n<li style=\"list-style-type: none;\">\n<ul class=\"contenedor_fotos\">\n<li id=\"id_gal_pasa_19\">\n<figure class=\"foto foto_w980\"><span class=\"fondo_img\"> <img data-recalc-dims=\"1\" loading=\"lazy\" decoding=\"async\" id=\"foto_gal_19\" class=\"horizontal\" src=\"https:\/\/i0.wp.com\/ep00.epimg.net\/elpais\/imagenes\/2018\/12\/10\/album\/1544468958_403556_1544469835_album_normal.jpg?resize=640%2C396&#038;ssl=1\" alt=\" 1 de octubre. No ten\u00eda buena voz. No era guapo. Ni siquiera alto. No ten\u00eda nada para triunfar sobre un escenario y as\u00ed se lo dijeron los cr\u00edticos cuando comenz\u00f3 su carrera. No los escuch\u00f3, e hizo bien. M\u00e1s de 1.400 canciones grabadas, 800 de ellas compuestas por \u00e9l mismo, casi 300 discos publicados, m\u00e1s de 100 millones de \u00e1lbumes vendidos y salas de conciertos llenas para escucharle bien pasados los 90 a\u00f1os, adem\u00e1s de una extensa carrera en el cine, demuestran que ten\u00eda raz\u00f3n. Ten\u00eda una energ\u00eda y un amor por lo que hac\u00eda que le permitieron conquistar a varias generaciones durante una carrera que se extendi\u00f3 d\u00e9cadas y por todos los continentes. Charles Aznavour cant\u00f3 en media docena de idiomas. Era reverenciado en lugares insospechados como Cuba, donde grab\u00f3 un disco hace una d\u00e9cada junto a Chucho Vald\u00e9s. En Armenia, pa\u00eds del que era originaria su familia, tiene dedicadas estatuas y hasta un museo. Por Silvia Ayuso \" width=\"640\" height=\"396\" \/> <\/span><figcaption class=\"foto-pie\"><span class=\"foto-numero\">19<\/span><span class=\"foto-titulo\">Charles Aznavour, 94 a\u00f1os. Cantante\u00a0<\/span><span class=\"foto-texto\"><b>1 de octubre.<\/b> No ten\u00eda buena voz. No era guapo. Ni siquiera alto. No ten\u00eda nada para triunfar sobre un escenario y as\u00ed se lo dijeron los cr\u00edticos cuando comenz\u00f3 su carrera. No los escuch\u00f3, e hizo bien. M\u00e1s de 1.400 canciones grabadas, 800 de ellas compuestas por \u00e9l mismo, casi 300 discos publicados, m\u00e1s de 100 millones de \u00e1lbumes vendidos y salas de conciertos llenas para escucharle bien pasados los 90 a\u00f1os, adem\u00e1s de una extensa carrera en el cine, demuestran que ten\u00eda raz\u00f3n. Ten\u00eda una energ\u00eda y un amor por lo que hac\u00eda que le permitieron conquistar a varias generaciones durante una carrera que se extendi\u00f3 d\u00e9cadas y por todos los continentes. Charles Aznavour cant\u00f3 en media docena de idiomas. Era reverenciado en lugares insospechados como Cuba, donde grab\u00f3 un disco hace una d\u00e9cada junto a Chucho Vald\u00e9s. En Armenia, pa\u00eds del que era originaria su familia, tiene dedicadas estatuas y hasta un museo. <b>Por Silvia Ayuso<\/b><\/span> <span class=\"foto-firma\"><span class=\"foto-autor\">Samuel S\u00e1nchez<\/span> <\/span> <span class=\"foto-enlace\"><a href=\"https:\/\/elpais.com\/cultura\/2018\/10\/01\/actualidad\/1538395582_987796.html\"> Ir a noticia<\/a><\/span><\/figcaption><\/figure>\n<\/li>\n<li id=\"id_gal_pasa_20\">\n<figure class=\"foto foto_w980\"><span class=\"fondo_img\"> <img data-recalc-dims=\"1\" loading=\"lazy\" decoding=\"async\" id=\"foto_gal_20\" class=\"horizontal\" src=\"https:\/\/i0.wp.com\/ep00.epimg.net\/elpais\/imagenes\/2018\/12\/10\/album\/1544468958_403556_1544469836_album_normal.jpg?resize=640%2C432&#038;ssl=1\" alt=\" 6 de octubre. Fue, sin duda, una de las cantantes a la altura de mitos como Maria Callas, Joan Sutherland o Renata Tebaldi. Era, adem\u00e1s, una soprano con una tremenda humanidad, con sentimientos a flor de piel. Para la historia han quedado im\u00e1genes como las l\u00e1grimas de la artistamujerbarcelonesa ante el teatro del Liceo, la que fue su segunda casa, convertido en cenizas en 1994, y en cuya reconstrucci\u00f3n se implic\u00f3 de forma personal. A lo largo de su carrera, Caball\u00e9 comparti\u00f3 escenario con todos los grandes artistas, aunque reconoc\u00eda que tuvo una qu\u00edmica especial con tres de ellos: Pavarotti, Pl\u00e1cido Domingo y Carreras. De su voz se ha destacado que era plena, potente y bella, que estaba dotada de tersura, nitidez, pureza o suavidad, y que su timbre era iridiscente y tornasolado. Por Blanca Cia \" width=\"640\" height=\"432\" \/> <\/span><figcaption class=\"foto-pie\"><span class=\"foto-numero\">20<\/span><span class=\"foto-titulo\">Montserrat Caball\u00e9, 85 a\u00f1os. Soprano\u00a0<\/span><span class=\"foto-texto\"><b>6 de octubre.<\/b> Fue, sin duda, una de las cantantes a la altura de mitos como Maria Callas, Joan Sutherland o Renata Tebaldi. Era, adem\u00e1s, una soprano con una tremenda humanidad, con sentimientos a flor de piel. Para la historia han quedado im\u00e1genes como las l\u00e1grimas de la artista\/mujer\/barcelonesa ante el teatro del Liceo, la que fue su segunda casa, convertido en cenizas en 1994, y en cuya reconstrucci\u00f3n se implic\u00f3 de forma personal. A lo largo de su carrera, Caball\u00e9 comparti\u00f3 escenario con todos los grandes artistas, aunque reconoc\u00eda que tuvo una qu\u00edmica especial con tres de ellos: Pavarotti, Pl\u00e1cido Domingo y Carreras. De su voz se ha destacado que era plena, potente y bella, que estaba dotada de tersura, nitidez, pureza o suavidad, y que su timbre era iridiscente y tornasolado. <b>Por Blanca Cia<\/b><\/span> <span class=\"foto-firma\"><span class=\"foto-autor\">Sebastian Willnow<\/span> <span class=\"foto-agencia\">Getty<\/span><\/span> <span class=\"foto-enlace\"><a href=\"https:\/\/elpais.com\/cultura\/2018\/10\/06\/actualidad\/1538807004_654748.html\"> Ir a noticia<\/a><\/span><\/figcaption><\/figure>\n<\/li>\n<li id=\"id_gal_pasa_21\">\n<figure class=\"foto foto_w980\"><span class=\"fondo_img\"> <img data-recalc-dims=\"1\" loading=\"lazy\" decoding=\"async\" id=\"foto_gal_21\" class=\"horizontal\" src=\"https:\/\/i0.wp.com\/ep00.epimg.net\/elpais\/imagenes\/2018\/12\/10\/album\/1544468958_403556_1544469837_album_normal.jpg?resize=640%2C426&#038;ssl=1\" alt=\" 14 de octubre. Jam\u00e1s dec\u00eda que no a una propuesta que lo empujara y le invitara a dejar patente su originalidad de artista total: como creador pl\u00e1stico, escritor o escen\u00f3grafo. Como polemista, agitador, emprendedor y avivador de vocaciones ajenas en el arte, la literatura, la m\u00fasica, el periodismo\u2026 Arroyo era, ante todo, un artista europeo, con esa identidad heredera de la Espa\u00f1a abierta y tolerante que sembr\u00f3 la Instituci\u00f3n Libre de Ense\u00f1anza, de la que bebi\u00f3 talante. Aun\u00f3 una visi\u00f3n del mundo entrelazada y particular con cuadros que se pod\u00edan leer y textos que conduc\u00edan al lector hacia una org\u00eda de im\u00e1genes. No se escabull\u00eda ante sus paradojas. Por Jes\u00fas Ruiz Mantilla \" width=\"640\" height=\"426\" \/> <\/span><figcaption class=\"foto-pie\"><span class=\"foto-numero\">21<\/span><span class=\"foto-titulo\">Eduardo Arroyo, 81 a\u00f1os. Pintor\u00a0<\/span><span class=\"foto-texto\"><b>14 de octubre.<\/b> Jam\u00e1s dec\u00eda que no a una propuesta que lo empujara y le invitara a dejar patente su originalidad de artista total: como creador pl\u00e1stico, escritor o escen\u00f3grafo. Como polemista, agitador, emprendedor y avivador de vocaciones ajenas en el arte, la literatura, la m\u00fasica, el periodismo\u2026 Arroyo era, ante todo, un artista europeo, con esa identidad heredera de la Espa\u00f1a abierta y tolerante que sembr\u00f3 la Instituci\u00f3n Libre de Ense\u00f1anza, de la que bebi\u00f3 talante. Aun\u00f3 una visi\u00f3n del mundo entrelazada y particular con cuadros que se pod\u00edan leer y textos que conduc\u00edan al lector hacia una org\u00eda de im\u00e1genes. No se escabull\u00eda ante sus paradojas. <b>Por Jes\u00fas Ruiz Mantilla<\/b><\/span> <span class=\"foto-firma\"><span class=\"foto-autor\">Santi Burgos<\/span> <\/span> <span class=\"foto-enlace\"><a href=\"https:\/\/elpais.com\/cultura\/2018\/10\/14\/actualidad\/1539512055_961672.html\"> Ir a noticia<\/a><\/span><\/figcaption><\/figure>\n<\/li>\n<\/ul>\n<\/li>\n<\/ul>\n<div id=\"elpais_gpt-MPU1_3\" class=\"publi_luto_vertical\"><\/div>\n<ul class=\"contenedor_fotos\">\n<li style=\"list-style-type: none;\">\n<ul class=\"contenedor_fotos\">\n<li id=\"id_gal_pasa_22\">\n<figure class=\"foto foto_w980\"><span class=\"fondo_img\"> <img data-recalc-dims=\"1\" loading=\"lazy\" decoding=\"async\" id=\"foto_gal_22\" class=\"horizontal\" src=\"https:\/\/i0.wp.com\/ep00.epimg.net\/elpais\/imagenes\/2018\/12\/10\/album\/1544468958_403556_1544469838_album_normal.jpg?resize=640%2C426&#038;ssl=1\" alt=\" 24 de octubre. Fue la embajadora de la modernidad de Valencia, hasta el punto de que el Gobierno de Felipe Gonz\u00e1lez la tom\u00f3 como santo y se\u00f1a de su pol\u00edtica cultural nombr\u00e1ndola ministra del ramo en 1993, cargo que ocup\u00f3 hasta 1996. Su generosidad, su carisma, sus ideas y su experiencia laboral y pol\u00edtica la convirtieron en un referente social sobre todo en los noventa y en principios del siglo XXI. Alborch arroj\u00f3 luz en la s\u00f3rdida Valencia que surg\u00eda de la dictadura. Fue cofundadora de una galer\u00eda de arte y era una presencia habitual de cualquier acto cultural, primero en su ciudad, Valencia, y m\u00e1s tarde en Madrid. Alborch tuvo una personalidad de una enorme proyecci\u00f3n social y concit\u00f3 un aprecio transversal. Por Miquel Alberola \" width=\"640\" height=\"426\" \/> <\/span><figcaption class=\"foto-pie\"><span class=\"foto-numero\">22<\/span><span class=\"foto-titulo\">Carmen Alborch, 70 a\u00f1os. Exministra\u00a0<\/span><span class=\"foto-texto\"><b>24 de octubre.<\/b> Fue la embajadora de la modernidad de Valencia, hasta el punto de que el Gobierno de Felipe Gonz\u00e1lez la tom\u00f3 como santo y se\u00f1a de su pol\u00edtica cultural nombr\u00e1ndola ministra del ramo en 1993, cargo que ocup\u00f3 hasta 1996. Su generosidad, su carisma, sus ideas y su experiencia laboral y pol\u00edtica la convirtieron en un referente social sobre todo en los noventa y en principios del siglo XXI. Alborch arroj\u00f3 luz en la s\u00f3rdida Valencia que surg\u00eda de la dictadura. Fue cofundadora de una galer\u00eda de arte y era una presencia habitual de cualquier acto cultural, primero en su ciudad, Valencia, y m\u00e1s tarde en Madrid. Alborch tuvo una personalidad de una enorme proyecci\u00f3n social y concit\u00f3 un aprecio transversal. <b>Por Miquel Alberola<\/b><\/span> <span class=\"foto-firma\"><span class=\"foto-autor\">Samuel S\u00e1nchez<\/span> <\/span> <span class=\"foto-enlace\"><a href=\"https:\/\/elpais.com\/politica\/2018\/10\/24\/actualidad\/1540387288_783094.html\"> Ir a noticia<\/a><\/span><\/figcaption><\/figure>\n<\/li>\n<li id=\"id_gal_pasa_23\">\n<figure class=\"foto foto_w980\"><span class=\"fondo_img\"> <img data-recalc-dims=\"1\" loading=\"lazy\" decoding=\"async\" id=\"foto_gal_23\" class=\"horizontal\" src=\"https:\/\/i0.wp.com\/ep00.epimg.net\/elpais\/imagenes\/2018\/12\/10\/album\/1544468958_403556_1544469839_album_normal.jpg?resize=640%2C420&#038;ssl=1\" alt=\" 2 de noviembre. Cualquier trabajo del actor queda empeque\u00f1ecido a la sombra de su Algarrobo de la serie 'Curro Jim\u00e9nez' , protagonizada por unos bandoleros que se ocultaban en la serran\u00eda de Ronda en la Espa\u00f1a ocupada por los franceses. Se estren\u00f3 el 22 de diciembre de 1976 en TVE, que la tuvo dos temporadas: \u201cSeguramente si no hubiera hecho el Algarrobo no ser\u00eda el actor que soy hoy\u201d, afirmaba rememorando su participaci\u00f3n en la serie. Gracias a su f\u00edsico contundente \u2013y a sus impresionantes facultades como deportista- pudo ganarse la vida en multitud de rodajes dentro y fuera de Espa\u00f1a. Aquel f\u00edsico en realidad escond\u00eda a un hombre t\u00edmido, le\u00eddo, tertuliano del caf\u00e9 Gij\u00f3n, donde se reun\u00eda la progres\u00eda intelectual de la \u00e9poca. &quot;Me hice dem\u00f3crata en las tertulias del caf\u00e9 Gij\u00f3n. Fue en ellas donde entend\u00ed que uno no siempre tiene toda la raz\u00f3n, que los comentarios de los otros son tan importantes como los de uno mismo&quot;, recordaba el actor. Por Gregorio Belinch\u00f3n. \" width=\"640\" height=\"420\" \/> <\/span><figcaption class=\"foto-pie\"><span class=\"foto-numero\">23<\/span><span class=\"foto-titulo\">\u00c1lvaro de Luna, 83 a\u00f1os. Actor\u00a0<\/span><span class=\"foto-texto\"><b>2 de noviembre.<\/b> Cualquier trabajo del actor queda empeque\u00f1ecido a la sombra de su <i>Algarrobo<\/i> de la serie <i>&#8216;Curro Jim\u00e9nez&#8217;<\/i>, protagonizada por unos bandoleros que se ocultaban en la serran\u00eda de Ronda en la Espa\u00f1a ocupada por los franceses. Se estren\u00f3 el 22 de diciembre de 1976 en TVE, que la tuvo dos temporadas: \u201cSeguramente si no hubiera hecho <i>el Algarrobo<\/i> no ser\u00eda el actor que soy hoy\u201d, afirmaba rememorando su participaci\u00f3n en la serie. Gracias a su f\u00edsico contundente \u2013y a sus impresionantes facultades como deportista- pudo ganarse la vida en multitud de rodajes dentro y fuera de Espa\u00f1a. Aquel f\u00edsico en realidad escond\u00eda a un hombre t\u00edmido, le\u00eddo, tertuliano del caf\u00e9 Gij\u00f3n, donde se reun\u00eda la progres\u00eda intelectual de la \u00e9poca. \u00abMe hice dem\u00f3crata en las tertulias del caf\u00e9 Gij\u00f3n. Fue en ellas donde entend\u00ed que uno no siempre tiene toda la raz\u00f3n, que los comentarios de los otros son tan importantes como los de uno mismo\u00bb, recordaba el actor. <b>Por Gregorio Belinch\u00f3n.<\/b><\/span> <span class=\"foto-firma\"><span class=\"foto-autor\">Paco Torrente<\/span> <span class=\"foto-agencia\">EFE<\/span><\/span> <span class=\"foto-enlace\"><a href=\"https:\/\/elpais.com\/cultura\/2018\/11\/02\/actualidad\/1541156807_677928.html\"> Ir a noticia<\/a><\/span><\/figcaption><\/figure>\n<\/li>\n<li id=\"id_gal_pasa_24\">\n<figure class=\"foto foto_w980\"><span class=\"fondo_img\"> <img data-recalc-dims=\"1\" loading=\"lazy\" decoding=\"async\" id=\"foto_gal_24\" class=\"horizontal\" src=\"https:\/\/i0.wp.com\/ep00.epimg.net\/elpais\/imagenes\/2018\/12\/10\/album\/1544468958_403556_1544469840_album_normal.jpg?resize=640%2C466&#038;ssl=1\" alt=\" 12 de noviembre. En su juventud, Stan so\u00f1aba con escribir la gran novela americana. Por eso, cuando le encargaron c\u00f3mics de monstruos, modelos y vaqueros decidi\u00f3 no manchar su nombre y firmar con el seud\u00f3nimo Stan Lee. Ese camino hizo que ese joven del Bronx nunca llegara a ser novelista. Su risue\u00f1o 'alter ego', sin embargo, no solo transform\u00f3 la incipiente industria del tebeo, sino que teji\u00f3 un nuevo pante\u00f3n de deidades en la industria del entretenimiento. Su imagen y forma de comunicar eran ic\u00f3nicas, ten\u00eda decenas de cr\u00e9ditos como actor e incluso crearon mu\u00f1ecos que reproduc\u00edan su imagen. Su vida se bas\u00f3 hasta el \u00faltimo minuto en un prop\u00f3sito: \u201cSolo quiero divertirme\u201d. 'Spiderman', 'Patrulla X', 'Vengadores',' Daredevil' o 'Dr. Extra\u00f1o' son algunos de los h\u00e9roes con los que plag\u00f3 el universo Marvel. Aunque su sello fuera ya m\u00e1s marca que creatividad, segu\u00eda siendo el invitado m\u00e1s esperado en las convenciones de c\u00f3mic hoy multiplicadas por el mundo. No pod\u00eda dar un paso sin una foto. \u00c9l hab\u00eda visto surgir de la nada este movimiento cultural. Era el patriarca fuera de tiempo. Un icono. Por Eneko Ruiz Jim\u00e9nez \" width=\"640\" height=\"466\" \/> <\/span><figcaption class=\"foto-pie\"><span class=\"foto-numero\">24<\/span><span class=\"foto-titulo\">Stan Lee, 95 a\u00f1os. Escritor y editor de c\u00f3mics\u00a0<\/span><span class=\"foto-texto\"><b>12 de noviembre.<\/b> En su juventud, Stan so\u00f1aba con escribir la gran novela americana. Por eso, cuando le encargaron c\u00f3mics de monstruos, modelos y vaqueros decidi\u00f3 no manchar su nombre y firmar con el seud\u00f3nimo Stan Lee. Ese camino hizo que ese joven del Bronx nunca llegara a ser novelista. Su risue\u00f1o &#8216;alter ego&#8217;, sin embargo, no solo transform\u00f3 la incipiente industria del tebeo, sino que teji\u00f3 un nuevo pante\u00f3n de deidades en la industria del entretenimiento. Su imagen y forma de comunicar eran ic\u00f3nicas, ten\u00eda decenas de cr\u00e9ditos como actor e incluso crearon mu\u00f1ecos que reproduc\u00edan su imagen. Su vida se bas\u00f3 hasta el \u00faltimo minuto en un prop\u00f3sito: \u201cSolo quiero divertirme\u201d. <i>&#8216;Spiderman&#8217;, &#8216;Patrulla X&#8217;, &#8216;Vengadores&#8217;,&#8217; Daredevil&#8217;<\/i> o <i>&#8216;Dr. Extra\u00f1o&#8217;<\/i> son algunos de los h\u00e9roes con los que plag\u00f3 el universo Marvel. Aunque su sello fuera ya m\u00e1s marca que creatividad, segu\u00eda siendo el invitado m\u00e1s esperado en las convenciones de c\u00f3mic hoy multiplicadas por el mundo. No pod\u00eda dar un paso sin una foto. \u00c9l hab\u00eda visto surgir de la nada este movimiento cultural. Era el patriarca fuera de tiempo. Un icono. <b>Por Eneko Ruiz Jim\u00e9nez<\/b><\/span> <span class=\"foto-firma\"><span class=\"foto-autor\">Reed Saxon<\/span> <span class=\"foto-agencia\">AP<\/span><\/span> <span class=\"foto-enlace\"><a href=\"https:\/\/elpais.com\/cultura\/2018\/11\/12\/actualidad\/1542048794_633149.html\"> Ir a noticia<\/a><\/span><\/figcaption><\/figure>\n<\/li>\n<\/ul>\n<\/li>\n<\/ul>\n<div id=\"elpais_gpt-MPU1_4\" class=\"publi_luto_vertical\"><\/div>\n<ul class=\"contenedor_fotos\">\n<li style=\"list-style-type: none;\">\n<ul class=\"contenedor_fotos\">\n<li id=\"id_gal_pasa_25\">\n<figure class=\"foto foto_w980\"><span class=\"fondo_img\"> <img data-recalc-dims=\"1\" loading=\"lazy\" decoding=\"async\" id=\"foto_gal_25\" class=\"horizontal\" src=\"https:\/\/i0.wp.com\/ep00.epimg.net\/elpais\/imagenes\/2018\/12\/10\/album\/1544468958_403556_1544469841_album_normal.jpg?resize=640%2C424&#038;ssl=1\" alt=\" 16 de noviembre. El mundo del arte lo tiene que despedir con muchos honores. En primer lugar, con el que merece la claridad con que expres\u00f3 su sabidur\u00eda, en la c\u00e1tedra y en la prensa; fue cr\u00edtico de arte de este peri\u00f3dico, donde ense\u00f1\u00f3 a valorar lo desconocido y regal\u00f3 a los lectores un conocimiento exhaustivo que explic\u00f3 con brillantez e inteligencia. Era un hombre comprometido con el arte y con la vida. Fue emocionante siempre su relaci\u00f3n con su familia, con sus hijos, con sus amigos. Con este peri\u00f3dico. En tiempos en que la juventud nos animaba a todos a olvidar o a competir, su relaci\u00f3n dial\u00e9ctica con estas p\u00e1ginas ayud\u00f3 a consolidar su opini\u00f3n como una forma de poner dique a la tentaci\u00f3n period\u00edstica de olvidarse de lo importante. Y por eso fue uno de los pilares de EL PA\u00cdS, no solo por lo que este peri\u00f3dico se\u00f1alaba sino por lo que \u00e9l nos advert\u00eda como camelos que \u00e9l desvelaba. Por Juan Cruz \" width=\"640\" height=\"424\" \/> <\/span><figcaption class=\"foto-pie\"><span class=\"foto-numero\">25<\/span><span class=\"foto-titulo\">Francisco Calvo Serraller, 70 a\u00f1os. Catedr\u00e1tico y cr\u00edtico de arte\u00a0<\/span><span class=\"foto-texto\"><b>16 de noviembre.<\/b> El mundo del arte lo tiene que despedir con muchos honores. En primer lugar, con el que merece la claridad con que expres\u00f3 su sabidur\u00eda, en la c\u00e1tedra y en la prensa; fue cr\u00edtico de arte de este peri\u00f3dico, donde ense\u00f1\u00f3 a valorar lo desconocido y regal\u00f3 a los lectores un conocimiento exhaustivo que explic\u00f3 con brillantez e inteligencia. Era un hombre comprometido con el arte y con la vida. Fue emocionante siempre su relaci\u00f3n con su familia, con sus hijos, con sus amigos. Con este peri\u00f3dico. En tiempos en que la juventud nos animaba a todos a olvidar o a competir, su relaci\u00f3n dial\u00e9ctica con estas p\u00e1ginas ayud\u00f3 a consolidar su opini\u00f3n como una forma de poner dique a la tentaci\u00f3n period\u00edstica de olvidarse de lo importante. Y por eso fue uno de los pilares de EL PA\u00cdS, no solo por lo que este peri\u00f3dico se\u00f1alaba sino por lo que \u00e9l nos advert\u00eda como camelos que \u00e9l desvelaba. <b>Por Juan Cruz<\/b><\/span> <span class=\"foto-firma\"><span class=\"foto-autor\">Gorka Lejarcegi<\/span> <\/span> <span class=\"foto-enlace\"><a href=\"https:\/\/elpais.com\/cultura\/2018\/11\/16\/actualidad\/1542387250_409898.html\"> Ir a noticia<\/a><\/span><\/figcaption><\/figure>\n<\/li>\n<li id=\"id_gal_pasa_26\">\n<figure class=\"foto foto_w980\"><span class=\"fondo_img\"> <img data-recalc-dims=\"1\" loading=\"lazy\" decoding=\"async\" id=\"foto_gal_26\" class=\"horizontal\" src=\"https:\/\/i0.wp.com\/ep00.epimg.net\/elpais\/imagenes\/2018\/12\/10\/album\/1544468958_403556_1545058923_album_normal.jpg?resize=640%2C433&#038;ssl=1\" alt=\" 26 de noviembre. Hijo del gran poeta Attilio Bertolucci y de la profesora Ninetta Giovanardi, fue \u00edntimo amigo de Pier Paolo Pasolini, defensor a ultranza del Partido Comunista y \u00e1vido lector de los fundamentos del marxismo y el psicoan\u00e1lisis. Un 'cocktail' biogr\u00e1fico del que bebi\u00f3 toda su obra: una quincena de pel\u00edculas, entre producciones colosales y min\u00fasculas, obras experimentales y m\u00e1s tradicionales. Fue guionista, productor, poeta y polemista. Y sobre todo, retrat\u00f3 con nitidez extraordinaria a los desheredados de este mundo \u2014como la prostituta de 'La cosecha est\u00e9ril' , su primer filme\u2014, a seres en descomposici\u00f3n y a un cierto tipo de burgues\u00eda en pleno descubrimiento del fuego. El pasaporte al cielo lo expidi\u00f3 'El \u00faltimo tango en Par\u00eds' , su sexta pel\u00edcula. La m\u00e1s cruda y pol\u00e9mica. No hubo en su cine estudios ni aprendizaje t\u00e9cnico. Al principio, como vio hacer a Pasolini, renunci\u00f3 incluso a actores profesionales y flirte\u00f3 con las corrientes experimentales. 'Novecento' fue la afirmaci\u00f3n definitiva de la transversalidad de Bertolucci, tambi\u00e9n a un lado y otro del Atl\u00e1ntico. Pero el reconocimiento en Hollywood lleg\u00f3 con 'El \u00faltimo emperador' (1987), la tr\u00e1gica y novelesca historia de Pu Yi , el \u00faltimo representante de la dinast\u00eda manch\u00fa, quiz\u00e1 una de sus obras menos profundas, pero la \u00fanica que le ha valido a un director italiano el Oscar. Por Daniel Verd\u00fa \" width=\"640\" height=\"433\" \/> <\/span><figcaption class=\"foto-pie\"><span class=\"foto-numero\">26<\/span><span class=\"foto-titulo\">Bernardo Bertolucci, 77 a\u00f1os. Director de cine\u00a0<\/span><span class=\"foto-texto\"><b>26 de noviembre.<\/b> Hijo del gran poeta Attilio Bertolucci y de la profesora Ninetta Giovanardi, fue \u00edntimo amigo de Pier Paolo Pasolini, defensor a ultranza del Partido Comunista y \u00e1vido lector de los fundamentos del marxismo y el psicoan\u00e1lisis. Un &#8216;cocktail&#8217; biogr\u00e1fico del que bebi\u00f3 toda su obra: una quincena de pel\u00edculas, entre producciones colosales y min\u00fasculas, obras experimentales y m\u00e1s tradicionales. Fue guionista, productor, poeta y polemista. Y sobre todo, retrat\u00f3 con nitidez extraordinaria a los desheredados de este mundo \u2014como la prostituta de <i>&#8216;La cosecha est\u00e9ril&#8217;<\/i>, su primer filme\u2014, a seres en descomposici\u00f3n y a un cierto tipo de burgues\u00eda en pleno descubrimiento del fuego. El pasaporte al cielo lo expidi\u00f3 <i>&#8216;El \u00faltimo tango en Par\u00eds&#8217;<\/i>, su sexta pel\u00edcula. La m\u00e1s cruda y pol\u00e9mica. No hubo en su cine estudios ni aprendizaje t\u00e9cnico. Al principio, como vio hacer a Pasolini, renunci\u00f3 incluso a actores profesionales y flirte\u00f3 con las corrientes experimentales. <i>&#8216;Novecento&#8217;<\/i> fue la afirmaci\u00f3n definitiva de la transversalidad de Bertolucci, tambi\u00e9n a un lado y otro del Atl\u00e1ntico. Pero el reconocimiento en Hollywood lleg\u00f3 con <i>&#8216;El \u00faltimo emperador&#8217;<\/i> (1987), la tr\u00e1gica y novelesca historia de Pu Yi , el \u00faltimo representante de la dinast\u00eda manch\u00fa, quiz\u00e1 una de sus obras menos profundas, pero la \u00fanica que le ha valido a un director italiano el Oscar. <b>Por Daniel Verd\u00fa<\/b><\/span> <span class=\"foto-firma\"><span class=\"foto-autor\">Claudio Onorati<\/span> <span class=\"foto-agencia\">Efe<\/span><\/span> <span class=\"foto-enlace\"><a href=\"https:\/\/elpais.com\/cultura\/2018\/11\/26\/actualidad\/1543221277_980833.html\"> Ir a noticia<\/a><\/span><\/figcaption><\/figure>\n<\/li>\n<li id=\"id_gal_pasa_27\">\n<figure class=\"foto foto_w980\"><span class=\"fondo_img\"> <img data-recalc-dims=\"1\" loading=\"lazy\" decoding=\"async\" id=\"foto_gal_27\" class=\"horizontal\" src=\"https:\/\/i0.wp.com\/ep00.epimg.net\/elpais\/imagenes\/2018\/12\/10\/album\/1544468958_403556_1544470055_album_normal.jpg?resize=640%2C420&#038;ssl=1\" alt=\" 30 de noviembre. Representaba un republicanismo moderado y pragm\u00e1tico que echa chispas en su contraste con la era de Donald Trump. Sus cuatros a\u00f1os de mandato en la Casa Blanca (1989-1993) quedaron marcados por las turbulencias de la pol\u00edtica exterior, que naveg\u00f3 con \u00e9xito y le concedieron altos niveles de popularidad, pero la crisis econ\u00f3mica y su escaso de carisma le impidieron salir reelegido. Simboliza ese tipo de pol\u00edtico con el que a Estados Unidos le gusta identificarse, un viejo h\u00e9roe de guerra cuyas decisiones, m\u00e1s o menos acertadas, superaban los c\u00e1lculos de la lucha partidista. Si no era cautivador como pol\u00edtico, George H. W. Bush s\u00ed destacaba por sus habilidades diplom\u00e1ticas. Su pol\u00edtica exterior se concibi\u00f3 siempre desde la 'realpolitik' y combin\u00f3 la cautela con la fuerza. Con la victoria de Trump, tras una campa\u00f1a crispada que parti\u00f3 EE UU en dos, se record\u00f3 la carta de bienvenida a la Casa Blanca que Bush padre dej\u00f3 a Bill Clinton al perder las elecciones, como ejemplo de un estilo de pol\u00edtica ya extinto. &quot;Habr\u00e1 momentos duros, m\u00e1s dif\u00edciles a\u00fan por cr\u00edticas que pueda considerar injustas, pero no deje que los cr\u00edticos le desanimen o le desv\u00eden del camino&quot;, dej\u00f3 escrito. &quot;Ahora es nuestro presidente y estoy con usted&quot;. Por Amanda Mars \" width=\"640\" height=\"420\" \/> <\/span><figcaption class=\"foto-pie\"><span class=\"foto-numero\">27<\/span><span class=\"foto-titulo\">George H.W. Bush, 94 a\u00f1os. Expresidente de Estados Unidos\u00a0<\/span><span class=\"foto-texto\"><b>30 de noviembre.<\/b> Representaba un republicanismo moderado y pragm\u00e1tico que echa chispas en su contraste con la era de Donald Trump. Sus cuatros a\u00f1os de mandato en la Casa Blanca (1989-1993) quedaron marcados por las turbulencias de la pol\u00edtica exterior, que naveg\u00f3 con \u00e9xito y le concedieron altos niveles de popularidad, pero la crisis econ\u00f3mica y su escaso de carisma le impidieron salir reelegido. Simboliza ese tipo de pol\u00edtico con el que a Estados Unidos le gusta identificarse, un viejo h\u00e9roe de guerra cuyas decisiones, m\u00e1s o menos acertadas, superaban los c\u00e1lculos de la lucha partidista. Si no era cautivador como pol\u00edtico, George H. W. Bush s\u00ed destacaba por sus habilidades diplom\u00e1ticas. Su pol\u00edtica exterior se concibi\u00f3 siempre desde la <i>&#8216;realpolitik&#8217;<\/i> y combin\u00f3 la cautela con la fuerza. Con la victoria de Trump, tras una campa\u00f1a crispada que parti\u00f3 EE UU en dos, se record\u00f3 la carta de bienvenida a la Casa Blanca que Bush padre dej\u00f3 a Bill Clinton al perder las elecciones, como ejemplo de un estilo de pol\u00edtica ya extinto. \u00abHabr\u00e1 momentos duros, m\u00e1s dif\u00edciles a\u00fan por cr\u00edticas que pueda considerar injustas, pero no deje que los cr\u00edticos le desanimen o le desv\u00eden del camino\u00bb, dej\u00f3 escrito. \u00abAhora es nuestro presidente y estoy con usted\u00bb. <b>Por Amanda Mars<\/b><\/span> <span class=\"foto-firma\"><span class=\"foto-autor\">Mark Reinstein<\/span> <span class=\"foto-agencia\">Getty<\/span><\/span> <span class=\"foto-enlace\"><a href=\"https:\/\/elpais.com\/internacional\/2018\/12\/01\/actualidad\/1543641335_725053.html\"> Ir a noticia<\/a><\/span><\/figcaption><\/figure>\n<\/li>\n<\/ul>\n<\/li>\n<\/ul>\n<div id=\"elpais_gpt-MPU1_5\" class=\"publi_luto_vertical\"><\/div>\n<ul id=\"contenedor_fotos\" class=\"contenedor_fotos\">\n<li id=\"id_gal_pasa_28\">\n<figure class=\"foto foto_w980\"><span class=\"fondo_img\"> <img data-recalc-dims=\"1\" loading=\"lazy\" decoding=\"async\" id=\"foto_gal_28\" class=\"horizontal\" src=\"https:\/\/i0.wp.com\/ep00.epimg.net\/elpais\/imagenes\/2018\/12\/10\/album\/1544468958_403556_1544469842_album_normal.jpg?resize=640%2C424&#038;ssl=1\" alt=\" 3 de diciembre. N\u00fa\u00f1ez fue un constructor ambicioso que busc\u00f3 en el f\u00fatbol el reconocimiento social que no le daba el negocio de los pisos en Barcelona. Algunos aseguran que fue socio del Espanyol hasta que se present\u00f3 a los primeros comicios celebrados por sufragio universal en el Bar\u00e7a en 1978. No solo sane\u00f3 las cuentas , sino que hizo sentir a los socios due\u00f1os del club y dimension\u00f3 el patrimonio con la remodelaci\u00f3n del Camp Nou y el Palau y la edificaci\u00f3n del Miniestadi, el Museu y La Masia. El \u00e9xito social, econ\u00f3mico y empresarial contrast\u00f3 con las penurias deportivas. La p\u00e9rdida de la final de la Copa de Europa en Sevilla en 1986 supone el mayor de sus fracasos despu\u00e9s de lograr una Liga y cuatro Recopas. Por Ram\u00f3n Besa \" width=\"640\" height=\"424\" \/> <\/span><figcaption class=\"foto-pie\"><span class=\"foto-numero\">28<\/span><span class=\"foto-titulo\">Josep Lluis N\u00fa\u00f1ez, 87 a\u00f1os. Ex presidente del Bar\u00e7a\u00a0<\/span><span class=\"foto-texto\"><b>3 de diciembre.<\/b> N\u00fa\u00f1ez fue un constructor ambicioso que busc\u00f3 en el f\u00fatbol el reconocimiento social que no le daba el negocio de los pisos en Barcelona. Algunos aseguran que fue socio del Espanyol hasta que se present\u00f3 a los primeros comicios celebrados por sufragio universal en el Bar\u00e7a en 1978. No solo sane\u00f3 las cuentas , sino que hizo sentir a los socios due\u00f1os del club y dimension\u00f3 el patrimonio con la remodelaci\u00f3n del Camp Nou y el Palau y la edificaci\u00f3n del Miniestadi, el Museu y La Masia. El \u00e9xito social, econ\u00f3mico y empresarial contrast\u00f3 con las penurias deportivas. La p\u00e9rdida de la final de la Copa de Europa en Sevilla en 1986 supone el mayor de sus fracasos despu\u00e9s de lograr una Liga y cuatro Recopas. <b>Por Ram\u00f3n Besa<\/b><\/span> <span class=\"foto-firma\"><span class=\"foto-autor\">Silvia T. Colmenero<\/span> <\/span> <span class=\"foto-enlace\"><a href=\"https:\/\/elpais.com\/deportes\/2018\/12\/03\/actualidad\/1543842540_773258.html\"> Ir a noticia<\/a><\/span><\/figcaption><\/figure>\n<\/li>\n<li id=\"id_gal_pasa_29\">\n<figure class=\"foto foto_w980\"><span class=\"fondo_img\"> <img data-recalc-dims=\"1\" loading=\"lazy\" decoding=\"async\" id=\"foto_gal_29\" class=\"horizontal\" src=\"https:\/\/i0.wp.com\/ep00.epimg.net\/elpais\/imagenes\/2018\/12\/10\/album\/1544468958_403556_1544469843_album_normal.jpg?resize=640%2C425&#038;ssl=1\" alt=\" 7 de diciembre. Hombre de letras \u2014era miembro de las academias colombianas de Historia, de Jurisprudencia y de la Lengua\u2014, su presidencia qued\u00f3 marcada por dos hechos tr\u00e1gicos distanciados apenas por d\u00edas en el fat\u00eddico noviembre de 1985: el llamado \u201cholocausto\u201d del Palacio de Justicia \u2014una operaci\u00f3n temeraria de la guerrilla del M-19 en el centro de Bogot\u00e1, agravada por la respuesta de los militares\u2014 y la erupci\u00f3n del volc\u00e1n Nevado del Ruiz \u2014que provoc\u00f3 una avalancha que sepult\u00f3 el poblado de Armero, con un saldo de decenas de miles de muertos\u2014. Pese a encontrarse largamente retirado de la pol\u00edtica, Betancur respald\u00f3 el acuerdo sellado a finales de 2016 entre el gobierno de Juan Manuel Santos y las FARC, hoy desarmadas y convertidas en un partido pol\u00edtico. Por Santiago Torrado \" width=\"640\" height=\"425\" \/> <\/span><figcaption class=\"foto-pie\"><span class=\"foto-numero\">29<\/span><span class=\"foto-titulo\">Belisario Betancur, 95 a\u00f1os. Expresidente de Colombia\u00a0<\/span><span class=\"foto-texto\"><b>7 de diciembre.<\/b> Hombre de letras \u2014era miembro de las academias colombianas de Historia, de Jurisprudencia y de la Lengua\u2014, su presidencia qued\u00f3 marcada por dos hechos tr\u00e1gicos distanciados apenas por d\u00edas en el fat\u00eddico noviembre de 1985: el llamado \u201cholocausto\u201d del Palacio de Justicia \u2014una operaci\u00f3n temeraria de la guerrilla del M-19 en el centro de Bogot\u00e1, agravada por la respuesta de los militares\u2014 y la erupci\u00f3n del volc\u00e1n Nevado del Ruiz \u2014que provoc\u00f3 una avalancha que sepult\u00f3 el poblado de Armero, con un saldo de decenas de miles de muertos\u2014. Pese a encontrarse largamente retirado de la pol\u00edtica, Betancur respald\u00f3 el acuerdo sellado a finales de 2016 entre el gobierno de Juan Manuel Santos y las FARC, hoy desarmadas y convertidas en un partido pol\u00edtico. <b>Por Santiago Torrado<\/b><\/span> <span class=\"foto-firma\"><span class=\"foto-autor\">Pastor<\/span> <span class=\"foto-agencia\">Efe<\/span><\/span> <span class=\"foto-enlace\"><a href=\"https:\/\/elpais.com\/internacional\/2018\/12\/07\/actualidad\/1544216382_838812.html\"> Ir a noticia<\/a><\/span><\/figcaption><\/figure>\n<\/li>\n<li id=\"id_gal_pasa_30\">\n<figure class=\"foto foto_w980\"><span class=\"fondo_img\"> <img data-recalc-dims=\"1\" loading=\"lazy\" decoding=\"async\" id=\"foto_gal_30\" class=\"horizontal\" src=\"https:\/\/i0.wp.com\/ep00.epimg.net\/elpais\/imagenes\/2018\/12\/10\/album\/1544468958_403556_1545048496_album_normal.jpg?resize=640%2C426&#038;ssl=1\" alt=\" 16 de diciembre. El fen\u00f3meno que fue Chiquetete no se puede comprender sin el concurso del guitarrista y compositor jerezano Paco Cepero, quien pareci\u00f3 encontrar en el cantaor el veh\u00edculo para plasmar sus inquietudes creativas y qui\u00e9n sabe si su oculta vocaci\u00f3n cantaora. No hace mucho, en un concierto homenaje por sus 60 a\u00f1os en escena, Cepero se atrevi\u00f3 a cantar 'Esa cobard\u00eda' , una composici\u00f3n suya que populariz\u00f3 el cantaor, y que la audiencia coreaba como algo propio. La relaci\u00f3n entre ambos har\u00eda girar de forma radical la trayectoria art\u00edstica de Cort\u00e9s, un flamenco de origen y de alma. El cante pervivi\u00f3 en \u00e9l pese a su carrera alejada del canon. Siempre estuvo ah\u00ed como patria segura a la que regresar. A \u00e9l, que se le conoc\u00eda por su timidez, el \u00e9xito y la popularidad le pasaron factura en forma de una drogadicci\u00f3n que lleg\u00f3 a reconocer. Con posterioridad, su vida sentimental lo convirti\u00f3 en sujeto pasivo de una exhibici\u00f3n p\u00fablica que, de seguro, \u00e9l nunca dese\u00f3. Por Ferm\u00edn Lobat\u00f3n \" width=\"640\" height=\"426\" \/> <\/span><figcaption class=\"foto-pie\"><span class=\"foto-numero\">30<\/span><span class=\"foto-titulo\">Antonio Cort\u00e9s &#8216;Chiquetete&#8217;, 70 a\u00f1os. Cantante\u00a0<\/span><span class=\"foto-texto\"><b>16 de diciembre.<\/b> El fen\u00f3meno que fue Chiquetete no se puede comprender sin el concurso del guitarrista y compositor jerezano Paco Cepero, quien pareci\u00f3 encontrar en el cantaor el veh\u00edculo para plasmar sus inquietudes creativas y qui\u00e9n sabe si su oculta vocaci\u00f3n cantaora. No hace mucho, en un concierto homenaje por sus 60 a\u00f1os en escena, Cepero se atrevi\u00f3 a cantar <i>&#8216;Esa cobard\u00eda&#8217;<\/i>, una composici\u00f3n suya que populariz\u00f3 el cantaor, y que la audiencia coreaba como algo propio. La relaci\u00f3n entre ambos har\u00eda girar de forma radical la trayectoria art\u00edstica de Cort\u00e9s, un flamenco de origen y de alma. El cante pervivi\u00f3 en \u00e9l pese a su carrera alejada del canon. Siempre estuvo ah\u00ed como patria segura a la que regresar. A \u00e9l, que se le conoc\u00eda por su timidez, el \u00e9xito y la popularidad le pasaron factura en forma de una drogadicci\u00f3n que lleg\u00f3 a reconocer. Con posterioridad, su vida sentimental lo convirti\u00f3 en sujeto pasivo de una exhibici\u00f3n p\u00fablica que, de seguro, \u00e9l nunca dese\u00f3. <b>Por Ferm\u00edn Lobat\u00f3n<\/b><\/span> <span class=\"foto-firma\"><span class=\"foto-autor\">Gtres<\/span> <\/span><\/figcaption><\/figure>\n<\/li>\n<\/ul>\n<\/div>\n<\/div>\n<\/div>\n","protected":false},"excerpt":{"rendered":"<p>Forges, Montserrat Caball\u00e9, Stephen Hawking y Carmen Alborch son algunos de los grandes nombres que&#8230;<\/p>\n","protected":false},"author":1,"featured_media":28036,"comment_status":"closed","ping_status":"closed","sticky":false,"template":"","format":"standard","meta":{"_coblocks_attr":"","_coblocks_dimensions":"","_coblocks_responsive_height":"","_coblocks_accordion_ie_support":"","jetpack_post_was_ever_published":false,"_jetpack_newsletter_access":"","_jetpack_dont_email_post_to_subs":false,"_jetpack_newsletter_tier_id":0,"_jetpack_memberships_contains_paywalled_content":false,"_jetpack_memberships_contains_paid_content":false,"footnotes":"","jetpack_publicize_message":"","jetpack_publicize_feature_enabled":true,"jetpack_social_post_already_shared":false,"jetpack_social_options":{"image_generator_settings":{"template":"highway","default_image_id":0,"enabled":false},"version":2}},"categories":[1161,186,9,44,15],"tags":[3218,4463,1938],"class_list":["post-27940","post","type-post","status-publish","format-standard","has-post-thumbnail","hentry","category-ciudadania","category-instituciones","category-medio-ambiente","category-noticias-de-hoy","category-ultimas-noticias","tag-artistas","tag-famosos","tag-muertes"],"jetpack_publicize_connections":[],"jetpack_featured_media_url":"https:\/\/i0.wp.com\/miradordeatarfe.es\/wp-content\/uploads\/2018\/12\/%C3%ADndice-12.jpeg?fit=284%2C177&ssl=1","jetpack_likes_enabled":true,"jetpack_sharing_enabled":true,"_links":{"self":[{"href":"https:\/\/miradordeatarfe.es\/index.php?rest_route=\/wp\/v2\/posts\/27940","targetHints":{"allow":["GET"]}}],"collection":[{"href":"https:\/\/miradordeatarfe.es\/index.php?rest_route=\/wp\/v2\/posts"}],"about":[{"href":"https:\/\/miradordeatarfe.es\/index.php?rest_route=\/wp\/v2\/types\/post"}],"author":[{"embeddable":true,"href":"https:\/\/miradordeatarfe.es\/index.php?rest_route=\/wp\/v2\/users\/1"}],"replies":[{"embeddable":true,"href":"https:\/\/miradordeatarfe.es\/index.php?rest_route=%2Fwp%2Fv2%2Fcomments&post=27940"}],"version-history":[{"count":1,"href":"https:\/\/miradordeatarfe.es\/index.php?rest_route=\/wp\/v2\/posts\/27940\/revisions"}],"predecessor-version":[{"id":27943,"href":"https:\/\/miradordeatarfe.es\/index.php?rest_route=\/wp\/v2\/posts\/27940\/revisions\/27943"}],"wp:featuredmedia":[{"embeddable":true,"href":"https:\/\/miradordeatarfe.es\/index.php?rest_route=\/wp\/v2\/media\/28036"}],"wp:attachment":[{"href":"https:\/\/miradordeatarfe.es\/index.php?rest_route=%2Fwp%2Fv2%2Fmedia&parent=27940"}],"wp:term":[{"taxonomy":"category","embeddable":true,"href":"https:\/\/miradordeatarfe.es\/index.php?rest_route=%2Fwp%2Fv2%2Fcategories&post=27940"},{"taxonomy":"post_tag","embeddable":true,"href":"https:\/\/miradordeatarfe.es\/index.php?rest_route=%2Fwp%2Fv2%2Ftags&post=27940"}],"curies":[{"name":"wp","href":"https:\/\/api.w.org\/{rel}","templated":true}]}}