{"id":27944,"date":"2018-12-31T11:00:55","date_gmt":"2018-12-31T10:00:55","guid":{"rendered":"http:\/\/miradordeatarfe.es\/?p=27944"},"modified":"2018-12-29T22:52:36","modified_gmt":"2018-12-29T21:52:36","slug":"la-mejor-musica-de-2018","status":"publish","type":"post","link":"https:\/\/miradordeatarfe.es\/?p=27944","title":{"rendered":"La mejor m\u00fasica de 2018"},"content":{"rendered":"<div class=\"articulo-encabezado-texto\">\n<div id=\"articulo-titulares\" class=\"articulo-titulares\">\n<div class=\"articulo-subtitulos\">\n<p class=\"articulo-subtitulo\">Los cr\u00edticos de Babelia especialistas de distintos g\u00e9neros seleccionan los discos y conciertos m\u00e1s destacados del a\u00f1o<\/p>\n<\/div>\n<\/div>\n<\/div>\n<p><!--more--><\/p>\n<div id=\"articulo_contenedor\" class=\"articulo__contenedor\">\n<div id=\"cuerpo_noticia\" class=\"articulo-cuerpo\">\n<p>El futuro pertenece a las mujeres. De Rosal\u00eda a Janelle Mon\u00e1e, de Mary Halvorson a Cardi B, en la mayor\u00eda de los g\u00e9neros musicales destaca la presencia de f\u00e9minas situadas entre lo m\u00e1s destacado del a\u00f1o que acaba.<\/p>\n<section id=\"sumario_1|fototextos\" class=\"sumario sumario_fototextos centro\"><a name=\"sumario_1\"><\/a><\/p>\n<div class=\"sumario__interior\">\n<div class=\"fototextos\">\n<figure class=\"foto foto_w140\"><a class=\"enlace\" href=\"https:\/\/elpais.com\/cultura\/2018\/12\/11\/babelia\/1544525680_515446.html\"> <img data-recalc-dims=\"1\" decoding=\"async\" src=\"https:\/\/i0.wp.com\/ep01.epimg.net\/cultura\/imagenes\/2018\/12\/10\/babelia\/1544443095_570924_1544783161_sumariofototexto_normal.jpg?w=640&#038;ssl=1\" srcset=\"\/\/ep01.epimg.net\/cultura\/imagenes\/2018\/12\/10\/babelia\/1544443095_570924_1544783161_sumariofototexto_normal_recorte1.jpg 280w, \/\/ep01.epimg.net\/cultura\/imagenes\/2018\/12\/10\/babelia\/1544443095_570924_1544783161_sumariofototexto_normal.jpg 140w\" \/> <\/a><\/figure>\n<div class=\"sumario-texto\">\n<h3><a class=\"enlace\" href=\"https:\/\/elpais.com\/cultura\/2018\/12\/11\/babelia\/1544525680_515446.html\">POP-ROCK INTERNACIONAL<\/a><\/h3>\n<p><strong>Pol\u00edtica de g\u00e9nero.<\/strong> Dejar las guitarras en manos de las f\u00e9minas ha sido una de las mejores cosas que le han pasado a 2018.\u00a0<a href=\"https:\/\/elpais.com\/cultura\/2018\/12\/11\/babelia\/1544525680_515446.html\">Consulta la selecci\u00f3n de Xavi Sancho.<\/a><\/p>\n<\/div>\n<\/div>\n<div class=\"fototextos\">\n<figure class=\"foto foto_w140\"><a class=\"enlace\" href=\"https:\/\/elpais.com\/cultura\/2018\/12\/11\/babelia\/1544525018_348203.html\"> <img data-recalc-dims=\"1\" decoding=\"async\" src=\"https:\/\/i0.wp.com\/ep01.epimg.net\/cultura\/imagenes\/2018\/12\/10\/babelia\/1544443095_570924_1544783202_sumariofototexto_normal.jpg?w=640&#038;ssl=1\" srcset=\"\/\/ep01.epimg.net\/cultura\/imagenes\/2018\/12\/10\/babelia\/1544443095_570924_1544783202_sumariofototexto_normal_recorte1.jpg 280w, \/\/ep01.epimg.net\/cultura\/imagenes\/2018\/12\/10\/babelia\/1544443095_570924_1544783202_sumariofototexto_normal.jpg 140w\" \/> <\/a><\/figure>\n<div class=\"sumario-texto\">\n<h3><a class=\"enlace\" href=\"https:\/\/elpais.com\/cultura\/2018\/12\/11\/babelia\/1544525018_348203.html\">POP-ROCK NACIONAL<\/a><\/h3>\n<p><strong>El fen\u00f3meno Rosal\u00eda.<\/strong>\u00a0La artista catalana ha tenido que sobreponerse a toda una legi\u00f3n de &#8216;haters&#8217; incapaces de entender que lo suyo era un milagro.\u00a0<a href=\"https:\/\/elpais.com\/cultura\/2018\/12\/11\/babelia\/1544525018_348203.html\">Consulta la selecci\u00f3n de Blanca Lacasa.<\/a><\/p>\n<\/div>\n<\/div>\n<div class=\"fototextos\">\n<figure class=\"foto foto_w140\"><a class=\"enlace\" href=\"https:\/\/elpais.com\/cultura\/2018\/12\/11\/babelia\/1544520767_390520.html\"> <img data-recalc-dims=\"1\" decoding=\"async\" src=\"https:\/\/i0.wp.com\/ep01.epimg.net\/cultura\/imagenes\/2018\/12\/10\/babelia\/1544443095_570924_1544526633_sumariofototexto_normal.jpg?w=640&#038;ssl=1\" srcset=\"\/\/ep01.epimg.net\/cultura\/imagenes\/2018\/12\/10\/babelia\/1544443095_570924_1544526633_sumariofototexto_normal_recorte1.jpg 280w, \/\/ep01.epimg.net\/cultura\/imagenes\/2018\/12\/10\/babelia\/1544443095_570924_1544526633_sumariofototexto_normal.jpg 140w\" \/> <\/a><\/figure>\n<div class=\"sumario-texto\">\n<h3><a class=\"enlace\" href=\"https:\/\/elpais.com\/cultura\/2018\/12\/11\/babelia\/1544520767_390520.html\">HIP HOP, R&amp;B Y ELECTR\u00d3NICA<\/a><\/h3>\n<p><strong>Balance apasionante, vital y energ\u00e9tico.<\/strong> Desde Cardi B a Robyn o Beyonc\u00e9, las mujeres mandan de principio a fin de a\u00f1o. En m\u00fasica electr\u00f3nica domina Yves Tumor.\u00a0<a href=\"https:\/\/elpais.com\/cultura\/2018\/12\/11\/babelia\/1544520767_390520.html\">Consulta la selecci\u00f3n de David Broc.<\/a><\/p>\n<\/div>\n<\/div>\n<div class=\"fototextos\">\n<figure class=\"foto foto_w140\"><a class=\"enlace\" href=\"https:\/\/elpais.com\/cultura\/2018\/12\/11\/babelia\/1544524562_316805.html\"> <img data-recalc-dims=\"1\" decoding=\"async\" src=\"https:\/\/i0.wp.com\/ep01.epimg.net\/cultura\/imagenes\/2018\/12\/10\/babelia\/1544443095_570924_1544783230_sumariofototexto_normal.jpg?w=640&#038;ssl=1\" srcset=\"\/\/ep01.epimg.net\/cultura\/imagenes\/2018\/12\/10\/babelia\/1544443095_570924_1544783230_sumariofototexto_normal_recorte1.jpg 280w, \/\/ep01.epimg.net\/cultura\/imagenes\/2018\/12\/10\/babelia\/1544443095_570924_1544783230_sumariofototexto_normal.jpg 140w\" \/> <\/a><\/figure>\n<div class=\"sumario-texto\">\n<h3><a class=\"enlace\" href=\"https:\/\/elpais.com\/cultura\/2018\/12\/11\/babelia\/1544524562_316805.html\">REEDICIONES<\/a><\/h3>\n<p><strong>Los rincones oscuros.<\/strong> Muchas de las reediciones m\u00e1s reveladoras de los \u00faltimos tiempos se han cocinado fuera de las grandes compa\u00f1\u00edas.\u00a0<a href=\"https:\/\/elpais.com\/cultura\/2018\/12\/11\/babelia\/1544524562_316805.html\">Consulta la selecci\u00f3n de Diego A. Manrique.<\/a><\/p>\n<\/div>\n<\/div>\n<div class=\"fototextos\">\n<figure class=\"foto foto_w140\"><a class=\"enlace\" href=\"https:\/\/elpais.com\/cultura\/2018\/12\/11\/babelia\/1544524662_181527.html\"> <img data-recalc-dims=\"1\" decoding=\"async\" src=\"https:\/\/i0.wp.com\/ep01.epimg.net\/cultura\/imagenes\/2018\/12\/10\/babelia\/1544443095_570924_1544783268_sumariofototexto_normal.jpg?w=640&#038;ssl=1\" srcset=\"\/\/ep01.epimg.net\/cultura\/imagenes\/2018\/12\/10\/babelia\/1544443095_570924_1544783268_sumariofototexto_normal_recorte1.jpg 280w, \/\/ep01.epimg.net\/cultura\/imagenes\/2018\/12\/10\/babelia\/1544443095_570924_1544783268_sumariofototexto_normal.jpg 140w\" \/> <\/a><\/figure>\n<div class=\"sumario-texto\">\n<h3><a class=\"enlace\" href=\"https:\/\/elpais.com\/cultura\/2018\/12\/11\/babelia\/1544524662_181527.html\">JAZZ<\/a><\/h3>\n<p><strong>El a\u00f1o de Mary Halvorson.<\/strong> Junto a la guitarrista estadounidense destaca la publicaci\u00f3n de una in\u00e9dita sesi\u00f3n de estudio de John Coltrane.\u00a0<a href=\"https:\/\/elpais.com\/cultura\/2018\/12\/11\/babelia\/1544524662_181527.html\">Consulta la selecci\u00f3n de Yahv\u00e9 M. de la Cavada.<\/a><\/p>\n<\/div>\n<\/div>\n<div class=\"fototextos\">\n<figure class=\"foto foto_w140\"><a class=\"enlace\" href=\"https:\/\/elpais.com\/cultura\/2018\/12\/11\/babelia\/1544522652_699594.html\"> <img data-recalc-dims=\"1\" decoding=\"async\" src=\"https:\/\/i0.wp.com\/ep01.epimg.net\/cultura\/imagenes\/2018\/12\/10\/babelia\/1544443095_570924_1544526506_sumariofototexto_normal.jpg?w=640&#038;ssl=1\" srcset=\"\/\/ep01.epimg.net\/cultura\/imagenes\/2018\/12\/10\/babelia\/1544443095_570924_1544526506_sumariofototexto_normal_recorte1.jpg 280w, \/\/ep01.epimg.net\/cultura\/imagenes\/2018\/12\/10\/babelia\/1544443095_570924_1544526506_sumariofototexto_normal.jpg 140w\" \/> <\/a><\/figure>\n<div class=\"sumario-texto\">\n<h3><a class=\"enlace\" href=\"https:\/\/elpais.com\/cultura\/2018\/12\/11\/babelia\/1544522652_699594.html\">M\u00daSICAS DEL MUNDO<\/a><\/h3>\n<p><strong>La taxonom\u00eda imprecisa.<\/strong> El concepto de m\u00fasicas del mundo se complica mientras destaca la vitalidad sonora africana encabezada por ese hechicero del siglo XXI llamado Baloji.\u00a0<a href=\"https:\/\/elpais.com\/cultura\/2018\/12\/11\/babelia\/1544522652_699594.html\">Consulta la selecci\u00f3n de Javier Losilla.<\/a><\/p>\n<\/div>\n<\/div>\n<div class=\"fototextos\">\n<figure class=\"foto foto_w140\"><a class=\"enlace\" href=\"https:\/\/elpais.com\/cultura\/2018\/12\/11\/babelia\/1544525905_878774.html\"> <img data-recalc-dims=\"1\" decoding=\"async\" src=\"https:\/\/i0.wp.com\/ep01.epimg.net\/cultura\/imagenes\/2018\/12\/10\/babelia\/1544443095_570924_1544783309_sumariofototexto_normal.jpg?w=640&#038;ssl=1\" srcset=\"\/\/ep01.epimg.net\/cultura\/imagenes\/2018\/12\/10\/babelia\/1544443095_570924_1544783309_sumariofototexto_normal_recorte1.jpg 280w, \/\/ep01.epimg.net\/cultura\/imagenes\/2018\/12\/10\/babelia\/1544443095_570924_1544783309_sumariofototexto_normal.jpg 140w\" \/> <\/a><\/figure>\n<div class=\"sumario-texto\">\n<h3><a class=\"enlace\" href=\"https:\/\/elpais.com\/cultura\/2018\/12\/11\/babelia\/1544525905_878774.html\">EXPERIMENTAL<\/a><\/h3>\n<p><strong>A\u00f1o excepcional para las m\u00fasicas libres.<\/strong> Los dos \u00e1lbumes en directo in\u00e9ditos de Ustad Zia Mohiuddin Dagar forman parte de los imperdibles del curso.\u00a0<a href=\"https:\/\/elpais.com\/cultura\/2018\/12\/11\/babelia\/1544525905_878774.html\">Consulta la selecci\u00f3n de \u00c1lex S\u00e1nchez.<\/a><\/p>\n<\/div>\n<\/div>\n<div class=\"fototextos\">\n<figure class=\"foto foto_w140\"><a class=\"enlace\" href=\"https:\/\/elpais.com\/cultura\/2018\/12\/11\/babelia\/1544524752_454540.html\"> <img data-recalc-dims=\"1\" decoding=\"async\" src=\"https:\/\/i0.wp.com\/ep01.epimg.net\/cultura\/imagenes\/2018\/12\/10\/babelia\/1544443095_570924_1544783345_sumariofototexto_normal.jpg?w=640&#038;ssl=1\" srcset=\"\/\/ep01.epimg.net\/cultura\/imagenes\/2018\/12\/10\/babelia\/1544443095_570924_1544783345_sumariofototexto_normal_recorte1.jpg 280w, \/\/ep01.epimg.net\/cultura\/imagenes\/2018\/12\/10\/babelia\/1544443095_570924_1544783345_sumariofototexto_normal.jpg 140w\" \/> <\/a><\/figure>\n<div class=\"sumario-texto\">\n<h3><a class=\"enlace\" href=\"https:\/\/elpais.com\/cultura\/2018\/12\/11\/babelia\/1544524752_454540.html\">FLAMENCO<\/a><\/h3>\n<p><strong>El tir\u00f3n de las seis cuerdas.<\/strong> La pujanza de la guitarra ha procurado este a\u00f1o grabaciones que muestran su brillantez creativa.\u00a0<a href=\"https:\/\/elpais.com\/cultura\/2018\/12\/11\/babelia\/1544524752_454540.html\">Consulta la selecci\u00f3n de Ferm\u00edn Lobat\u00f3n.<\/a><\/p>\n<\/div>\n<\/div>\n<div class=\"fototextos\">\n<figure class=\"foto foto_w140\"><a class=\"enlace\" href=\"https:\/\/elpais.com\/cultura\/2018\/12\/10\/babelia\/1544442834_130242.html\"> <img data-recalc-dims=\"1\" decoding=\"async\" src=\"https:\/\/i0.wp.com\/ep01.epimg.net\/cultura\/imagenes\/2018\/12\/10\/babelia\/1544443095_570924_1544784465_sumariofototexto_normal.jpg?w=640&#038;ssl=1\" srcset=\"\/\/ep01.epimg.net\/cultura\/imagenes\/2018\/12\/10\/babelia\/1544443095_570924_1544784465_sumariofototexto_normal_recorte1.jpg 280w, \/\/ep01.epimg.net\/cultura\/imagenes\/2018\/12\/10\/babelia\/1544443095_570924_1544784465_sumariofototexto_normal.jpg 140w\" \/> <\/a><\/figure>\n<div class=\"sumario-texto\">\n<h3><a class=\"enlace\" href=\"https:\/\/elpais.com\/cultura\/2018\/12\/10\/babelia\/1544442834_130242.html\">CL\u00c1SICA<\/a><\/h3>\n<p>El futuro y el pasado reciente. Gy\u00f6rgy Kurt\u00e1g, con \u2018Fin de partie\u2019, y George Benjamin, con \u2018Lessons in Love and Violence\u2019, son las sorpresas del a\u00f1o, mientras que el recuerdo lo acapara el centenario de Claude Debussy.\u00a0<a href=\"https:\/\/elpais.com\/cultura\/2018\/12\/10\/babelia\/1544442834_130242.html\">Consulta la selecci\u00f3n de Luis Gago.<\/a><\/p>\n<\/div>\n<p><span class=\"foto-texto\">FOTO: Portada de &#8216;El mal querer&#8217;, de Rosal\u00eda.<\/span><\/p>\n<p><a href=\"https:\/\/elpais.com\/cultura\/2018\/12\/10\/babelia\/1544443095_570924.html\">https:\/\/elpais.com\/cultura\/2018\/12\/10\/babelia\/1544443095_570924.html<\/a><\/p>\n<\/div>\n<\/div>\n<\/section>\n<\/div>\n<\/div>\n","protected":false},"excerpt":{"rendered":"<p>Los cr\u00edticos de Babelia especialistas de distintos g\u00e9neros seleccionan los discos y conciertos m\u00e1s destacados&#8230;<\/p>\n","protected":false},"author":1,"featured_media":27945,"comment_status":"closed","ping_status":"closed","sticky":false,"template":"","format":"standard","meta":{"_coblocks_attr":"","_coblocks_dimensions":"","_coblocks_responsive_height":"","_coblocks_accordion_ie_support":"","jetpack_post_was_ever_published":false,"_jetpack_newsletter_access":"","_jetpack_dont_email_post_to_subs":false,"_jetpack_newsletter_tier_id":0,"_jetpack_memberships_contains_paywalled_content":false,"_jetpack_memberships_contains_paid_content":false,"footnotes":"","jetpack_publicize_message":"","jetpack_publicize_feature_enabled":true,"jetpack_social_post_already_shared":false,"jetpack_social_options":{"image_generator_settings":{"template":"highway","default_image_id":0,"enabled":false},"version":2}},"categories":[12,1161,186,9,44,15],"tags":[5587,1122,158],"class_list":["post-27944","post","type-post","status-publish","format-standard","has-post-thumbnail","hentry","category-cultura","category-ciudadania","category-instituciones","category-medio-ambiente","category-noticias-de-hoy","category-ultimas-noticias","tag-ano-2018","tag-conciertos","tag-musica"],"jetpack_publicize_connections":[],"jetpack_featured_media_url":"https:\/\/i0.wp.com\/miradordeatarfe.es\/wp-content\/uploads\/2018\/12\/rosalia-una-imagen-promocional-buen-querer-1545651521471-1.jpg?fit=1200%2C675&ssl=1","jetpack_likes_enabled":true,"jetpack_sharing_enabled":true,"_links":{"self":[{"href":"https:\/\/miradordeatarfe.es\/index.php?rest_route=\/wp\/v2\/posts\/27944","targetHints":{"allow":["GET"]}}],"collection":[{"href":"https:\/\/miradordeatarfe.es\/index.php?rest_route=\/wp\/v2\/posts"}],"about":[{"href":"https:\/\/miradordeatarfe.es\/index.php?rest_route=\/wp\/v2\/types\/post"}],"author":[{"embeddable":true,"href":"https:\/\/miradordeatarfe.es\/index.php?rest_route=\/wp\/v2\/users\/1"}],"replies":[{"embeddable":true,"href":"https:\/\/miradordeatarfe.es\/index.php?rest_route=%2Fwp%2Fv2%2Fcomments&post=27944"}],"version-history":[{"count":1,"href":"https:\/\/miradordeatarfe.es\/index.php?rest_route=\/wp\/v2\/posts\/27944\/revisions"}],"predecessor-version":[{"id":27946,"href":"https:\/\/miradordeatarfe.es\/index.php?rest_route=\/wp\/v2\/posts\/27944\/revisions\/27946"}],"wp:featuredmedia":[{"embeddable":true,"href":"https:\/\/miradordeatarfe.es\/index.php?rest_route=\/wp\/v2\/media\/27945"}],"wp:attachment":[{"href":"https:\/\/miradordeatarfe.es\/index.php?rest_route=%2Fwp%2Fv2%2Fmedia&parent=27944"}],"wp:term":[{"taxonomy":"category","embeddable":true,"href":"https:\/\/miradordeatarfe.es\/index.php?rest_route=%2Fwp%2Fv2%2Fcategories&post=27944"},{"taxonomy":"post_tag","embeddable":true,"href":"https:\/\/miradordeatarfe.es\/index.php?rest_route=%2Fwp%2Fv2%2Ftags&post=27944"}],"curies":[{"name":"wp","href":"https:\/\/api.w.org\/{rel}","templated":true}]}}