{"id":27954,"date":"2018-12-27T09:27:54","date_gmt":"2018-12-27T08:27:54","guid":{"rendered":"http:\/\/miradordeatarfe.es\/?p=27954"},"modified":"2018-12-27T16:56:17","modified_gmt":"2018-12-27T15:56:17","slug":"pp-y-ciudadanos-cierran-un-pacto-de-90-medidas-con-acento-social-para-intentar-gobernar-andalucia","status":"publish","type":"post","link":"https:\/\/miradordeatarfe.es\/?p=27954","title":{"rendered":"PP y Ciudadanos cierran un pacto de 90 medidas con acento social para intentar gobernar Andaluc\u00eda"},"content":{"rendered":"<p class=\"articulo-subtitulo\">Los dos partidos se comprometen a implantar en la regi\u00f3n la educaci\u00f3n gratis de cero a tres a\u00f1os<!--more--><\/p>\n<div id=\"cuerpo_noticia\" class=\"articulo-cuerpo\">\n<p style=\"text-align: justify;\">El PP y Ciudadanos han cerrado por completo en Nochebuena <a href=\"https:\/\/elpais.com\/politica\/2018\/12\/20\/actualidad\/1545336940_622886.html\">el acuerdo sobre el programa con el que quieren gobernar Andaluc\u00eda la pr\u00f3xima legislatura.<\/a> El pacto contiene 90 medidas, entre las que destaca un importante bloque de regeneraci\u00f3n y transparencia y otro de car\u00e1cter social, que busca atender en especial las reclamaciones que el sector sanitario andaluz hab\u00eda planteado al Gobierno de Susana D\u00edaz. Ambos partidos se comprometen a equiparar salarialmente a los profesionales sanitarios y docentes de Andaluc\u00eda con la media nacional y a implantar la educaci\u00f3n gratuita de cero a tres a\u00f1os esta legislatura. Esta \u00faltima era la propuesta estrella del PSOE para las elecciones andaluzas del 2 de diciembre.<\/p>\n<p style=\"text-align: justify;\">El pacto bebe sobre todo del programa del partido de Albert Rivera y tiene un marcado acento social, sin gui\u00f1os a Vox, la formaci\u00f3n de extrema derecha a la que el PP pide que facilite el futuro Gobierno en la investidura. Este partido ha condicionado su apoyo a que se atiendan una serie de medidas, como la derogaci\u00f3n de las leyes de violencia de g\u00e9nero y de memoria hist\u00f3rica, la devoluci\u00f3n de las competencias de Sanidad y Educaci\u00f3n al Estado (algo que solo podr\u00eda hacerse con una reforma del Estatuto de Autonom\u00eda) y la repatriaci\u00f3n de los inmigrantes ilegales.<\/p>\n<p style=\"text-align: justify;\">No hay nada parecido en el acuerdo de PP y Ciudadanos, cuando no contrario, como en el caso de la violencia de g\u00e9nero. El futuro Gobierno impulsar\u00e1 \u00abun gran acuerdo contra la violencia de g\u00e9nero\u00bb en Andaluc\u00eda \u00abque implemente, con dotaci\u00f3n presupuestaria suficiente, todas y cada una de las medidas previstas en la ley 7\/2018 (la ley andaluza contra la violencia machista)\u00bb. <a href=\"https:\/\/elpais.com\/politica\/2018\/12\/03\/actualidad\/1543818477_031422.html\">Esta medida choca de plano con el programa de Vox,<\/a> que lleva como bandera la derogaci\u00f3n de esta ley, as\u00ed como de la norma estatal. La \u00fanica iniciativa que podr\u00eda entenderse como similar a Vox es la que se refiere a la radiotelevisi\u00f3n p\u00fablica andaluza. PP y Ciudadanos crear\u00e1n un grupo de expertos para estudiar el \u00abredimensionamiento\u00bb de la televisi\u00f3n p\u00fablica, de la que Vox pide que se \u00absuprima al m\u00e1ximo\u00bb su financiaci\u00f3n.<\/p>\n<p style=\"text-align: justify;\">El acuerdo program\u00e1tico busca favorecer a los funcionarios de la sanidad y la educaci\u00f3n, con el compromiso de equiparar el sueldo a profesores y m\u00e9dicos con la media nacional; y mejorar la sanidad y la educaci\u00f3n, con el objetivo de reducir \u00abde forma efectiva\u00bb las listas de espera (aunque sin asumir una cifra concreta); y de luchar contra el abandono escolar con un plan espec\u00edfico junto con otro de refuerzo de matem\u00e1ticas y lectura.<\/p>\n<p style=\"text-align: justify;\">La universalizaci\u00f3n de la educaci\u00f3n gratuita de cero a tres a\u00f1os es la medida social de mayor impacto, por concreta y amplia. El acuerdo \u2014y el compromiso\u2014 es hacerlo en esta legislatura, y supondr\u00e1, de llevarse a cabo, un avance importante porque hasta ahora el \u00edndice de cobertura p\u00fablica se sit\u00faa en el 48,57% de la poblaci\u00f3n de cero a tres a\u00f1os, seg\u00fan los datos del Gobierno saliente del PSOE. En materia educativa ambos partidos asumen tambi\u00e9n la defensa de la educaci\u00f3n concertada, extendi\u00e9ndola al bachillerato, y promover\u00e1n la Formaci\u00f3n Profesional, con un plan en el que sostienen que conseguir\u00e1n \u00abque se cubra la demanda\u00bb de plazas, el principal problema de este tipo de ense\u00f1anza.<\/p>\n<p style=\"text-align: justify;\">Las universidades, por otra parte, estar\u00e1n obligadas a hacer p\u00fablicos los trabajos de los alumnos en un repositorio digital. Esta medida viene a cuenta de la pol\u00e9mica reciente por el trabajo de m\u00e1ster del presidente del Gobierno, Pedro S\u00e1nchez, que no era accesible en formato digital.<\/p>\n<p style=\"text-align: justify;\">PP y Ciudadanos asumen tambi\u00e9n en su acuerdo de programa el apoyo a la diversidad sexual. \u00abDefenderemos los derechos de las personas lesbianas, gais, bisexuales, transexuales, transg\u00e9nico e intersexuales y lucharemos por la igualdad de trato contra la discriminaci\u00f3n por raz\u00f3n de orientaci\u00f3n sexual, identidad y\/o expresi\u00f3n de g\u00e9nero, implantando todas las medidas necesarias, con dotaci\u00f3n presupuestaria suficiente, para dotar de efectividad pr\u00e1ctica y real la protecci\u00f3n de los derechos de igualdad de trato y no discriminaci\u00f3n de las personas LGTBI y sus familiares de acuerdo con la Ley 8\/2017, de 28 de diciembre\u00bb, dice el texto de su acuerdo.<\/p>\n<h3 style=\"text-align: justify;\">Impuestos y regeneraci\u00f3n<\/h3>\n<p style=\"text-align: justify;\">Las medidas sociales no se financiar\u00e1n con m\u00e1s impuestos porque el futuro Gobierno afirma que los bajar\u00e1 (el tramo auton\u00f3mico del IRPF, y el de Trasmisiones Patrimoniales). No hay memoria econ\u00f3mica en el pacto, pero s\u00ed trasluce el inter\u00e9s en reducir el volumen de la Administraci\u00f3n auton\u00f3mica: para empezar se suprimir\u00e1 el Consejo Consultivo de la Junta de Andaluc\u00eda.<\/p>\n<p style=\"text-align: justify;\">El paquete de medidas de regeneraci\u00f3n es importante, con medidas como la supresi\u00f3n de los aforamientos a los pol\u00edticos, la limitaci\u00f3n de mandatos al presidente de la Junta y la reforma de la ley electoral para mejorar la proporcionalidad y hacer obligatorios los debates electorales.<\/p>\n<p style=\"text-align: justify;\">En materia de transparencia, el Ejecutivo PP-Ciudadanos har\u00e1 una auditor\u00eda de gastos de la Junta y se compromete a hacer p\u00fablica toda la informaci\u00f3n sobre la contrataci\u00f3n p\u00fablica, incluidos los informes de valoraci\u00f3n y las actas de las mesas de contrataci\u00f3n.<\/p>\n<p style=\"text-align: justify;\">El pacto de programa, de marcada influencia de Ciudadanos, prefigura un Gobierno de coalici\u00f3n entre los dos partidos, pero la formaci\u00f3n de Rivera ha dudado en los \u00faltimos d\u00edas si entrar o no en el Ejecutivo por el papel que pueda tener Vox. Salvado el programa, ahora tendr\u00e1n que negociar la composici\u00f3n del Gobierno y c\u00f3mo consiguen que la formaci\u00f3n de extrema derecha facilite la investidura sin condicionar sus pol\u00edticas, lejanas a las defendidas por el partido de Santiago Abascal. Populares y liberales negocian en estas horas el acuerdo de la Mesa del Parlamento, que se constituye el 27 de diciembre.<\/p>\n<\/div>\n<div class=\"autor\">\n<div class=\"autor-texto\"><span class=\"autor-nombre\"> <a title=\"Ver todas las noticias de Elsa Garc\u00eda de Blas\" href=\"https:\/\/elpais.com\/autor\/elsa_garcia_de_blas\/a\/\">Elsa Garc\u00eda de Blas<\/a> <\/span><\/p>\n<div class=\"autor-perfiles\">\n<ul class=\"autor-perfiles-listado\">\n<li style=\"text-align: justify;\"><a class=\"boton_twitter\" href=\"https:\/\/twitter.com\/ElsaGarciad\" target=\"_blank\" rel=\"nofollow noopener\">Twitter<\/a><\/li>\n<\/ul>\n<p><a href=\"https:\/\/elpais.com\/politica\/2018\/12\/25\/actualidad\/1545740470_904341.html\">https:\/\/elpais.com\/politica\/2018\/12\/25\/actualidad\/1545740470_904341.html<\/a><\/p>\n<\/div>\n<\/div>\n<\/div>\n","protected":false},"excerpt":{"rendered":"<p>Los dos partidos se comprometen a implantar en la regi\u00f3n la educaci\u00f3n gratis de cero&#8230;<\/p>\n","protected":false},"author":1,"featured_media":27955,"comment_status":"closed","ping_status":"closed","sticky":false,"template":"","format":"standard","meta":{"_coblocks_attr":"","_coblocks_dimensions":"","_coblocks_responsive_height":"","_coblocks_accordion_ie_support":"","jetpack_post_was_ever_published":false,"_jetpack_newsletter_access":"","_jetpack_dont_email_post_to_subs":false,"_jetpack_newsletter_tier_id":0,"_jetpack_memberships_contains_paywalled_content":false,"_jetpack_memberships_contains_paid_content":false,"footnotes":"","jetpack_publicize_message":"","jetpack_publicize_feature_enabled":true,"jetpack_social_post_already_shared":false,"jetpack_social_options":{"image_generator_settings":{"template":"highway","default_image_id":0,"enabled":false},"version":2}},"categories":[186,44,15],"tags":[5591,5592],"class_list":["post-27954","post","type-post","status-publish","format-standard","has-post-thumbnail","hentry","category-instituciones","category-noticias-de-hoy","category-ultimas-noticias","tag-acuerdo-pp-y-ciudadanos","tag-politica-andaluza"],"jetpack_publicize_connections":[],"jetpack_featured_media_url":"https:\/\/i0.wp.com\/miradordeatarfe.es\/wp-content\/uploads\/2018\/12\/1545740470_904341_1545809867_noticia_fotograma.jpg?fit=980%2C552&ssl=1","jetpack_likes_enabled":true,"jetpack_sharing_enabled":true,"_links":{"self":[{"href":"https:\/\/miradordeatarfe.es\/index.php?rest_route=\/wp\/v2\/posts\/27954","targetHints":{"allow":["GET"]}}],"collection":[{"href":"https:\/\/miradordeatarfe.es\/index.php?rest_route=\/wp\/v2\/posts"}],"about":[{"href":"https:\/\/miradordeatarfe.es\/index.php?rest_route=\/wp\/v2\/types\/post"}],"author":[{"embeddable":true,"href":"https:\/\/miradordeatarfe.es\/index.php?rest_route=\/wp\/v2\/users\/1"}],"replies":[{"embeddable":true,"href":"https:\/\/miradordeatarfe.es\/index.php?rest_route=%2Fwp%2Fv2%2Fcomments&post=27954"}],"version-history":[{"count":1,"href":"https:\/\/miradordeatarfe.es\/index.php?rest_route=\/wp\/v2\/posts\/27954\/revisions"}],"predecessor-version":[{"id":27956,"href":"https:\/\/miradordeatarfe.es\/index.php?rest_route=\/wp\/v2\/posts\/27954\/revisions\/27956"}],"wp:featuredmedia":[{"embeddable":true,"href":"https:\/\/miradordeatarfe.es\/index.php?rest_route=\/wp\/v2\/media\/27955"}],"wp:attachment":[{"href":"https:\/\/miradordeatarfe.es\/index.php?rest_route=%2Fwp%2Fv2%2Fmedia&parent=27954"}],"wp:term":[{"taxonomy":"category","embeddable":true,"href":"https:\/\/miradordeatarfe.es\/index.php?rest_route=%2Fwp%2Fv2%2Fcategories&post=27954"},{"taxonomy":"post_tag","embeddable":true,"href":"https:\/\/miradordeatarfe.es\/index.php?rest_route=%2Fwp%2Fv2%2Ftags&post=27954"}],"curies":[{"name":"wp","href":"https:\/\/api.w.org\/{rel}","templated":true}]}}