{"id":27960,"date":"2018-12-30T09:51:00","date_gmt":"2018-12-30T08:51:00","guid":{"rendered":"http:\/\/miradordeatarfe.es\/?p=27960"},"modified":"2018-12-26T19:56:04","modified_gmt":"2018-12-26T18:56:04","slug":"especial-vertele-las-61-lecciones-que-nos-deja-la-ficcion-espanola-este-2018","status":"publish","type":"post","link":"https:\/\/miradordeatarfe.es\/?p=27960","title":{"rendered":"Especial Vertele Las 6+1 lecciones que nos deja la ficci\u00f3n espa\u00f1ola este 2018"},"content":{"rendered":"<div class=\"metabar\">\n<div class=\"release-container\">\n<div class=\"mce-body\">\n<div class=\"mce-opening\">\n<p class=\"mce\" style=\"text-align: justify;\">Estamos viviendo el mejor momento de las series nacionales, logrando por primera vez olvidarnos de los complejos que arrastramos desde hace a\u00f1os para convencernos de nuestro talento, y todo ello gracias a seis importantes aprendizajes y un premio que los subraya<!--more--><\/p>\n<\/div>\n<p class=\"mce\" style=\"text-align: justify;\">\u00a0Despedimos el 2018 y con \u00e9l, uno de los a\u00f1os m\u00e1s importantes para la ficci\u00f3n espa\u00f1ola: varias de nuestras series han roto fronteras y esquemas con historias capaces de colonizar imperios. Tal ha sido la rendici\u00f3n que han causado nuestras producciones este a\u00f1o que han venido a contratar a nuestros conquistadores.<\/p>\n<div id=\"BodyNoti\">\n<p class=\"mce\" style=\"text-align: justify;\">Y es que, mientras vivimos desde hace a\u00f1os en la Edad dorada de las series, a estos \u00faltimos meses podr\u00edamos definirlos como el mejor momento de la ficci\u00f3n espa\u00f1ola: no solo por la calidad que presentan, las singulares narraciones (que eso tambi\u00e9n se ha visto en otras \u00e9pocas) o los impactantes resultados que est\u00e1n obteniendo, sino tambi\u00e9n por las continuas lecciones que nos est\u00e1n ense\u00f1ando.<\/p>\n<div id=\"bbt-ad-slot-intext\" style=\"text-align: justify;\"><\/div>\n<div class=\"inset\" style=\"text-align: justify;\">\n<figure class=\"media-image r17-9\"><img data-recalc-dims=\"1\" loading=\"lazy\" decoding=\"async\" class=\"photo gal loaded\" src=\"https:\/\/i0.wp.com\/images.vertele.eldiario.es\/2018\/12\/14\/noticias\/series-espanolas-Netflix_2076402388_9679630_667x354.jpg?resize=640%2C340\" alt=\"Algunas de las series espa\u00f1olas en Netflix\" width=\"640\" height=\"340\" data-orig=\"http:\/\/images.vertele.eldiario.es\/2018\/12\/14\/noticias\/series-espanolas-Netflix_2076402388_9679630_667x354.jpg\" data-orig-dim=\"667x354\" data-src=\"http:\/\/images.vertele.eldiario.es\/2018\/12\/14\/noticias\/series-espanolas-Netflix_2076402388_9679630_667x354.jpg\" data-gal=\"0\" data-index=\"0\" \/><i class=\"ico-gal-expand\" data-gal=\"0\" data-index=\"0\"><\/i><\/p>\n<div class=\"captioned-info\">\n<div class=\"captioned-info\"><\/div>\n<\/div><figcaption class=\"footnote\">Algunas de las series espa\u00f1olas en Netflix<\/figcaption><\/figure>\n<\/div>\n<div class=\"ad-holder\" style=\"text-align: justify;\">\n<div class=\"ad\">\n<div id=\"bbt-ad-slot-right2-mvl\"><\/div>\n<\/div>\n<\/div>\n<p class=\"mce\" style=\"text-align: justify;\">Por primera vez hemos dejado de escuchar las tan repetidas\u00a0\u00abno est\u00e1 mal para ser espa\u00f1ola\u00bb, \u00abno veo series espa\u00f1olas\u00bb&#8230; para comentar: \u00ab\u00bfA\u00fan no has visto <em class=\"mce\">La Casa de Papel<\/em>?\u00bb. Nos hemos despojado de los complejos que arrastr\u00e1bamos desde hace a\u00f1os gracias a\u00a0seis grandes lecciones y un premio que las afianza.<\/p>\n<div class=\"ad-holder\" style=\"text-align: justify;\">\n<div class=\"ad\">\n<div id=\"bbt-ad-slot-right3-mvl\"><\/div>\n<\/div>\n<\/div>\n<h2 class=\"mce\" style=\"text-align: justify;\">Las series ya no tienen una sola oportunidad<\/h2>\n<p class=\"mce\" style=\"text-align: justify;\">Hace a\u00f1os, cuando una cadena cancelaba una serie significaba el final de esta. Incluso sin haberse podido despedir de su audiencia. Era la hora de decirle adi\u00f3s. Hasta ahora.<\/p>\n<p class=\"mce\" style=\"text-align: justify;\">Este a\u00f1o, mientras Antena 3 tuvo que cancelar <em class=\"mce\">La Casa de Papel<\/em> porque el p\u00fablico espa\u00f1ol la hab\u00eda despedido con un insuficiente 11% de share para la privada, Netflix apostaba por alargarla al comprobar que era uno de sus mayores fen\u00f3menos mundiales.<\/p>\n<p class=\"mce\" style=\"text-align: justify;\">Tambi\u00e9n FOX se top\u00f3 con uno de sus mejores rendimientos al resucitar a <em class=\"mce\">Vis a vis<\/em> con una tercera y cuarta temporada que lanz\u00f3 el mismo a\u00f1o.<\/p>\n<p class=\"mce\" style=\"text-align: justify;\">Unas segundas oportunidades para las series espa\u00f1olas que por primera vez ya no se lo juegan todo en una sola ventana, ahora pueden tener varias vidas, en diferentes hogares, con m\u00faltiples familias que vean en ellas lo que otras no vieron e incluso, las adopten como suyas propias.<\/p>\n<h2 class=\"mce\" style=\"text-align: justify;\">La realidad es la mejor promoci\u00f3n<\/h2>\n<p class=\"mce\" style=\"text-align: justify;\"><em class=\"mce\">Fari\u00f1a<\/em> era una serie que, aunque gust\u00f3 a la directiva de Atresmedia, asust\u00f3 por lo arriesgado de la propuesta. Por ello, el grupo decidi\u00f3 programar su estreno para m\u00e1s adelante, en 2019, o quiz\u00e1 hasta m\u00e1s tarde. Cuando el p\u00fablico estuviera algo \u00abm\u00e1s preparado\u00bb.<\/p>\n<p class=\"mce\" style=\"text-align: justify;\">Pero en febrero la Polic\u00eda detuvo a Sito Mi\u00f1anco, d\u00edas despu\u00e9s una jueza secuestr\u00f3 el libro Fari\u00f1a de Nacho Carretero (que inspir\u00f3 a la serie) y Antena 3 decidi\u00f3 aprovechar todo este marketing impagable para estrenar \u00abel primer cap\u00edtulo de la serie\u00bb. Solo el primero, porque como cre\u00edan que no iba a convencer no quer\u00edan gastar esa bala. Pero para sorpresa de todos, convenci\u00f3. A cr\u00edtica y audiencia &#8211; que no suele ir de la mano-.<\/p>\n<div class=\"inset-auto\" style=\"text-align: justify;\"><iframe loading=\"lazy\" src=\"https:\/\/www.youtube.com\/embed\/1scc9Eq1ZAw\" width=\"560\" height=\"315\" frameborder=\"0\" allowfullscreen=\"allowfullscreen\" data-mce-fragment=\"1\"><\/iframe><\/div>\n<p class=\"mce\" style=\"text-align: justify;\">Por lo que aprendimos que, la realidad &#8211; adem\u00e1s de superar la ficci\u00f3n- tambi\u00e9n engrandece la promoci\u00f3n. Pero no solo fue esta la causa del \u00e9xito, y aqu\u00ed viene la siguiente lecci\u00f3n&#8230;<\/p>\n<h2 class=\"mce\" style=\"text-align: justify;\">&#8230; la audiencia de las generalistas ha pulido su paladar<\/h2>\n<p class=\"mce\" style=\"text-align: justify;\">Que Fari\u00f1a no bajara de los 2 millones en sus diez cap\u00edtulos, que el p\u00fablico se enganchara a una serie oscura, que aplaudiera el <em class=\"mce\">castrapo<\/em>\u00a0y no necesitara tensiones sexuales no resueltas, ni abuelas, ni ni\u00f1os, nos demuestra que la audiencia de las generalistas ha evolucionado. Pide nuevas f\u00f3rmulas, m\u00e1s riesgo, otras v\u00edas de narrar m\u00e1s adultas y menos masticadas.<\/p>\n<p class=\"mce\" style=\"text-align: justify;\">Nos lo ven\u00edan advirtiendo apuestas como <em class=\"mce\">Estoy Vivo<\/em> y su mezcla de g\u00e9neros, <em class=\"mce\">Vis a vis<\/em> y su valiente punto de vista, incluso la revelaci\u00f3n de <em class=\"mce\">Merl\u00ed<\/em>. Pero con <em class=\"mce\">Fari\u00f1a<\/em> se ha confirmado: ya no hay series buenas que no funcionen porque est\u00e1n adelantadas a su tiempo, porque ahora es ese tiempo.<\/p>\n<h2 class=\"mce\" style=\"text-align: justify;\">Tenemos una prometedora cantera de j\u00f3venes actores<\/h2>\n<p class=\"mce\" style=\"text-align: justify;\">Muchas de estas exitosas ficciones de 2018 tambi\u00e9n han apostado por j\u00f3venes int\u00e9rpretes, desconocidos para el gran p\u00fablico, que nos demostrado la buena salud de nuestra cantera de actores.<\/p>\n<p class=\"mce\" style=\"text-align: justify;\">Se han destapado con actuaciones brillantes en la peque\u00f1a pantalla como la de Oriol Pla en <em class=\"mce\">El D\u00eda de Ma\u00f1ana<\/em>, Isak F\u00e9rriz y Yolanda Torosio en <em class=\"mce\">Gigantes<\/em>, Miguel Bernardeau y Ester Exp\u00f3sito en <em class=\"mce\">\u00c9lite<\/em>, Isabel Naveira y Jana P\u00e9rez en <em class=\"mce\">Fari\u00f1a<\/em>, Pablo Molinero en <em class=\"mce\">La Peste<\/em>, Patricia L\u00f3pez-Arn\u00e1iz en <em class=\"mce\">La Otra Mirada<\/em>, Pere Arquill\u00e9 en <em class=\"mce\">F\u00e9lix<\/em>, Vito Sanz en <em class=\"mce\">Verg\u00fcenza<\/em>, entre muchos otros que merecen ser considerados, por derecho propio, como las grandes revelaciones interpretativas del a\u00f1o en televisi\u00f3n.<\/p>\n<div class=\"inset\" style=\"text-align: justify;\">\n<figure class=\"media-image r16-9\"><img data-recalc-dims=\"1\" loading=\"lazy\" decoding=\"async\" class=\"photo gal loaded\" src=\"https:\/\/i0.wp.com\/images.vertele.eldiario.es\/2018\/12\/14\/noticias\/Oriol-Pla-Justo-Gil-Dia_2076402389_9679644_667x375.jpg?resize=640%2C360\" alt=\"Oriol Pla, como Justo Gil en El D\u00eda de ma\u00f1ana de Movistar+\" width=\"640\" height=\"360\" data-orig=\"http:\/\/images.vertele.eldiario.es\/2018\/12\/14\/noticias\/Oriol-Pla-Justo-Gil-Dia_2076402389_9679644_667x375.jpg\" data-orig-dim=\"667x375\" data-src=\"http:\/\/images.vertele.eldiario.es\/2018\/12\/14\/noticias\/Oriol-Pla-Justo-Gil-Dia_2076402389_9679644_667x375.jpg\" data-gal=\"0\" data-index=\"1\" \/><i class=\"ico-gal-expand\" data-gal=\"0\" data-index=\"1\"><\/i><\/p>\n<div class=\"captioned-info\">\n<div class=\"captioned-info\"><\/div>\n<\/div><figcaption class=\"footnote\">Oriol Pla, como Justo Gil en El D\u00eda de ma\u00f1ana de Movistar+<\/figcaption><\/figure>\n<\/div>\n<h2 class=\"mce\" style=\"text-align: justify;\">Han sido demasiados a\u00f1os sin ficci\u00f3n adolescente<\/h2>\n<p class=\"mce\" style=\"text-align: justify;\">El \u00e9xito de <em class=\"mce\">\u00c9lite<\/em> &#8211; la segunda producci\u00f3n espa\u00f1ola de Netflix- ha corroborado lo que era un secreto a voces: <a class=\"mce\" href=\"http:\/\/vertele.eldiario.es\/noticias\/Elite-Big-Mac-Netflix-devoraras_0_2050894911.html\">los j\u00f3venes ansiaban una serie que les retratara.\u00a0<\/a><\/p>\n<p class=\"mce\" style=\"text-align: justify;\">Desde que <em class=\"mce\">F\u00edsica o Qu\u00edmica<\/em> acabara en 2011 no ha habido otra serie para adolescentes que reflejara su d\u00eda a d\u00eda, con sus inquietudes, sus sue\u00f1os, tormentos y valores, peligrosos de dejar en manos de un entretenimiento sin m\u00e1s fondo que el de distraer la mente.<\/p>\n<div class=\"inset-auto\" style=\"text-align: justify;\"><iframe loading=\"lazy\" src=\"https:\/\/www.youtube.com\/embed\/QNwhAdrdwp0\" width=\"560\" height=\"315\" frameborder=\"0\" allowfullscreen=\"allowfullscreen\" data-mce-fragment=\"1\"><\/iframe><\/div>\n<p class=\"mce\" style=\"text-align: justify;\">Por fin una serie se ha tomado el tiempo de plasmar a esta nueva generaci\u00f3n, que se define por sus ganas de exhibirse, y en cambio a\u00fan no ten\u00edan donde\u00a0reflejarse.<\/p>\n<h2 class=\"mce\" style=\"text-align: justify;\">Los 50 minutos funcionan<\/h2>\n<p class=\"mce\" style=\"text-align: justify;\">Este ha sido el a\u00f1o en que Atresmedia ha anunciado que <a class=\"mce\" href=\"http:\/\/vertele.eldiario.es\/noticias\/Atresmedia-anuncia-bajaran-duracion-minutos_0_2027797206.html\" target=\"_blank\" rel=\"noopener\">acortar\u00e1 la duraci\u00f3n de sus series a 50 minutos <\/a>por cap\u00edtulo, como lo hacen las ficciones internacionales.\u00a0Tambi\u00e9n<a class=\"mce\" href=\"http:\/\/vertele.eldiario.es\/noticias\/TVE-series-siguiendo-ejemplo-Antena_0_2075492439.html\" target=\"_blank\" rel=\"noopener\"> lo har\u00e1 TVE<\/a> que se sumaba a la tendencia y comunicaba que sus episodios durar\u00edan 60 minutos o menos.<\/p>\n<p class=\"mce\" style=\"text-align: justify;\">Esta decisi\u00f3n se tomaba despu\u00e9s de ver que producciones como\u00a0<em class=\"mce\">La catedral del mar<\/em> funcionaban con ese recorte horario. Despu\u00e9s de comprobar, adem\u00e1s, que las ficciones as\u00ed viajan con un pasaporte m\u00e1s internacional y equipaje m\u00e1s ligero.<\/p>\n<h2 class=\"mce\" style=\"text-align: justify;\">BONUS: Las series espa\u00f1olas tambi\u00e9n ganan en los Emmy<\/h2>\n<p class=\"mce\" style=\"text-align: justify;\">Pero si algo hemos aprendido este a\u00f1o es a acabar con los \u00faltimos complejos que arrastr\u00e1bamos tras d\u00e9cadas sinti\u00e9ndonos peque\u00f1os. Tras comparaciones injustas en las que nuestra ficci\u00f3n siempre sal\u00eda perdiendo, tras debates eternos en los que parec\u00eda que nuestra capacidad de crear series era siempre inferior por el simple hecho de haber nacido en la pen\u00ednsula.<\/p>\n<p class=\"mce\" style=\"text-align: justify;\">Y por supuesto, como en tantas otras disciplinas, han tenido que venir desde fuera para que nos lo creamos: este a\u00f1o <em class=\"mce\">La Casa de Papel<\/em> ha ganado el <strong>Emmy a la mejor serie internacional<\/strong>. Una producci\u00f3n espa\u00f1ola se ha subido al podium de las series y ha acabado con todos nuestros fantasmas (dejamos el certificado por si se nos olvida, que de eso tambi\u00e9n sabemos mucho):<\/p>\n<p><iframe id=\"instagram-embed-0\" class=\"instagram-media instagram-media-rendered\" src=\"https:\/\/www.instagram.com\/p\/BqZQWLJn7Lq\/embed\/captioned\/?cr=1&amp;v=12&amp;wp=540&amp;rd=http%3A%2F%2Fvertele.eldiario.es&amp;rp=%2Fnoticias%2Flecciones-deja-ficcion-espanola_0_2075192483.html#%7B%22ci%22%3A0%2C%22os%22%3A3038%7D\" height=\"834\" frameborder=\"0\" scrolling=\"no\" allowfullscreen=\"allowfullscreen\" data-instgrm-payload-id=\"instagram-media-payload-0\" data-mce-fragment=\"1\"><\/iframe><\/p>\n<p class=\"mce\" style=\"text-align: justify;\">Ella ha dado el gran golpe y se ha llevado la estatuilla, pero todas las anteriores han puesto su granito de arena para entrar, no solo a la Casa de La Moneda, sino al resto de hogares del mundo.<\/p>\n<p><a class=\"url fn\" href=\"http:\/\/vertele.eldiario.es\/paula_hergar\/\">Paula Hergar<\/a><\/p>\n<\/div>\n<\/div>\n<\/div>\n<\/div>\n<p><a href=\"http:\/\/vertele.eldiario.es\/noticias\/lecciones-deja-ficcion-espanola_0_2075192483.html\">http:\/\/vertele.eldiario.es\/noticias\/lecciones-deja-ficcion-espanola_0_2075192483.html<\/a><\/p>\n","protected":false},"excerpt":{"rendered":"<p>Estamos viviendo el mejor momento de las series nacionales, logrando por primera vez olvidarnos de&#8230;<\/p>\n","protected":false},"author":1,"featured_media":27961,"comment_status":"closed","ping_status":"closed","sticky":false,"template":"","format":"standard","meta":{"_coblocks_attr":"","_coblocks_dimensions":"","_coblocks_responsive_height":"","_coblocks_accordion_ie_support":"","jetpack_post_was_ever_published":false,"_jetpack_newsletter_access":"","_jetpack_dont_email_post_to_subs":false,"_jetpack_newsletter_tier_id":0,"_jetpack_memberships_contains_paywalled_content":false,"_jetpack_memberships_contains_paid_content":false,"footnotes":"","jetpack_publicize_message":"","jetpack_publicize_feature_enabled":true,"jetpack_social_post_already_shared":false,"jetpack_social_options":{"image_generator_settings":{"template":"highway","default_image_id":0,"enabled":false},"version":2}},"categories":[12,186,9,44,15],"tags":[5596,5594,5595],"class_list":["post-27960","post","type-post","status-publish","format-standard","has-post-thumbnail","hentry","category-cultura","category-instituciones","category-medio-ambiente","category-noticias-de-hoy","category-ultimas-noticias","tag-emmy","tag-series-espanolas","tag-tve"],"jetpack_publicize_connections":[],"jetpack_featured_media_url":"https:\/\/i0.wp.com\/miradordeatarfe.es\/wp-content\/uploads\/2018\/12\/lecciones-deja-ficcion-espanola_2079402056_9696261_660x371.jpg?fit=660%2C371&ssl=1","jetpack_likes_enabled":true,"jetpack_sharing_enabled":true,"_links":{"self":[{"href":"https:\/\/miradordeatarfe.es\/index.php?rest_route=\/wp\/v2\/posts\/27960","targetHints":{"allow":["GET"]}}],"collection":[{"href":"https:\/\/miradordeatarfe.es\/index.php?rest_route=\/wp\/v2\/posts"}],"about":[{"href":"https:\/\/miradordeatarfe.es\/index.php?rest_route=\/wp\/v2\/types\/post"}],"author":[{"embeddable":true,"href":"https:\/\/miradordeatarfe.es\/index.php?rest_route=\/wp\/v2\/users\/1"}],"replies":[{"embeddable":true,"href":"https:\/\/miradordeatarfe.es\/index.php?rest_route=%2Fwp%2Fv2%2Fcomments&post=27960"}],"version-history":[{"count":3,"href":"https:\/\/miradordeatarfe.es\/index.php?rest_route=\/wp\/v2\/posts\/27960\/revisions"}],"predecessor-version":[{"id":27964,"href":"https:\/\/miradordeatarfe.es\/index.php?rest_route=\/wp\/v2\/posts\/27960\/revisions\/27964"}],"wp:featuredmedia":[{"embeddable":true,"href":"https:\/\/miradordeatarfe.es\/index.php?rest_route=\/wp\/v2\/media\/27961"}],"wp:attachment":[{"href":"https:\/\/miradordeatarfe.es\/index.php?rest_route=%2Fwp%2Fv2%2Fmedia&parent=27960"}],"wp:term":[{"taxonomy":"category","embeddable":true,"href":"https:\/\/miradordeatarfe.es\/index.php?rest_route=%2Fwp%2Fv2%2Fcategories&post=27960"},{"taxonomy":"post_tag","embeddable":true,"href":"https:\/\/miradordeatarfe.es\/index.php?rest_route=%2Fwp%2Fv2%2Ftags&post=27960"}],"curies":[{"name":"wp","href":"https:\/\/api.w.org\/{rel}","templated":true}]}}