{"id":27981,"date":"2018-12-27T17:39:15","date_gmt":"2018-12-27T16:39:15","guid":{"rendered":"http:\/\/miradordeatarfe.es\/?p=27981"},"modified":"2018-12-27T17:39:15","modified_gmt":"2018-12-27T16:39:15","slug":"mesa-del-parlamento-pacto-de-la-verguenza-y-escandalo","status":"publish","type":"post","link":"https:\/\/miradordeatarfe.es\/?p=27981","title":{"rendered":"MESA DEL PARLAMENTO :\u00bbPacto de la verg\u00fcenza\u00bb y \u00abesc\u00e1ndalo\u00bb"},"content":{"rendered":"<div class=\"artBody\">\n<p style=\"text-align: justify;\"><strong>PP, Ciudadanos y Vox han logrado el control de la Mesa del Parlamento andaluz<\/strong>, tras conseguir cinco de los siete representantes de la misma, frente a los dos del PSOE-A.Por su parte,\u00a0Adelante Andaluc\u00eda se queda sin voz y sin voto. Por primera vez en Espa\u00f1a, una C\u00e1mara es presidida por una diputada de Ciudadanos, Marta Bosquet, y tiene un representante del partido de ultraderecha Vox.<!--more--><\/p>\n<p style=\"text-align: justify;\">De este modo, la\u00a0<strong>XI legislatura del Parlamento andaluz<\/strong>\u00a0ha echado a andar este jueves con la sesi\u00f3n de constituci\u00f3n en la que se ha conformado la Mesa, que ha girado hacia la derecha tras los\u00a0<a href=\"http:\/\/www.rtve.es\/noticias\/20181202\/psoe-gana-elecciones-peor-resultado-su-historia-bloque-derechas-obtiene-mayoria-absoluta\/1847420.shtml\">resultados de las \u00faltimas elecciones auton\u00f3micas<\/a>.<\/p>\n<div class=\"incluBox L\" style=\"text-align: justify;\">\n<div class=\"mediaBox audioBox \" data-assetid=\"4913672_es_audios\" data-sust=\"true\" data-autoplay=\"true\" data-location=\"alacarta_videos\" data-related=\"true\" data-id=\"4913672\" data-config=\"{&quot;id&quot;:&quot;4913672&quot;,&quot;location&quot;:&quot;alacarta_videos&quot;,&quot;sust&quot;:true,&quot;autoplay&quot;:true,&quot;type&quot;:&quot;audio&quot;,&quot;csstype&quot;:&quot;audio&quot;,&quot;related&quot;:true,&quot;title&quot;:&quot;Bosquet, presidenta y Adelante Andaluc\u00eda, fuera de la Mesa &quot;,&quot;capitalizedType&quot;:&quot;Audio&quot;,&quot;alt&quot;:&quot; 14 horas - Bosquet, presidenta, y Adelante Andaluc\u00eda fuera de la Mesa del Parlamento - Escuchar ahora&quot;,&quot;img&quot;:{&quot;large&quot;:{&quot;url&quot;:&quot;\/\/img2.rtve.es\/a\/4913672?w=1600&amp;preview=1545917045710.jpg&quot;,&quot;width&quot;:1600,&quot;media&quot;:&quot;(min-width: 1000px)&quot;},&quot;normal&quot;:{&quot;url&quot;:&quot;\/\/img2.rtve.es\/a\/4913672?w=400&amp;preview=1545917045710.jpg&quot;,&quot;width&quot;:400,&quot;media&quot;:&quot;(max-width: 800px)&quot;},&quot;small&quot;:{&quot;url&quot;:&quot;\/\/img2.rtve.es\/a\/4913672?w=200&amp;preview=1545917045710.jpg&quot;,&quot;width&quot;:200,&quot;media&quot;:&quot;(max-width: 300px)&quot;},&quot;none&quot;:{&quot;url&quot;:&quot;&quot;,&quot;width&quot;:0,&quot;media&quot;:&quot;&quot;}},&quot;duration&quot;:&quot;03.36 min&quot;,&quot;url&quot;:&quot;http:\/\/www.rtve.es\/alacarta\/audios\/14-horas\/marta-bosquet-presidenta-adelante-andalucia-fuera-mesa-parlamento\/4913672\/&quot;,&quot;date&quot;:{&quot;label&quot;:&quot;27.12.2018&quot;,&quot;key&quot;:&quot;2018-12-27&quot;},&quot;language&quot;:&quot;es&quot;,&quot;pubDest&quot;:&quot;general&quot;,&quot;pubState&quot;:{&quot;code&quot;:&quot;ENPUB&quot;,&quot;description&quot;:&quot;En publicaci\u00f3n&quot;},&quot;disableStripLayer&quot;:&quot;&quot;,&quot;mediaInfo&quot;:null,&quot;mediaConfig&quot;:{&quot;configUrl&quot;:&quot;\/api\/audios\/4913672\/config\/alacarta_videos.json&quot;,&quot;whitelistUrl&quot;:&quot;\/swf\/data\/whitelist.xml&quot;,&quot;propertiesPlayerUrl&quot;:&quot;\/swf\/v2\/playerConfig\/propertiesPlayer.xml&quot;,&quot;rtvePlayerSwfUrl&quot;:&quot;\/js\/swf\/RTVEPlayerJS.swf&quot;,&quot;ztnrFlashUrl&quot;:&quot;\/js\/swf\/z.swf&quot;,&quot;relacionadosRefUrl&quot;:&quot;\/api\/audios\/4913672\/relacionados.json&quot;,&quot;relatedByLangRefUrl&quot;:&quot;\/api\/audios\/4913672\/relacionados\/relacionados-por-idioma.json&quot;,&quot;adapter&quot;:false,&quot;fullAssetId&quot;:&quot;4913672_es_audios&quot;,&quot;ztnrMvlThumbUrl&quot;:&quot;\/ztnr\/movil\/thumbnail\/{idManager}\/audios\/4913672.png&quot;,&quot;lokiUrl&quot;:&quot;\/odin\/loki\/{chunk}\/&quot;,&quot;thumbnailerUrl&quot;:&quot;\/resources\/thumbnailer\/{hash}\/{id}\/L{levelId}_M{matrixId}.jpg&quot;,&quot;errorLayerClass&quot;:&quot;vjs-error-display&quot;,&quot;ageRangeInfo&quot;:{&quot;ageRangeUid&quot;:null,&quot;ageRangeDesc&quot;:&quot;&quot;,&quot;ageRangeCssClass&quot;:&quot;&quot;},&quot;audioSource&quot;:{&quot;src&quot;:&quot;http:\/\/mvod.lvlt.rtve.es\/resources\/TE_SDIA14\/mp3\/6\/8\/1545916633186.mp3&quot;,&quot;type&quot;:&quot;audio\/mpeg&quot;},&quot;cuepointsUrl&quot;:&quot;\/api\/audios\/4913672\/cuepoints.json&quot;,&quot;transcripcionUrl&quot;:&quot;\/api\/audios\/4913672\/transcripcion.json&quot;,&quot;promosURL&quot;:&quot;\/api\/audios\/4913672\/publicidad.json&quot;,&quot;mediaInfoConfig&quot;:{&quot;cssClass&quot;:&quot;textRel&quot;,&quot;hasMediaTextClass&quot;:&quot;hasMediaText&quot;}}}\" data-consumption=\"podcast\">Este cambio en la Mesa del Parlamento andaluz ha sido posible gracias al\u00a0<a href=\"http:\/\/www.rtve.es\/noticias\/20181227\/cs-pp-acuerdan-todos-partidos-esten-representados-voz-voto-mesa-del-parlamento-andalucia\/1859263.shtml\">acuerdo alcanzado por el PP y Ciudadanos<\/a>, primero, y luego entre PP y Vox. Adem\u00e1s, este pacto entre &#8216;populares&#8217; y la formaci\u00f3n naranja tambi\u00e9n supondr\u00e1 un\u00a0<a href=\"http:\/\/www.rtve.es\/noticias\/20181226\/pp-ciudadanos-cierran-su-pacto-gobierno-andalucia-90-medidas\/1858720.shtml\">cambio de Gobierno despu\u00e9s de que el PSOE-A haya presidido la Junta durante 36 a\u00f1os<\/a>, porque la Jefatura del Ejecutivo recaer\u00e1 en el l\u00edder del PP.<\/div>\n<\/div>\n<p style=\"text-align: justify;\">La diputada de Ciudadanos por Almer\u00eda<strong>\u00a0Marta Bosquet se ha convertido en presidenta de la C\u00e1mara<\/strong>, la tercera de la historia del Parlamento andaluz, con la mayor\u00eda absoluta de los votos, al lograr el respaldo de su propio partido, del PP y de Vox.\u00a0<strong>Bosquet ha logrado 59 votos de los 109 emitidos<\/strong>, frente a los 50 obtenidos por la candidata de Adelante Andaluc\u00eda, Inmaculada Nieto. PSOE, PP y Vox han renunciado a presentar a ning\u00fan candidato a la Presidencia.<\/p>\n<div class=\"section\" style=\"text-align: justify;\">\n<h3><span class=\"ladillo\">Vox entra en la Mesa y Adelante Andaluc\u00eda se queda fuera<\/span><\/h3>\n<p>Tras la elecci\u00f3n de la presidenta de la Mesa, se han realizado dos votaciones m\u00e1s. De este modo, han resultado elegidos Esperanza O\u00f1a Sevilla (PP), como vicepresidenta primera; Teresa Jim\u00e9nez Vilches (PSOE), como vicepresidenta segunda, y Julio D\u00edaz Robledo (Cs), vicepresidente tercero. Mientras que para las Secretar\u00edas han resultado elegidos Ver\u00f3nica P\u00e9rez (PSOE), Manuel Andr\u00e9s Gonz\u00e1lez (PP) y Manuel Gavira (Vox).<\/p>\n<p>Gracias a los votos de PP, Ciudadanos y de su propio partido, el abogado gaditano\u00a0<strong>Manuel Gavira<\/strong>, diputado de Vox, se ha convertido en el\u00a0<strong>primer representante del partido de extrema derecha en la Mesa de un Parlamento<\/strong>\u00a0en Espa\u00f1a.<\/p>\n<p>Por contra,<strong>\u00a0Adelante Andaluc\u00eda<\/strong>, aunque ha presentado candidatos a todos los puestos de la Mesa,\u00a0<strong>finalmente se ha quedado fuera<\/strong>\u00a0y no tendr\u00e1 ni voz ni voto, despu\u00e9s de que\u00a0<a href=\"http:\/\/www.rtve.es\/noticias\/20181227\/adelante-andalucia-califica-escandalo-pp-cs-presten-votos-para-vox-entre-mesa-del-parlamento\/1859580.shtml\">rechazara el pacto que le ofreci\u00f3 Ciudadanos<\/a>\u00a0y despu\u00e9s de que el PSOE-A haya decidido no cederles ninguno de sus puestos.<\/p>\n<p>Al t\u00e9rmino de las votaciones y precisamente por quedarse sin representaci\u00f3n en la Mesa, el diputado de Adelante Andaluc\u00eda Antonio Ma\u00edllo ha denunciado la exclusi\u00f3n de su grupo, por lo que ha solicitado corregir la composici\u00f3n, pues\u00a0<strong>ha advertido de que es \u00abcontraria\u00bb al art\u00edculo 36 del reglamento de la C\u00e1mara<\/strong>.<\/p>\n<p>Sin embargo, la presidenta de la mesa de edad ha rechazado la petici\u00f3n, y ha argumentado que\u00a0<strong>exist\u00eda una sentencia del Tribunal Constitucional que confirmaba la validez del proceso<\/strong>. Ante las repetidas quejas de Ma\u00edllo al respecto, Bustinduy ha solititado opini\u00f3n a los letrados de la C\u00e1mara que han reiterado la validez de la elecci\u00f3n de la Mesa.<\/p>\n<p>Una vez constituida la Mesa del Parlamento, los 109 diputados han jurado o prometido sus cargos, aunque este paso no ha estado exento de pol\u00e9mica porque algunos diputados se alargaban en sus f\u00f3rmulas\u00a0y la nueva presidenta de la C\u00e1mara ha tenido que pedir en varias ocasiones que acortar\u00e1n sus discursos para no alargar la sesi\u00f3n.<\/p>\n<p>Los diputados de Vox han jurado\u00a0\u00abpor Espa\u00f1a\u00bb y los de Adelante Andaluc\u00eda, mirando a la bancada de los doce diputados de Vox, han prometido\u00a0\u00abdefender a las personas m\u00e1s d\u00e9biles de esta tierra de la cobard\u00eda, del racismo, de la xenofobia, de la transfobia, de la homofobia y del machismo\u00bb.<\/p>\n<p>A partir de ahora, la nueva presidenta del Parlamento andaluz ser\u00e1 quien dirija la ronda de conversaciones con los grupos y proponga las candidaturas a la Presidencia de la Junta.<\/p>\n<\/div>\n<div class=\"section\" style=\"text-align: justify;\">\n<h3><span class=\"ladillo\">Cs insiste en que solo pact\u00f3 con el PP<\/span><\/h3>\n<p>La composici\u00f3n de la Mesa ha estado llena de cr\u00edticas, sobre todo por la entrada de Vox en la misma. Justo antes de comenzar el Pleno de constituci\u00f3n, el l\u00edder de Ciudadanos en Andaluc\u00eda, Juan Mar\u00edn, ha querido dejar claro que su formaci\u00f3n\u00a0<strong>\u00absolamente\u00bb ha firmado un acuerdo program\u00e1tico<\/strong>\u00a0y parlamentario en Andaluc\u00eda con el PP al que \u00abse ha sumado Vox\u00bb.<\/p>\n<p>\u00abSolamente hay un<strong>\u00a0acuerdo program\u00e1tico y de Mesa (del Parlamento) de Ciudadanos y del Partido Popular<\/strong>, y a partir de ah\u00ed, hablaremos del Gobierno, pero el \u00fanico acuerdo es con el Partido Popular, al que en este caso se suma Vox, que va a tener representaci\u00f3n en la Mesa\u00bb, ha explicado.<\/p>\n<p>Por su parte, el secretario de Organizaci\u00f3n del PP, Teodoro Garc\u00eda Egea, ha defendido su acuerdo con Vox para la Mesa del Parlamento andaluz y ha argumentado que<strong>\u00a0su partido hablar\u00e1 \u00abcon quien tenga que hablar\u00bb para mejorar la vida de los andaluces\u00a0<\/strong>y los espa\u00f1oles. \u00abNo nos escondemos, yo digo lo mismo a puerta cerrada que en una entrevista\u00bb.<\/p>\n<p>En declaraciones &#8216;Es Radio&#8217; y seg\u00fan recoge Europa Press, el secretario general de Vox, Javier Ortega Smith, ha asegurado que PP y Ciudadanos les han ofrecido consejer\u00edas en la Junta de Andaluc\u00eda y las han rechazado por \u00abestar en minor\u00eda\u00bb en un gobierno en el que consideran que no iban a poder llevar a cabo \u00abla mayor\u00eda para adoptar medidas que son necesarias\u00bb.<span class=\"ico redad mas00\">\u00a0<\/span>  <a title=\"Video: &quot;faltaba la posibilidad de que sumaramos&quot;\" href=\"http:\/\/www.rtve.es\/alacarta\/videos\/telediario\/casado-asegura-faltaba-posibilidad-sumaramos-para-hubiera-nueva-excepectativa-futuro\/4913862\/\"> <span class=\"ico play video\"> <img data-recalc-dims=\"1\" decoding=\"async\" src=\"https:\/\/i0.wp.com\/img.irtve.es\/css\/i\/blank.gif?w=640\" alt=\"reproducir video\" \/><\/span><\/a><\/p>\n<div class=\"incluBox L\"><\/div>\n<\/div>\n<div class=\"section\" style=\"text-align: justify;\">\n<h3><span class=\"ladillo\">\u00abPacto de la verg\u00fcenza\u00bb y \u00abesc\u00e1ndalo\u00bb<\/span><\/h3>\n<p>Por su parte, la todav\u00eda presidenta andaluza en funciones, Susana<strong>\u00a0D\u00edaz, ha calificado de \u00abpacto de la verg\u00fcenza con la extrema derecha\u00bb\u00a0<\/strong>el acuerdo entre Cs y PP que ha contado con el apoyo de Vox y que ha permitido que este \u00faltimo partido tenga voz y voto en la Mesa.<\/p>\n<p>Tambi\u00e9n ha advertido de que su partido seguir\u00e1 \u00abdefendiendo\u00bb la autonom\u00eda y la \u00abigualdad de los andaluces\u00bb y ha recordado que el PSOE fue el partido m\u00e1s votado en las elecciones auton\u00f3micas. \u00abSi hay alg\u00fan tipo de pacto vergonzante, pacto de la verg\u00fcenza, que intente torcer la voluntad de los andaluces, ellos tendr\u00e1n que explicarlo\u00bb, ha avisado.<\/p>\n<p>Asimismo\u00a0<a href=\"http:\/\/www.rtve.es\/noticias\/20181227\/adelante-andalucia-califica-escandalo-pp-cs-presten-votos-para-vox-entre-mesa-del-parlamento\/1859580.shtml\">Adelante Andaluc\u00eda ha calificado de \u00abesc\u00e1ndalo\u00bb que PP y Cs prestasen sus votos<\/a>\u00a0para que el partido de extrema derecha formara parte de la Mesa, mientras que ellos se quedaban fuera habiendo obtenido m\u00e1s votos en las pasadas elecciones.<\/p>\n<\/div>\n<\/div>\n<p style=\"text-align: justify;\">\n","protected":false},"excerpt":{"rendered":"<p>PP, Ciudadanos y Vox han logrado el control de la Mesa del Parlamento andaluz, tras&#8230;<\/p>\n","protected":false},"author":1,"featured_media":27982,"comment_status":"closed","ping_status":"closed","sticky":false,"template":"","format":"standard","meta":{"_coblocks_attr":"","_coblocks_dimensions":"","_coblocks_responsive_height":"","_coblocks_accordion_ie_support":"","jetpack_post_was_ever_published":false,"_jetpack_newsletter_access":"","_jetpack_dont_email_post_to_subs":false,"_jetpack_newsletter_tier_id":0,"_jetpack_memberships_contains_paywalled_content":false,"_jetpack_memberships_contains_paid_content":false,"footnotes":"","jetpack_publicize_message":"","jetpack_publicize_feature_enabled":true,"jetpack_social_post_already_shared":false,"jetpack_social_options":{"image_generator_settings":{"template":"highway","default_image_id":0,"enabled":false},"version":2}},"categories":[1161,44,15],"tags":[5602,5603,580],"class_list":["post-27981","post","type-post","status-publish","format-standard","has-post-thumbnail","hentry","category-ciudadania","category-noticias-de-hoy","category-ultimas-noticias","tag-parlamento-de-andalucia","tag-protestas","tag-votaciones"],"jetpack_publicize_connections":[],"jetpack_featured_media_url":"https:\/\/i0.wp.com\/miradordeatarfe.es\/wp-content\/uploads\/2018\/12\/1412155011-kfoE-1351x900%40Diario-Sur-2.jpg?fit=897%2C391&ssl=1","jetpack_likes_enabled":true,"jetpack_sharing_enabled":true,"_links":{"self":[{"href":"https:\/\/miradordeatarfe.es\/index.php?rest_route=\/wp\/v2\/posts\/27981","targetHints":{"allow":["GET"]}}],"collection":[{"href":"https:\/\/miradordeatarfe.es\/index.php?rest_route=\/wp\/v2\/posts"}],"about":[{"href":"https:\/\/miradordeatarfe.es\/index.php?rest_route=\/wp\/v2\/types\/post"}],"author":[{"embeddable":true,"href":"https:\/\/miradordeatarfe.es\/index.php?rest_route=\/wp\/v2\/users\/1"}],"replies":[{"embeddable":true,"href":"https:\/\/miradordeatarfe.es\/index.php?rest_route=%2Fwp%2Fv2%2Fcomments&post=27981"}],"version-history":[{"count":1,"href":"https:\/\/miradordeatarfe.es\/index.php?rest_route=\/wp\/v2\/posts\/27981\/revisions"}],"predecessor-version":[{"id":27983,"href":"https:\/\/miradordeatarfe.es\/index.php?rest_route=\/wp\/v2\/posts\/27981\/revisions\/27983"}],"wp:featuredmedia":[{"embeddable":true,"href":"https:\/\/miradordeatarfe.es\/index.php?rest_route=\/wp\/v2\/media\/27982"}],"wp:attachment":[{"href":"https:\/\/miradordeatarfe.es\/index.php?rest_route=%2Fwp%2Fv2%2Fmedia&parent=27981"}],"wp:term":[{"taxonomy":"category","embeddable":true,"href":"https:\/\/miradordeatarfe.es\/index.php?rest_route=%2Fwp%2Fv2%2Fcategories&post=27981"},{"taxonomy":"post_tag","embeddable":true,"href":"https:\/\/miradordeatarfe.es\/index.php?rest_route=%2Fwp%2Fv2%2Ftags&post=27981"}],"curies":[{"name":"wp","href":"https:\/\/api.w.org\/{rel}","templated":true}]}}