{"id":27984,"date":"2018-12-29T09:40:52","date_gmt":"2018-12-29T08:40:52","guid":{"rendered":"http:\/\/miradordeatarfe.es\/?p=27984"},"modified":"2018-12-27T17:48:12","modified_gmt":"2018-12-27T16:48:12","slug":"el-gobierno-indulta-las-cabinas-telefonicas-y-evita-su-desaparicion","status":"publish","type":"post","link":"https:\/\/miradordeatarfe.es\/?p=27984","title":{"rendered":"El Gobierno indulta las cabinas telef\u00f3nicas y evita su desaparici\u00f3n"},"content":{"rendered":"<p class=\"articulo-subtitulo\" style=\"text-align: justify;\">Los tel\u00e9fonos p\u00fablicos seguir\u00e1n siendo un servicio universal pese a que la obligaci\u00f3n de mantenerlos como tales deb\u00eda desaparecer el 31 de diciembre<!--more--><\/p>\n<div id=\"articulo_contenedor\" class=\"articulo__contenedor\">\n<div id=\"cuerpo_noticia\" class=\"articulo-cuerpo\" style=\"text-align: justify;\">\n<p>El Gobierno ha decidido indultar <strong>las cabinas telef\u00f3nicas, que estaba previsto que desaparecieran a partir del pr\u00f3ximo 1 de enero<\/strong> al dejar de formar parte de las prestaciones incluidas dentro del servicio universal de telecomunicaciones, es decir, el conjunto de servicios m\u00ednimos que el Estado garantiza a todos los usuarios con independencia de su lugar de residencia.\u00a0 El Consejo de Ministros aprueba un real decreto que elimina la obligatoriedad tanto de las gu\u00edas telef\u00f3nicas como del servicio de consulta telef\u00f3nica sobre n\u00fameros de abonado, pero mantendr\u00e1 la exigencia de que exista un determinado n\u00famero de tel\u00e9fonos p\u00fablicos seg\u00fan la poblaci\u00f3n de cada localidad.<\/p>\n<p>El anterior Ejecutivo del PP concedi\u00f3 a las operadoras una pr\u00f3rroga de un a\u00f1o, hasta 2019, a la espera de modificar la ley que obligaba a mantener estas prestaciones en todo el territorio nacional. Pero el Gobierno socialista se ha <em>apiadado<\/em> de las cabinas y ha decidido mantenerlas hasta la pr\u00f3xima trasposici\u00f3n a Espa\u00f1a del C\u00f3digo Europeo de las Comunicaciones Electr\u00f3nicas (para lo que hay un plazo de dos a\u00f1os) a fin de \u00abhacer un an\u00e1lisis m\u00e1s completo y exhaustivo\u00bb sobre c\u00f3mo ir retirando\u00a0 prestaciones del servicio universal de telefon\u00eda, seg\u00fan informa Efe citando fuentes del sector.<\/p>\n<p>La decisi\u00f3n ha causado sorpresa a los operadores, puesto que tanto la Comisi\u00f3n Nacional de los Mercados y la Competencia (CNMC) como el borrador del real decreto del Ministerio de Energ\u00eda, Turismo y Agenda Digital eliminaban las cabinas del servicio universal de telecomunicaciones, informaron a este diario fuentes de las compa\u00f1\u00edas.<\/p>\n<p>Competencia considera que cabinas y gu\u00edas han ca\u00eddo en \u00abdesuso\u00bb y \u00abno existen razones de mercado actualmente para seguir garantizando su prestaci\u00f3n como parte del servicio universal\u00bb. Seg\u00fan sus datos, el 88% de los espa\u00f1oles jam\u00e1s ha utilizado una cabina telef\u00f3nica y, adem\u00e1s, el coste de mantenerlas ha ido aumentando en los \u00faltimos a\u00f1os hasta situarse en 2,07 millones de euros en 2015.<\/p>\n<h3>Adjudicado a Telef\u00f3nica<\/h3>\n<p>Como ning\u00fan operador quer\u00eda hacerse cargo de este servicio, el Gobierno obligaba a Telef\u00f3nica a mantener gu\u00edas y cabinas hasta el 31 de diciembre de 2018. A Telef\u00f3nica se le adjudic\u00f3 el servicio de informaci\u00f3n de n\u00fameros por un per\u00edodo de tres a\u00f1os, desde el 1 de enero de 2009 hasta el 31 de diciembre de 2011. Con posterioridad a esa fecha no se ha convocado concurso alguno para designar al prestador de este servicio, por considerarse que el mismo ya lo garantiza el mercado.<\/p>\n<p>Se estima que Telef\u00f3nica pierde unos cinco millones de euros anuales por mantener en servicio las cabinas que a\u00fan quedan en funcionamiento, coste del que no resarcen a la compa\u00f1\u00eda los fondos que recibe del servicio universal, financiado entre todos los operadores. En lo que se refiere a las gu\u00edas,\u00a0en 2017 a Telef\u00f3nica solo le pidieron 304 ejemplares de la gu\u00eda impresa.<\/p>\n<\/div>\n<div class=\"articulo-trust\">\n<div class=\"articulo-trust__inner\" style=\"text-align: justify;\"><\/div>\n<\/div>\n<\/div>\n","protected":false},"excerpt":{"rendered":"<p>Los tel\u00e9fonos p\u00fablicos seguir\u00e1n siendo un servicio universal pese a que la obligaci\u00f3n de mantenerlos&#8230;<\/p>\n","protected":false},"author":1,"featured_media":27985,"comment_status":"closed","ping_status":"closed","sticky":false,"template":"","format":"standard","meta":{"_coblocks_attr":"","_coblocks_dimensions":"","_coblocks_responsive_height":"","_coblocks_accordion_ie_support":"","jetpack_post_was_ever_published":false,"_jetpack_newsletter_access":"","_jetpack_dont_email_post_to_subs":false,"_jetpack_newsletter_tier_id":0,"_jetpack_memberships_contains_paywalled_content":false,"_jetpack_memberships_contains_paid_content":false,"footnotes":"","jetpack_publicize_message":"","jetpack_publicize_feature_enabled":true,"jetpack_social_post_already_shared":false,"jetpack_social_options":{"image_generator_settings":{"template":"highway","default_image_id":0,"enabled":false},"version":2}},"categories":[1161,186,44,15],"tags":[845,1215],"class_list":["post-27984","post","type-post","status-publish","format-standard","has-post-thumbnail","hentry","category-ciudadania","category-instituciones","category-noticias-de-hoy","category-ultimas-noticias","tag-gobierno","tag-telefonica"],"jetpack_publicize_connections":[],"jetpack_featured_media_url":"https:\/\/i0.wp.com\/miradordeatarfe.es\/wp-content\/uploads\/2018\/12\/1545916264_085502_1545916536_noticia_normal_recorte1.jpg?fit=1960%2C1200&ssl=1","jetpack_likes_enabled":true,"jetpack_sharing_enabled":true,"_links":{"self":[{"href":"https:\/\/miradordeatarfe.es\/index.php?rest_route=\/wp\/v2\/posts\/27984","targetHints":{"allow":["GET"]}}],"collection":[{"href":"https:\/\/miradordeatarfe.es\/index.php?rest_route=\/wp\/v2\/posts"}],"about":[{"href":"https:\/\/miradordeatarfe.es\/index.php?rest_route=\/wp\/v2\/types\/post"}],"author":[{"embeddable":true,"href":"https:\/\/miradordeatarfe.es\/index.php?rest_route=\/wp\/v2\/users\/1"}],"replies":[{"embeddable":true,"href":"https:\/\/miradordeatarfe.es\/index.php?rest_route=%2Fwp%2Fv2%2Fcomments&post=27984"}],"version-history":[{"count":1,"href":"https:\/\/miradordeatarfe.es\/index.php?rest_route=\/wp\/v2\/posts\/27984\/revisions"}],"predecessor-version":[{"id":27986,"href":"https:\/\/miradordeatarfe.es\/index.php?rest_route=\/wp\/v2\/posts\/27984\/revisions\/27986"}],"wp:featuredmedia":[{"embeddable":true,"href":"https:\/\/miradordeatarfe.es\/index.php?rest_route=\/wp\/v2\/media\/27985"}],"wp:attachment":[{"href":"https:\/\/miradordeatarfe.es\/index.php?rest_route=%2Fwp%2Fv2%2Fmedia&parent=27984"}],"wp:term":[{"taxonomy":"category","embeddable":true,"href":"https:\/\/miradordeatarfe.es\/index.php?rest_route=%2Fwp%2Fv2%2Fcategories&post=27984"},{"taxonomy":"post_tag","embeddable":true,"href":"https:\/\/miradordeatarfe.es\/index.php?rest_route=%2Fwp%2Fv2%2Ftags&post=27984"}],"curies":[{"name":"wp","href":"https:\/\/api.w.org\/{rel}","templated":true}]}}