{"id":27987,"date":"2018-12-29T10:49:08","date_gmt":"2018-12-29T09:49:08","guid":{"rendered":"http:\/\/miradordeatarfe.es\/?p=27987"},"modified":"2018-12-27T17:57:43","modified_gmt":"2018-12-27T16:57:43","slug":"regalos-fiscales-corrosivos","status":"publish","type":"post","link":"https:\/\/miradordeatarfe.es\/?p=27987","title":{"rendered":"Regalos fiscales corrosivos"},"content":{"rendered":"<div class=\"articulo-encabezado-texto\">\n<div id=\"articulo-titulares\" class=\"articulo-titulares\">\n<div class=\"articulo-subtitulos\">\n<p class=\"articulo-subtitulo\">\u00bfC\u00f3mo es posible que una medida que violenta de forma tan transparente el principio de igualdad de oportunidades sea algo tan atractivo para los pol\u00edticos?<\/p>\n<\/div>\n<\/div>\n<\/div>\n<p><!--more--><\/p>\n<div id=\"compartir-otros_sup\" class=\"compartir-otros\" style=\"text-align: justify;\">En su \u00faltimo informe sobre Espa\u00f1a, la OCDE, adem\u00e1s de defender menos cargas impositivas al trabajo, m\u00e1s uso de impuestos verdes, y una mayor recaudaci\u00f3n del IVA, en el \u00e1mbito fiscal ped\u00eda tambi\u00e9n reforzar el papel de los impuestos de sucesiones auton\u00f3micos.<\/div>\n<div style=\"text-align: justify;\"><\/div>\n<div class=\"compartir-otros\" style=\"text-align: justify;\">Pon\u00eda como ejemplo la alt\u00edsima exenci\u00f3n que se aplicaba al impuesto en Andaluc\u00eda desde 2018 (los c\u00f3nyuges e hijos que heredan hasta un mill\u00f3n de euros no han de tributar nada), y conclu\u00eda que \u201cdeber\u00edan reconsiderarse las desgravaciones en el impuesto sobre sucesiones concedidas a los estratos de poblaci\u00f3n m\u00e1s acomodados\u201d.<\/div>\n<div id=\"articulo_contenedor\" class=\"articulo__contenedor\">\n<div id=\"cuerpo_noticia\" class=\"articulo-cuerpo\">\n<p style=\"text-align: justify;\">Si no quer\u00edan caldo, dos tazas. Hace unos d\u00edas supimos que uno de los primeros acuerdos a los que llegaron PP y Ciudadanos en su negociaci\u00f3n para formar gobierno en Andaluc\u00eda ha sido la eliminaci\u00f3n total del impuesto de sucesiones, una medida que solo afectar\u00eda al peque\u00f1\u00edsimo porcentaje de herencias andaluzas que hoy no est\u00e1n exentas del impuesto.<\/p>\n<p style=\"text-align: justify;\">\u00bfC\u00f3mo es posible que una medida que beneficia solo a los m\u00e1s ricos, que violenta de forma tan transparente el principio de igualdad de oportunidades y que implica renunciar a uno de los mecanismos recaudatorios menos distorsionadores de la actividad econ\u00f3mica sea algo tan atractivo para los pol\u00edticos? Muchos estudios han propuesto explicaciones a esta paradoja en otros contextos (el impuesto de sucesiones, aunque eficiente, progresivo e igualitario, es casi siempre impopular). Una posibilidad es que en momentos de incertidumbre econ\u00f3mica y de desconfianza respecto a la capacidad del Estado de protegernos ante las adversidades, el acceso a los patrimonios familiares se convierta en algo m\u00e1s preciado para los individuos. Otra posibilidad es que la complejidad de las pol\u00edticas p\u00fablicas haga que hoy muchos ciudadanos no perciban los v\u00ednculos entre los impuestos y los servicios generados gracias a ellos. En ambos casos, es una crisis de confianza respecto del papel del Estado lo que provoca que medidas fiscales contrarias a los intereses materiales de la mayor\u00eda acaben siendo celebradas por amplias capas de la sociedad.<\/p>\n<p style=\"text-align: justify;\">El impuesto de sucesiones es solo un ejemplo de una peligrosa deriva: si la respuesta a una crisis de confianza hacia las instituciones es privarlas de los recursos que necesitan para atender nuestras demandas, la desconfianza no har\u00e1 m\u00e1s que aumentar. De romper ese c\u00edrculo vicioso depender\u00e1 nuestra capacidad de responder a los restos colectivos a los que nos enfrentamos. Feliz 2019<\/p>\n<p style=\"text-align: justify;\">. <a href=\"https:\/\/elpais.com\/elpais\/2018\/12\/26\/opinion\/twitter.com\/jfalbertos\" target=\"_blank\" rel=\"noopener\"><strong>@jfalbertos<\/strong><\/a><\/p>\n<div class=\"autor\">\n<div class=\"autor-texto\"><span class=\"autor-nombre\"> <a title=\"Ver todas las noticias de Jos\u00e9 Fern\u00e1ndez Albertos\" href=\"https:\/\/elpais.com\/autor\/jose_fernandez_albertos\/a\/\">Jos\u00e9 Fern\u00e1ndez Albertos<\/a> <\/span><\/div>\n<\/div>\n<p><a href=\"https:\/\/elpais.com\/elpais\/2018\/12\/26\/opinion\/1545849548_135969.html\">https:\/\/elpais.com\/elpais\/2018\/12\/26\/opinion\/1545849548_135969.html<\/a><\/p>\n<p>&nbsp;<\/p>\n<\/div>\n<\/div>\n","protected":false},"excerpt":{"rendered":"<p>\u00bfC\u00f3mo es posible que una medida que violenta de forma tan transparente el principio de&#8230;<\/p>\n","protected":false},"author":1,"featured_media":27988,"comment_status":"closed","ping_status":"closed","sticky":false,"template":"","format":"standard","meta":{"_coblocks_attr":"","_coblocks_dimensions":"","_coblocks_responsive_height":"","_coblocks_accordion_ie_support":"","jetpack_post_was_ever_published":false,"_jetpack_newsletter_access":"","_jetpack_dont_email_post_to_subs":false,"_jetpack_newsletter_tier_id":0,"_jetpack_memberships_contains_paywalled_content":false,"_jetpack_memberships_contains_paid_content":false,"footnotes":"","jetpack_publicize_message":"","jetpack_publicize_feature_enabled":true,"jetpack_social_post_already_shared":false,"jetpack_social_options":{"image_generator_settings":{"template":"highway","default_image_id":0,"enabled":false},"version":2}},"categories":[1161,9,44,15],"tags":[836,1725,3440],"class_list":["post-27987","post","type-post","status-publish","format-standard","has-post-thumbnail","hentry","category-ciudadania","category-medio-ambiente","category-noticias-de-hoy","category-ultimas-noticias","tag-impuestos","tag-ricos","tag-sucesiones"],"jetpack_publicize_connections":[],"jetpack_featured_media_url":"https:\/\/i0.wp.com\/miradordeatarfe.es\/wp-content\/uploads\/2018\/12\/1545849548_135969_1545850154_noticia_normal_recorte1.jpg?fit=1960%2C1100&ssl=1","jetpack_likes_enabled":true,"jetpack_sharing_enabled":true,"_links":{"self":[{"href":"https:\/\/miradordeatarfe.es\/index.php?rest_route=\/wp\/v2\/posts\/27987","targetHints":{"allow":["GET"]}}],"collection":[{"href":"https:\/\/miradordeatarfe.es\/index.php?rest_route=\/wp\/v2\/posts"}],"about":[{"href":"https:\/\/miradordeatarfe.es\/index.php?rest_route=\/wp\/v2\/types\/post"}],"author":[{"embeddable":true,"href":"https:\/\/miradordeatarfe.es\/index.php?rest_route=\/wp\/v2\/users\/1"}],"replies":[{"embeddable":true,"href":"https:\/\/miradordeatarfe.es\/index.php?rest_route=%2Fwp%2Fv2%2Fcomments&post=27987"}],"version-history":[{"count":1,"href":"https:\/\/miradordeatarfe.es\/index.php?rest_route=\/wp\/v2\/posts\/27987\/revisions"}],"predecessor-version":[{"id":27989,"href":"https:\/\/miradordeatarfe.es\/index.php?rest_route=\/wp\/v2\/posts\/27987\/revisions\/27989"}],"wp:featuredmedia":[{"embeddable":true,"href":"https:\/\/miradordeatarfe.es\/index.php?rest_route=\/wp\/v2\/media\/27988"}],"wp:attachment":[{"href":"https:\/\/miradordeatarfe.es\/index.php?rest_route=%2Fwp%2Fv2%2Fmedia&parent=27987"}],"wp:term":[{"taxonomy":"category","embeddable":true,"href":"https:\/\/miradordeatarfe.es\/index.php?rest_route=%2Fwp%2Fv2%2Fcategories&post=27987"},{"taxonomy":"post_tag","embeddable":true,"href":"https:\/\/miradordeatarfe.es\/index.php?rest_route=%2Fwp%2Fv2%2Ftags&post=27987"}],"curies":[{"name":"wp","href":"https:\/\/api.w.org\/{rel}","templated":true}]}}