{"id":27990,"date":"2018-12-29T10:59:27","date_gmt":"2018-12-29T09:59:27","guid":{"rendered":"http:\/\/miradordeatarfe.es\/?p=27990"},"modified":"2018-12-27T18:04:12","modified_gmt":"2018-12-27T17:04:12","slug":"un-primer-paso","status":"publish","type":"post","link":"https:\/\/miradordeatarfe.es\/?p=27990","title":{"rendered":"Un primer paso"},"content":{"rendered":"<p class=\"articulo-subtitulo\" style=\"text-align: justify;\">Solo la colaboraci\u00f3n internacional humanizar\u00e1 las migraciones<!--more--><\/p>\n<div id=\"cuerpo_noticia\" class=\"articulo-cuerpo\">\n<p style=\"text-align: justify;\">La historia de la humanidad es el relato de una larga migraci\u00f3n, un movimiento que se ha ido acelerando conforme lo permit\u00edan los medios t\u00e9cnicos. Entre 1820 y 1920, 60 millones de europeos cruzaron el Atl\u00e1ntico en busca de un futuro en Am\u00e9rica gracias a las mejoras en la navegaci\u00f3n. Actualmente, seg\u00fan calcula la ONU, 258 millones de personas viven fuera de su pa\u00eds de nacimiento (el 3,4% de la poblaci\u00f3n mundial), una cifra que, sostiene la organizaci\u00f3n, crecer\u00e1 en los pr\u00f3ximos a\u00f1os a causa de la desigualdad, el cambio clim\u00e1tico, los conflictos, pero tambi\u00e9n la interconectividad que facilita los desplazamientos de personas. La migraci\u00f3n es un fen\u00f3meno internacional, que solo lograr\u00e1 racionalizarse y, sobre todo, humanizarse en un marco global. Por eso, es bienvenido el pacto migratorio de la ONU, adoptado en diciembre por 165 pa\u00edses de los 193 que integran la ONU.<\/p>\n<p style=\"text-align: justify;\">El documento representa solo un primer paso, que no instaura ning\u00fan derecho a migrar, sino que recalca los derechos humanos de todos los migrantes con independencia de sus papeles. Tambi\u00e9n llama a que no sean detenidos sin motivo o a que los menores gocen de una protecci\u00f3n especial, una absoluta necesidad que no est\u00e1 actualmente garantizada. El pacto no es vinculante, no obliga a ning\u00fan Estado firmante. Sin embargo, el acuerdo ha provocado protestas violentas, incluso ha llegado a romper el Gobierno de B\u00e9lgica y ha sido rechazado por Estados que le reprochaban ideas que ni siquiera inclu\u00eda. Los principales pa\u00edses gobernados por nacionalistas, o que tienen una importante influencia ultraderechista, lo han denostado, entre ellos Estados Unidos, Australia, Italia, Hungr\u00eda, Polonia o Austria. Sus argumentos, que tantos r\u00e9ditos electorales les han dado, se basaban casi siempre en informaciones falsas que, por eso mismo, resultaban casi imposibles de rebatir.<\/p>\n<p style=\"text-align: justify;\">La UE se ha mostrado muy dividida en un tema que socava sus consejos y que ha creado una situaci\u00f3n ca\u00f3tica en el Mediterr\u00e1neo, ya que los Estados que deber\u00edan recibir a los barcos que han rescatado migrantes se niegan a acogerles, incumpliendo la ley y la l\u00f3gica. Estados Unidos ni siquiera ha querido participar en las negociaciones, lo que no es de extra\u00f1ar dado que su presidente, Donald Trump, se ha mostrado directamente cruel con los inmigrantes.<\/p>\n<p style=\"text-align: justify;\">La historia ense\u00f1a que la inmigraci\u00f3n nunca se detiene y que las grandes crisis provocan enormes movimientos: la hambruna de la patata en Irlanda puso a un mill\u00f3n de personas en el mar (sin que hubiera que sufrir los miles de n\u00e1ufragos y ahogados que hoy d\u00eda, con una tecnolog\u00eda muy superior, nos sobrecogen) y, al igual que la guerra de Siria provoc\u00f3 en 2015 una oleada de millones de personas en huida, la violencia, la pobreza y la sequ\u00eda han desencadenado a finales de este a\u00f1o una caravana que ha recorrido Centroam\u00e9rica hasta la frontera con EE\u00a0UU. Un pacto migratorio mundial puede ayudar a controlar estas mareas humanas que, de todos modos, ya existen.<\/p>\n<p style=\"text-align: justify;\">Esto no significa volver a situaci\u00f3n en vigor durante el siglo XIX y una parte del siglo XX, cuando bastaba con no tener una enfermedad contagiosa para instalarse en EE\u00a0UU o Am\u00e9rica Latina. Tampoco prev\u00e9 que los inmigrantes, una vez instalados, puedan saltarse la ley del pa\u00eds en el que residen. Resulta especialmente irritante que un pa\u00eds como Estados Unidos, formado por emigrantes, e Italia, donde la emigraci\u00f3n forma parte de su identidad y su cultura, encabecen el rechazo a un acuerdo contra un fen\u00f3meno sin el que no existir\u00edan.<\/p>\n<p style=\"text-align: justify;\">Solo el trabajo conjunto entre los Estados que producen emigrantes y los que los reciben puede ayudar a racionalizar los flujos migratorios. La cooperaci\u00f3n para mejorar las condiciones de vida de los pa\u00edses m\u00e1s pobres ralentizar\u00e1, pero no detendr\u00e1 el movimiento. Y es adem\u00e1s lo deseable porque los pa\u00edses necesitan inmigrantes. Alemania acaba de anunciar que busca a 1,2 millones de trabajadores cualificados, mientras que la salud de la pir\u00e1mide demogr\u00e1fica espa\u00f1ola depende de los que vienen de fuera. Como escribi\u00f3 el dramaturgo suizo Friedrich D\u00fcrrenmatt: \u201cTristes estos tiempos en los que hay que luchar por lo obvio\u201d.<\/p>\n<p><span class=\"foto-texto\">FOTO:Inmigrantes hondure\u00f1os detenidos en EEUU tras saltar la valla en Tijuana.<\/span> <span class=\"foto-firma\"><span class=\"foto-autor\">Daniel Ochoa de Olza<\/span> <span class=\"foto-agencia\">AP<\/span><\/span><\/p>\n<p><a href=\"https:\/\/elpais.com\/elpais\/2018\/12\/26\/opinion\/1545847944_598534.html\">https:\/\/elpais.com\/elpais\/2018\/12\/26\/opinion\/1545847944_598534.html<\/a><\/p>\n<\/div>\n","protected":false},"excerpt":{"rendered":"<p>Solo la colaboraci\u00f3n internacional humanizar\u00e1 las migraciones<\/p>\n","protected":false},"author":1,"featured_media":0,"comment_status":"closed","ping_status":"closed","sticky":false,"template":"","format":"standard","meta":{"_coblocks_attr":"","_coblocks_dimensions":"","_coblocks_responsive_height":"","_coblocks_accordion_ie_support":"","jetpack_post_was_ever_published":false,"_jetpack_newsletter_access":"","_jetpack_dont_email_post_to_subs":false,"_jetpack_newsletter_tier_id":0,"_jetpack_memberships_contains_paywalled_content":false,"_jetpack_memberships_contains_paid_content":false,"footnotes":"","jetpack_publicize_message":"","jetpack_publicize_feature_enabled":true,"jetpack_social_post_already_shared":false,"jetpack_social_options":{"image_generator_settings":{"template":"highway","default_image_id":0,"enabled":false},"version":2}},"categories":[1161,44,15],"tags":[906,969],"class_list":["post-27990","post","type-post","status-publish","format-standard","hentry","category-ciudadania","category-noticias-de-hoy","category-ultimas-noticias","tag-acuerdos","tag-emigracion"],"jetpack_publicize_connections":[],"jetpack_featured_media_url":"","jetpack_likes_enabled":true,"jetpack_sharing_enabled":true,"_links":{"self":[{"href":"https:\/\/miradordeatarfe.es\/index.php?rest_route=\/wp\/v2\/posts\/27990","targetHints":{"allow":["GET"]}}],"collection":[{"href":"https:\/\/miradordeatarfe.es\/index.php?rest_route=\/wp\/v2\/posts"}],"about":[{"href":"https:\/\/miradordeatarfe.es\/index.php?rest_route=\/wp\/v2\/types\/post"}],"author":[{"embeddable":true,"href":"https:\/\/miradordeatarfe.es\/index.php?rest_route=\/wp\/v2\/users\/1"}],"replies":[{"embeddable":true,"href":"https:\/\/miradordeatarfe.es\/index.php?rest_route=%2Fwp%2Fv2%2Fcomments&post=27990"}],"version-history":[{"count":1,"href":"https:\/\/miradordeatarfe.es\/index.php?rest_route=\/wp\/v2\/posts\/27990\/revisions"}],"predecessor-version":[{"id":27991,"href":"https:\/\/miradordeatarfe.es\/index.php?rest_route=\/wp\/v2\/posts\/27990\/revisions\/27991"}],"wp:attachment":[{"href":"https:\/\/miradordeatarfe.es\/index.php?rest_route=%2Fwp%2Fv2%2Fmedia&parent=27990"}],"wp:term":[{"taxonomy":"category","embeddable":true,"href":"https:\/\/miradordeatarfe.es\/index.php?rest_route=%2Fwp%2Fv2%2Fcategories&post=27990"},{"taxonomy":"post_tag","embeddable":true,"href":"https:\/\/miradordeatarfe.es\/index.php?rest_route=%2Fwp%2Fv2%2Ftags&post=27990"}],"curies":[{"name":"wp","href":"https:\/\/api.w.org\/{rel}","templated":true}]}}