{"id":28006,"date":"2018-12-29T11:42:48","date_gmt":"2018-12-29T10:42:48","guid":{"rendered":"http:\/\/miradordeatarfe.es\/?p=28006"},"modified":"2020-12-25T17:36:02","modified_gmt":"2020-12-25T16:36:02","slug":"navidades-pasadas-y-presentes-por-jose-vaquero-sanchez","status":"publish","type":"post","link":"https:\/\/miradordeatarfe.es\/?p=28006","title":{"rendered":"\u00abNAVIDADES PASADAS Y PRESENTES\u00bb por Jos\u00e9 Vaquero Sanchez"},"content":{"rendered":"<p style=\"text-align: justify;\">Amigos de Facebook: os inserto en el muro una reflexi\u00f3n que he hecho sobre las navidades de ayer y las de hoy. Analizo la evoluci\u00f3n de estas fiestas, comparando las que yo viv\u00eda en mi ni\u00f1ez y juventud con las actuales. Creo que el voraz consumismo lo ha transformado todo, amenazando las ra\u00edces cristianas de nuestra Navidad. <!--more--><\/p>\n<p style=\"text-align: justify;\">Seguidamente, mi meditaci\u00f3n:<\/p>\n<p style=\"text-align: justify;\">Soy un sexagenario que a\u00f1ora con fuerza las navidades de mi ni\u00f1ez y juventud en comparaci\u00f3n con las actuales. Eran tiempos de necesidades econ\u00f3micas, pero de v\u00ednculos familiares m\u00e1s s\u00f3lidos y firmes que los de hoy.<\/p>\n<p style=\"text-align: justify;\">Las mercanc\u00edas exhibidas en la Plaza de Bib-Rambla anunciaban la proximidad de las fiestas. Pod\u00edan comprarse en ella desde flores de pascua, abetos y pinos hasta figuritas de belenes, instrumentos musicales de navidad, juguetes de lat\u00f3n e incluso, pavos vivos. Las celebraciones se viv\u00edan de una forma entra\u00f1able y hogare\u00f1a, sin opulencia ni lujos. La TV en color a\u00fan no hab\u00eda aparecido y los comercios, tambi\u00e9n familiares, no nos bombardeaban pregonando machaconamente sus productos. Tampoco nos hac\u00edamos regalos innecesarios unos a otros, y todav\u00eda no exist\u00edan dispositivos tecnol\u00f3gicos que nos entontecieran, entorpeciendo nuestras conversaciones o relaciones. Nos conform\u00e1bamos con poco, era lo que hab\u00eda, pero est\u00e1bamos envueltos en un especial halo de calor humano.<\/p>\n<p style=\"text-align: justify;\">\nViv\u00edamos esos d\u00edas con alegr\u00eda e ilusi\u00f3n. Sencillos belenes y humildes adornos decoraban nuestras viviendas. En ellas se combinaban los sones de zambombas, panderetas, carra\u00f1acas y almireces con los c\u00e1nticos de animados villancicos al Ni\u00f1o-Dios. Y, tras la cena de Nochebuena, sabore\u00e1bamos unos ricos mantecados y polvorones que, sabiamente, hab\u00eda escondido nuestra madre, para que llegaran \u00edntegros a Navidad.<\/p>\n<p style=\"text-align: justify;\">En esos d\u00edas, los ni\u00f1os recorr\u00edamos los domicilios de los familiares para recoger el aguinaldo. Pap\u00e1 Noel a\u00fan no nos visitaba y los Reyes Magos eran esperados con ansia. Sab\u00edamos que no habr\u00eda m\u00e1s juguetes hasta que volviesen al a\u00f1o siguiente.<\/p>\n<p style=\"text-align: justify;\">\nHoy nada es lo mismo. Todo est\u00e1 contaminado por un feroz consumismo que nos ha atrapado como esclavos. La Navidad comienza en los grandes supermercados unos meses antes de que llegue. Cuando lo hace realmente, todo el mundo est\u00e1 ya harto de consumir. Comidas, cenas, regalos\u2026 Todo se resume en comprar m\u00e1s para consumir m\u00e1s, en muchas ocasiones, productos que no son necesarios. Los villancicos enlatados se escuchan, pero no se cantan, y los ni\u00f1os, atiborrados de juguetes, ya no saben qu\u00e9 pedirle ni a Pap\u00e1 Noel ni a los Reyes Magos.<\/p>\n<p style=\"text-align: justify;\">Nos estamos equivocando en la forma de vivir estas fiestas, necesitamos vivirlas de otro modo, por ello pido al Ni\u00f1o-Dios que nos anime en estos tiempos tan dif\u00edciles que nos ha tocado vivir y que nos ayude a recuperar la esperanza e ilusi\u00f3n perdidas, que no se recobran consumiendo, sino rescatando aquellos valores que nos engrandecen por lo que somos y hacemos, no por lo que tenemos. El dinero y el poder lo corrompen todo, no permitamos que tambi\u00e9n pudran las ra\u00edces de nuestra Navidad. Seamos o no creyentes, no podemos consentir que nos arrebaten la dicha de vivir humana y entra\u00f1ablemente estas fiestas. Paz y felicidad a todos.<\/p>\n","protected":false},"excerpt":{"rendered":"<p>Amigos de Facebook: os inserto en el muro una reflexi\u00f3n que he hecho sobre las&#8230;<\/p>\n","protected":false},"author":1,"featured_media":28007,"comment_status":"closed","ping_status":"closed","sticky":false,"template":"","format":"standard","meta":{"_coblocks_attr":"","_coblocks_dimensions":"","_coblocks_responsive_height":"","_coblocks_accordion_ie_support":"","jetpack_post_was_ever_published":false,"_jetpack_newsletter_access":"","_jetpack_dont_email_post_to_subs":false,"_jetpack_newsletter_tier_id":0,"_jetpack_memberships_contains_paywalled_content":false,"_jetpack_memberships_contains_paid_content":false,"footnotes":"","jetpack_publicize_message":"","jetpack_publicize_feature_enabled":true,"jetpack_social_post_already_shared":false,"jetpack_social_options":{"image_generator_settings":{"template":"highway","default_image_id":0,"enabled":false},"version":2}},"categories":[2,1161,7926,44,15],"tags":[1974,3417],"class_list":["post-28006","post","type-post","status-publish","format-standard","has-post-thumbnail","hentry","category-atarfe","category-ciudadania","category-opinion-de-jose-vaquero","category-noticias-de-hoy","category-ultimas-noticias","tag-consumismo","tag-navidades"],"jetpack_publicize_connections":[],"jetpack_featured_media_url":"https:\/\/i0.wp.com\/miradordeatarfe.es\/wp-content\/uploads\/2018\/12\/Portal-Belen_TINIMA20121224_0233_5.jpg?fit=627%2C352&ssl=1","jetpack_likes_enabled":true,"jetpack_sharing_enabled":true,"_links":{"self":[{"href":"https:\/\/miradordeatarfe.es\/index.php?rest_route=\/wp\/v2\/posts\/28006","targetHints":{"allow":["GET"]}}],"collection":[{"href":"https:\/\/miradordeatarfe.es\/index.php?rest_route=\/wp\/v2\/posts"}],"about":[{"href":"https:\/\/miradordeatarfe.es\/index.php?rest_route=\/wp\/v2\/types\/post"}],"author":[{"embeddable":true,"href":"https:\/\/miradordeatarfe.es\/index.php?rest_route=\/wp\/v2\/users\/1"}],"replies":[{"embeddable":true,"href":"https:\/\/miradordeatarfe.es\/index.php?rest_route=%2Fwp%2Fv2%2Fcomments&post=28006"}],"version-history":[{"count":1,"href":"https:\/\/miradordeatarfe.es\/index.php?rest_route=\/wp\/v2\/posts\/28006\/revisions"}],"predecessor-version":[{"id":28008,"href":"https:\/\/miradordeatarfe.es\/index.php?rest_route=\/wp\/v2\/posts\/28006\/revisions\/28008"}],"wp:featuredmedia":[{"embeddable":true,"href":"https:\/\/miradordeatarfe.es\/index.php?rest_route=\/wp\/v2\/media\/28007"}],"wp:attachment":[{"href":"https:\/\/miradordeatarfe.es\/index.php?rest_route=%2Fwp%2Fv2%2Fmedia&parent=28006"}],"wp:term":[{"taxonomy":"category","embeddable":true,"href":"https:\/\/miradordeatarfe.es\/index.php?rest_route=%2Fwp%2Fv2%2Fcategories&post=28006"},{"taxonomy":"post_tag","embeddable":true,"href":"https:\/\/miradordeatarfe.es\/index.php?rest_route=%2Fwp%2Fv2%2Ftags&post=28006"}],"curies":[{"name":"wp","href":"https:\/\/api.w.org\/{rel}","templated":true}]}}