{"id":28009,"date":"2018-12-30T08:15:06","date_gmt":"2018-12-30T07:15:06","guid":{"rendered":"http:\/\/miradordeatarfe.es\/?p=28009"},"modified":"2018-12-28T17:19:20","modified_gmt":"2018-12-28T16:19:20","slug":"los-diez-hitos-de-la-ciencia-en-2018","status":"publish","type":"post","link":"https:\/\/miradordeatarfe.es\/?p=28009","title":{"rendered":"Los diez hitos de la ciencia en 2018"},"content":{"rendered":"<p class=\"articulo-subtitulo\">De los beb\u00e9s a la carta en China al descubrimiento de agua en Marte, estas son las diez noticias de ciencia m\u00e1s relevantes que deja el a\u00f1o<!--more--><\/p>\n<div id=\"cuerpo_noticia\" class=\"articulo-cuerpo\">\n<p>La ciencia nos ha regalado este 2018 un nuevo objeto geom\u00e9trico, la confirmaci\u00f3n de que en Marte hay agua l\u00edquida (con lo que eso implica para la posible existencia de vida) y dos tratamientos pioneros que prometen revolucionar la lucha contra el c\u00e1ncer y las enfermedades motoras. Tambi\u00e9n nos ha proporcionado <em>munici\u00f3n<\/em> para buscar respuestas sobre nuestros or\u00edgenes y ha desafiado nuestro reinado al revelar que hay una m\u00e1quina que puede jugar a los juegos de mesa m\u00e1s complicados del mundo sin saber antes c\u00f3mo hacerlo. Sin embargo, la ciencia tambi\u00e9n ha desvelado su lado oscuro al revelar la <em>creaci\u00f3n<\/em> de los dos primeros beb\u00e9s modificados gen\u00e9ticamente, sin control y sin el visto bueno de las autoridades y la comunidad cient\u00edfica. Estas son las diez noticias m\u00e1s relevantes del a\u00f1o para la redacci\u00f3n de <a href=\"https:\/\/elpais.com\/elpais\/ciencia.html\"><em>Materia<\/em><\/a>.<\/p>\n<section id=\"sumario_1|fototextos\" class=\"sumario sumario_fototextos centro\"><a name=\"sumario_1\"><\/a><\/p>\n<div class=\"sumario__interior\">\n<div class=\"fototextos\">\n<figure class=\"foto foto_w140\"><a class=\"enlace\" href=\"https:\/\/elpais.com\/elpais\/2018\/11\/26\/ciencia\/1543224768_174686.html\"> <img data-recalc-dims=\"1\" decoding=\"async\" src=\"https:\/\/i0.wp.com\/ep01.epimg.net\/elpais\/imagenes\/2018\/12\/26\/ciencia\/1545819087_671512_1545819404_sumariofototexto_normal.jpg?w=640&#038;ssl=1\" srcset=\"\/\/ep01.epimg.net\/elpais\/imagenes\/2018\/12\/26\/ciencia\/1545819087_671512_1545819404_sumariofototexto_normal_recorte1.jpg 280w, \/\/ep01.epimg.net\/elpais\/imagenes\/2018\/12\/26\/ciencia\/1545819087_671512_1545819404_sumariofototexto_normal.jpg 140w\" \/> <\/a><\/figure>\n<div class=\"sumario-texto\">\n<h3><a class=\"enlace\" href=\"https:\/\/elpais.com\/elpais\/2018\/11\/26\/ciencia\/1543224768_174686.html\">Los beb\u00e9s a la carta de He Jiankui<\/a><\/h3>\n<p>El investigador chino\u00a0He Jiankui revolucionaba a la comunidad cient\u00edfica el pasado noviembre al anunciar que hab\u00eda creado los primeros beb\u00e9s gen\u00e9ticamente modificados, dos ni\u00f1as que habr\u00edan nacido\u00a0con un gen mutado para hacerlas resistentes al virus causante del sida.<\/p>\n<\/div>\n<\/div>\n<div class=\"fototextos\">\n<figure class=\"foto foto_w140\"><a class=\"enlace\" href=\"https:\/\/elpais.com\/elpais\/2018\/08\/22\/ciencia\/1534955666_091393.html\"> <img data-recalc-dims=\"1\" decoding=\"async\" src=\"https:\/\/i0.wp.com\/ep01.epimg.net\/elpais\/imagenes\/2018\/12\/26\/ciencia\/1545819087_671512_1545820193_sumariofototexto_normal.jpg?w=640&#038;ssl=1\" srcset=\"\/\/ep01.epimg.net\/elpais\/imagenes\/2018\/12\/26\/ciencia\/1545819087_671512_1545820193_sumariofototexto_normal_recorte1.jpg 280w, \/\/ep01.epimg.net\/elpais\/imagenes\/2018\/12\/26\/ciencia\/1545819087_671512_1545820193_sumariofototexto_normal.jpg 140w\" \/> <\/a><\/figure>\n<div class=\"sumario-texto\">\n<h3><a class=\"enlace\" href=\"https:\/\/elpais.com\/elpais\/2018\/08\/22\/ciencia\/1534955666_091393.html\">La primera ni\u00f1a &#8216;h\u00edbrida&#8217;<\/a><\/h3>\n<p>Hace m\u00e1s de 50.000 a\u00f1os, una mujer neandertal y un hombre denisovano tuvieron una ni\u00f1a. En agosto supimos que un grupo de investigadores hab\u00eda encontrado en una cueva siberiana los restos de la ni\u00f1a h\u00edbrida, que tendr\u00eda unos 13 a\u00f1os cuando muri\u00f3, la primera de la que tenemos noticia.<\/p>\n<\/div>\n<\/div>\n<div class=\"fototextos\">\n<figure class=\"foto foto_w140\"><a class=\"enlace\" href=\"https:\/\/elpais.com\/elpais\/2018\/06\/14\/ciencia\/1528993373_282818.html\"> <img data-recalc-dims=\"1\" decoding=\"async\" src=\"https:\/\/i0.wp.com\/ep01.epimg.net\/elpais\/imagenes\/2018\/12\/26\/ciencia\/1545819087_671512_1545820360_sumariofototexto_normal.jpg?w=640&#038;ssl=1\" srcset=\"\/\/ep01.epimg.net\/elpais\/imagenes\/2018\/12\/26\/ciencia\/1545819087_671512_1545820360_sumariofototexto_normal_recorte1.jpg 280w, \/\/ep01.epimg.net\/elpais\/imagenes\/2018\/12\/26\/ciencia\/1545819087_671512_1545820360_sumariofototexto_normal.jpg 140w\" \/> <\/a><\/figure>\n<div class=\"sumario-texto\">\n<h3><a class=\"enlace\" href=\"https:\/\/elpais.com\/elpais\/2018\/06\/14\/ciencia\/1528993373_282818.html\">Una terapia experimental elimina la met\u00e1stasis<\/a><\/h3>\n<p>Judy Perkins sufr\u00eda un tumor de mama con met\u00e1stasis. Los m\u00e9dicos le daban dos meses de vida. Casi cuatro a\u00f1os despu\u00e9s est\u00e1 viva y lleva dos a\u00f1os y medio sin rastro de c\u00e1ncer gracias a un autotrasplante de sus propios linfocitos. Su caso se ha convertido en una esperanza para una nueva inmunoterapia\u00a0contra los tipos de c\u00e1ncer m\u00e1s letales<\/p>\n<\/div>\n<\/div>\n<div class=\"fototextos\">\n<figure class=\"foto foto_w140\"><a class=\"enlace\" href=\"https:\/\/elpais.com\/elpais\/2018\/09\/20\/ciencia\/1537456289_128396.html\"> <img data-recalc-dims=\"1\" decoding=\"async\" src=\"https:\/\/i0.wp.com\/ep01.epimg.net\/elpais\/imagenes\/2018\/12\/26\/ciencia\/1545819087_671512_1545820756_sumariofototexto_normal.jpg?w=640&#038;ssl=1\" srcset=\"\/\/ep01.epimg.net\/elpais\/imagenes\/2018\/12\/26\/ciencia\/1545819087_671512_1545820756_sumariofototexto_normal_recorte1.jpg 280w, \/\/ep01.epimg.net\/elpais\/imagenes\/2018\/12\/26\/ciencia\/1545819087_671512_1545820756_sumariofototexto_normal.jpg 140w\" \/> <\/a><\/figure>\n<div class=\"sumario-texto\">\n<h3><a class=\"enlace\" href=\"https:\/\/elpais.com\/elpais\/2018\/09\/20\/ciencia\/1537456289_128396.html\">Este es el animal m\u00e1s antiguo que conocemos<\/a><\/h3>\n<p>Se llama Dickinsonia, y ha sido descrito como el animal m\u00e1s antiguo que conocemos, ya que data de hace entre 571 y 541 millones de a\u00f1os.\u00a0Algunos expertos creen que este tipo de f\u00f3siles eran l\u00edquenes, otros que se trataba de seres unicelulares gigantes, y otros animales marinos de aguas c\u00e1lidas y poco profundas.<\/p>\n<\/div>\n<\/div>\n<div class=\"fototextos\">\n<figure class=\"foto foto_w140\"><a class=\"enlace\" href=\"https:\/\/elpais.com\/elpais\/2018\/12\/05\/ciencia\/1544007034_265553.html\"> <img data-recalc-dims=\"1\" decoding=\"async\" src=\"https:\/\/i0.wp.com\/ep01.epimg.net\/elpais\/imagenes\/2018\/12\/26\/ciencia\/1545819087_671512_1545821219_sumariofototexto_normal.jpg?w=640&#038;ssl=1\" srcset=\"\/\/ep01.epimg.net\/elpais\/imagenes\/2018\/12\/26\/ciencia\/1545819087_671512_1545821219_sumariofototexto_normal_recorte1.jpg 280w, \/\/ep01.epimg.net\/elpais\/imagenes\/2018\/12\/26\/ciencia\/1545819087_671512_1545821219_sumariofototexto_normal.jpg 140w\" \/> <\/a><\/figure>\n<div class=\"sumario-texto\">\n<h3><a class=\"enlace\" href=\"https:\/\/elpais.com\/elpais\/2018\/12\/05\/ciencia\/1544007034_265553.html\">La m\u00e1quina que se ense\u00f1a a s\u00ed misma a ganar<\/a><\/h3>\n<p>DeepMind, la divisi\u00f3n de inteligencia artificial de Google, ha conseguido este a\u00f1o un nuevo hito en la historia de la inteligencia artificial: ha presentado AlphaZero,\u00a0un programa que ya es invencible en ajedrez, shogi y go, y que lo ha logrado sin\u00a0ayuda ni ejemplos de jugadores reales.<\/p>\n<\/div>\n<\/div>\n<div class=\"fototextos\">\n<figure class=\"foto foto_w140\"><a class=\"enlace\" href=\"https:\/\/elpais.com\/elpais\/2018\/10\/31\/ciencia\/1541008081_883017.html\"> <img data-recalc-dims=\"1\" decoding=\"async\" src=\"https:\/\/i0.wp.com\/ep01.epimg.net\/elpais\/imagenes\/2018\/12\/26\/ciencia\/1545819087_671512_1545824078_sumariofototexto_normal.jpg?w=640&#038;ssl=1\" srcset=\"\/\/ep01.epimg.net\/elpais\/imagenes\/2018\/12\/26\/ciencia\/1545819087_671512_1545824078_sumariofototexto_normal_recorte1.jpg 280w, \/\/ep01.epimg.net\/elpais\/imagenes\/2018\/12\/26\/ciencia\/1545819087_671512_1545824078_sumariofototexto_normal.jpg 140w\" \/> <\/a><\/figure>\n<div class=\"sumario-texto\">\n<h3><a class=\"enlace\" href=\"https:\/\/elpais.com\/elpais\/2018\/10\/31\/ciencia\/1541008081_883017.html\">Tres parapl\u00e9jicos vuelven a caminar gracias a un implante<\/a><\/h3>\n<p>Esta nueva t\u00e9cnica cient\u00edfica primero <a href=\"https:\/\/elpais.com\/elpais\/2014\/09\/26\/ciencia\/1411731242_894168.html\" target=\"_blank\" rel=\"noopener\">demostr\u00f3 su \u00e9xito en ratas<\/a> en 2014, despu\u00e9s funcion\u00f3 <a href=\"https:\/\/www.nature.com\/news\/brain-implants-allow-paralysed-monkeys-to-walk-1.20967\" target=\"_blank\" rel=\"noopener\">en monos<\/a> en 2016 y ahora llega a los seres humanos. Un equipo suizo\u00a0ha implantado electrodos en la zona lumbar de la m\u00e9dula espinal de tres parapl\u00e9jicos y han conseguido que caminen de nuevo.<\/p>\n<\/div>\n<\/div>\n<div class=\"fototextos\">\n<figure class=\"foto foto_w140\"><a class=\"enlace\" href=\"https:\/\/elpais.com\/elpais\/2018\/07\/25\/ciencia\/1532520813_122165.html\"> <img data-recalc-dims=\"1\" decoding=\"async\" src=\"https:\/\/i0.wp.com\/ep01.epimg.net\/elpais\/imagenes\/2018\/12\/26\/ciencia\/1545819087_671512_1545821757_sumariofototexto_normal.jpg?w=640&#038;ssl=1\" srcset=\"\/\/ep01.epimg.net\/elpais\/imagenes\/2018\/12\/26\/ciencia\/1545819087_671512_1545821758_sumariofototexto_normal_recorte1.jpg 280w, \/\/ep01.epimg.net\/elpais\/imagenes\/2018\/12\/26\/ciencia\/1545819087_671512_1545821757_sumariofototexto_normal.jpg 140w\" \/> <\/a><\/figure>\n<div class=\"sumario-texto\">\n<h3><a class=\"enlace\" href=\"https:\/\/elpais.com\/elpais\/2018\/07\/25\/ciencia\/1532520813_122165.html\">Un lago de agua se esconde bajo el hielo de Marte<\/a><\/h3>\n<p>2018 ha sido el a\u00f1o en el que hemos logrado constatar la existencia de agua l\u00edquida en Marte.\u00a0La masa de agua ha sido detectada, bajo el hielo, con el radar a bordo de la sonda europea <em>Mars Express,<\/em> tras una b\u00fasqueda de a\u00f1os.<\/p>\n<\/div>\n<\/div>\n<div class=\"fototextos\">\n<figure class=\"foto foto_w140\"><a class=\"enlace\" href=\"https:\/\/elpais.com\/elpais\/2018\/09\/13\/ciencia\/1536835009_069991.html\"> <img data-recalc-dims=\"1\" decoding=\"async\" src=\"https:\/\/i0.wp.com\/ep01.epimg.net\/elpais\/imagenes\/2018\/12\/26\/ciencia\/1545819087_671512_1545822179_sumariofototexto_normal.jpg?w=640&#038;ssl=1\" srcset=\"\/\/ep01.epimg.net\/elpais\/imagenes\/2018\/12\/26\/ciencia\/1545819087_671512_1545822179_sumariofototexto_normal_recorte1.jpg 280w, \/\/ep01.epimg.net\/elpais\/imagenes\/2018\/12\/26\/ciencia\/1545819087_671512_1545822179_sumariofototexto_normal.jpg 140w\" \/> <\/a><\/figure>\n<div class=\"sumario-texto\">\n<h3><a class=\"enlace\" href=\"https:\/\/elpais.com\/elpais\/2018\/09\/13\/ciencia\/1536835009_069991.html\">El dibujo m\u00e1s antiguo<\/a><\/h3>\n<p>Investigadores europeos y africanos desvelaron en septiembre que hab\u00edan hallado en una cueva de Sud\u00e1frica el que \u2014 dicen\u2014 es el dibujo m\u00e1s antiguo hecho por manos humanas. Se trata de nueve l\u00edneas rojas pintadas con ocre sobre un fragmento de piedra silcreta de algo m\u00e1s de dos cent\u00edmetros de largo. Tiene una antig\u00fcedad de entre\u00a070.000 y 100.000 a\u00f1os.<\/p>\n<\/div>\n<\/div>\n<div class=\"fototextos\">\n<figure class=\"foto foto_w140\"><a class=\"enlace\" href=\"https:\/\/elpais.com\/elpais\/2018\/07\/30\/ciencia\/1532938371_705599.html\"> <img data-recalc-dims=\"1\" decoding=\"async\" src=\"https:\/\/i0.wp.com\/ep01.epimg.net\/elpais\/imagenes\/2018\/12\/26\/ciencia\/1545819087_671512_1545822756_sumariofototexto_normal.jpg?w=640&#038;ssl=1\" srcset=\"\/\/ep01.epimg.net\/elpais\/imagenes\/2018\/12\/26\/ciencia\/1545819087_671512_1545822756_sumariofototexto_normal_recorte1.jpg 280w, \/\/ep01.epimg.net\/elpais\/imagenes\/2018\/12\/26\/ciencia\/1545819087_671512_1545822756_sumariofototexto_normal.jpg 140w\" \/> <\/a><\/figure>\n<div class=\"sumario-texto\">\n<h3><a class=\"enlace\" href=\"https:\/\/elpais.com\/elpais\/2018\/07\/30\/ciencia\/1532938371_705599.html\">Escutoides: un nuevo objeto geom\u00e9trico descrito en Espa\u00f1a<\/a><\/h3>\n<p>\u00abQuedan much\u00edsimas cosas que descubrir en matem\u00e1ticas porque cada vez que encontramos la respuesta a un problema, en general, aparece un ramillete maravilloso de nuevas preguntas\u00bb. Lo contaba la matem\u00e1tica Clara Grima al describir\u00a0la forma en la que se agrupan algunas c\u00e9lulas de nuestro cuerpo, reci\u00e9n descubierta.<\/p>\n<\/div>\n<\/div>\n<div class=\"fototextos\">\n<figure class=\"foto foto_w140\"><a class=\"enlace\" href=\"https:\/\/elpais.com\/elpais\/2018\/11\/13\/ciencia\/1542109733_360096.html\"> <img data-recalc-dims=\"1\" decoding=\"async\" src=\"https:\/\/i0.wp.com\/ep01.epimg.net\/elpais\/imagenes\/2018\/12\/26\/ciencia\/1545819087_671512_1545822944_sumariofototexto_normal.jpg?w=640&#038;ssl=1\" srcset=\"\/\/ep01.epimg.net\/elpais\/imagenes\/2018\/12\/26\/ciencia\/1545819087_671512_1545822944_sumariofototexto_normal_recorte1.jpg 280w, \/\/ep01.epimg.net\/elpais\/imagenes\/2018\/12\/26\/ciencia\/1545819087_671512_1545822944_sumariofototexto_normal.jpg 140w\" \/> <\/a><\/figure>\n<div class=\"sumario-texto\">\n<h3><a class=\"enlace\" href=\"https:\/\/elpais.com\/elpais\/2018\/11\/13\/ciencia\/1542109733_360096.html\">El kilo se redefine<\/a><\/h3>\n<p>A partir del a\u00f1o que viene, la unidad de masa que define el kilo no ser\u00e1 un objeto f\u00edsico, sino un valor derivado de una constante de la naturaleza.\u00a0El kilogramo era la \u00faltima unidad fundamental cuya definici\u00f3n todav\u00eda depend\u00eda de la magnitud de un objeto f\u00edsico,\u00a0encerrado con tres llaves en el s\u00f3tano del Pabell\u00f3n de Breteuil a las afueras de Par\u00eds.<\/p>\n<p><span class=\"foto-texto\">FOTO: El parapl\u00e9jico David Mzee se levanta y camina, en una composici\u00f3n fotogr\u00e1fica, tras serle implantado un electrodo. <\/span> <span class=\"foto-firma\"><span class=\"foto-autor\">EPFL<\/span><\/span><\/p>\n<p><a href=\"https:\/\/elpais.com\/elpais\/2018\/12\/26\/ciencia\/1545819087_671512.html\">https:\/\/elpais.com\/elpais\/2018\/12\/26\/ciencia\/1545819087_671512.html<\/a><\/p>\n<\/div>\n<\/div>\n<\/div>\n<\/section>\n<\/div>\n","protected":false},"excerpt":{"rendered":"<p>De los beb\u00e9s a la carta en China al descubrimiento de agua en Marte, estas&#8230;<\/p>\n","protected":false},"author":1,"featured_media":28010,"comment_status":"closed","ping_status":"closed","sticky":false,"template":"","format":"standard","meta":{"_coblocks_attr":"","_coblocks_dimensions":"","_coblocks_responsive_height":"","_coblocks_accordion_ie_support":"","jetpack_post_was_ever_published":false,"_jetpack_newsletter_access":"","_jetpack_dont_email_post_to_subs":false,"_jetpack_newsletter_tier_id":0,"_jetpack_memberships_contains_paywalled_content":false,"_jetpack_memberships_contains_paid_content":false,"footnotes":"","jetpack_publicize_message":"","jetpack_publicize_feature_enabled":true,"jetpack_social_post_already_shared":false,"jetpack_social_options":{"image_generator_settings":{"template":"highway","default_image_id":0,"enabled":false},"version":2}},"categories":[186,9,44,15],"tags":[4505,53],"class_list":["post-28009","post","type-post","status-publish","format-standard","has-post-thumbnail","hentry","category-instituciones","category-medio-ambiente","category-noticias-de-hoy","category-ultimas-noticias","tag-4505","tag-ciencia"],"jetpack_publicize_connections":[],"jetpack_featured_media_url":"https:\/\/i0.wp.com\/miradordeatarfe.es\/wp-content\/uploads\/2018\/12\/1545819087_671512_1545823902_noticia_normal_recorte1.jpg?fit=1960%2C1104&ssl=1","jetpack_likes_enabled":true,"jetpack_sharing_enabled":true,"_links":{"self":[{"href":"https:\/\/miradordeatarfe.es\/index.php?rest_route=\/wp\/v2\/posts\/28009","targetHints":{"allow":["GET"]}}],"collection":[{"href":"https:\/\/miradordeatarfe.es\/index.php?rest_route=\/wp\/v2\/posts"}],"about":[{"href":"https:\/\/miradordeatarfe.es\/index.php?rest_route=\/wp\/v2\/types\/post"}],"author":[{"embeddable":true,"href":"https:\/\/miradordeatarfe.es\/index.php?rest_route=\/wp\/v2\/users\/1"}],"replies":[{"embeddable":true,"href":"https:\/\/miradordeatarfe.es\/index.php?rest_route=%2Fwp%2Fv2%2Fcomments&post=28009"}],"version-history":[{"count":1,"href":"https:\/\/miradordeatarfe.es\/index.php?rest_route=\/wp\/v2\/posts\/28009\/revisions"}],"predecessor-version":[{"id":28011,"href":"https:\/\/miradordeatarfe.es\/index.php?rest_route=\/wp\/v2\/posts\/28009\/revisions\/28011"}],"wp:featuredmedia":[{"embeddable":true,"href":"https:\/\/miradordeatarfe.es\/index.php?rest_route=\/wp\/v2\/media\/28010"}],"wp:attachment":[{"href":"https:\/\/miradordeatarfe.es\/index.php?rest_route=%2Fwp%2Fv2%2Fmedia&parent=28009"}],"wp:term":[{"taxonomy":"category","embeddable":true,"href":"https:\/\/miradordeatarfe.es\/index.php?rest_route=%2Fwp%2Fv2%2Fcategories&post=28009"},{"taxonomy":"post_tag","embeddable":true,"href":"https:\/\/miradordeatarfe.es\/index.php?rest_route=%2Fwp%2Fv2%2Ftags&post=28009"}],"curies":[{"name":"wp","href":"https:\/\/api.w.org\/{rel}","templated":true}]}}