{"id":2801,"date":"2015-07-10T06:44:27","date_gmt":"2015-07-10T06:44:27","guid":{"rendered":"http:\/\/miradordeatarfe.es\/?p=2801"},"modified":"2015-07-11T11:04:26","modified_gmt":"2015-07-11T11:04:26","slug":"2801","status":"publish","type":"post","link":"https:\/\/miradordeatarfe.es\/?p=2801","title":{"rendered":"VIDEOS PARA EDUCAR LA INTELIGENCIA EMOCIONAL"},"content":{"rendered":"<div class=\"text-content\">\n<p><strong>Educar la <a href=\"http:\/\/lamenteesmaravillosa.com\/que-es-realmente-la-inteligencia-emocional\/\">inteligencia emocional<\/a> de nuestros ni\u00f1os es una tarea necesaria y esencial para que crezcan sanos y fuertes.<\/strong> Si bien la educaci\u00f3n emocional debe trabajarse durante toda la vida, lo cierto es que en la infancia debemos fortalecerla especialmente, ya que esto favorecer a la adquisici\u00f3n y el desarrollo del resto de aprendizajes vitales<\/p>\n<p><!--more--><\/p>\n<p>As\u00ed, el objetivo principal es conseguir que nuestros ni\u00f1os <strong>sientan placer al sentir y demostrar sus propias emociones.<\/strong> A su vez, lograremos cimentar la base de una <a href=\"http:\/\/lamenteesmaravillosa.com\/el-arte-de-comprender-emociones-la-empatia\/\">actitud emp\u00e1tica<\/a> que desarrolle el resto de valores y la identidad emocional.<\/p>\n<p>En la imagen siguiente, elaborada por la Escuela de Superpadres, os acercamos algunos consejos que os pueden ser de ayuda para gestionar las emociones de manera positiva.<\/p>\n<p><a href=\"https:\/\/i0.wp.com\/lamenteesmaravillosa.com\/wp-content\/uploads\/2015\/07\/Educandoemociones.png\"><img data-recalc-dims=\"1\" loading=\"lazy\" decoding=\"async\" class=\"  wp-image-17737 aligncenter\" src=\"https:\/\/i0.wp.com\/static.lamenteesmaravillosa.com\/wp-content\/uploads\/2015\/07\/Educandoemociones-315x420.png?resize=397%2C529\" alt=\"Educandoemociones\" width=\"397\" height=\"529\" \/><\/a><\/p>\n<p>Para realizar esta labor, <strong>una manera sencilla, directa y cercana de educar en emociones es a trav\u00e9s de los cuentos.<\/strong> Las historietas, los dibujos y los v\u00eddeos pretenden facilitar un di\u00e1logo que nuestros ni\u00f1os y ni\u00f1as pueden comprender muy bien.<\/p>\n<p>Adem\u00e1s, ya que un cuento es una forma m\u00e1s de juego, la interacci\u00f3n con ellos educando en valores y emociones es mucho m\u00e1s c\u00f3moda para el adulto, ya que el peso de la actuaci\u00f3n recae en el atractivo gui\u00f3n que el relato tiene para el ni\u00f1o.<\/p>\n<p>As\u00ed, a continuaci\u00f3n <strong>os exponemos una peque\u00f1a de recopilaci\u00f3n de videocuentos<\/strong>\u00a0que nos ayudar\u00e1n a trabajar las emociones con nuestros ni\u00f1os:<\/p>\n<h2>De 0 a 6 a\u00f1os<\/h2>\n<h4><\/h4>\n<h4><strong>1. El pez arcoiris.<\/strong><\/h4>\n<p>Arcoiris es un pez muy hermoso, el m\u00e1s hermoso del oc\u00e9ano. Sin embargo, se siente muy solo y muy triste. \u00bfPor qu\u00e9 los dem\u00e1s no quieren jugar con \u00e9l? Con este cuento ense\u00f1aremos <strong>el valor de la humildad y la importancia de compartir.<\/strong><\/p>\n<div class=\"jetpack-video-wrapper\"><iframe loading=\"lazy\" title=\"EL PEZ ARCOIRIS\" width=\"640\" height=\"480\" src=\"https:\/\/www.youtube.com\/embed\/lMYbmKXK5NA?feature=oembed\" frameborder=\"0\" allow=\"accelerometer; autoplay; clipboard-write; encrypted-media; gyroscope; picture-in-picture; web-share\" referrerpolicy=\"strict-origin-when-cross-origin\" allowfullscreen><\/iframe><\/div>\n<h4><\/h4>\n<h4><strong>2. Cuando estoy enfadado.<\/strong><\/h4>\n<p>Los ni\u00f1os necesitan comprender que el enfado no es malo en s\u00ed mismo, sino que lo malo es hacer da\u00f1o a los dem\u00e1s con su enfado. Por eso, con este bonito cuento de Beatriz Moreno, <strong>ense\u00f1aremos a nuestros ni\u00f1os a gestionar su enfado.\u00a0<\/strong><\/p>\n<div class=\"jetpack-video-wrapper\"><iframe loading=\"lazy\" title=\"EL PEZ ARCOIRIS\" width=\"640\" height=\"480\" src=\"https:\/\/www.youtube.com\/embed\/lMYbmKXK5NA?feature=oembed\" frameborder=\"0\" allow=\"accelerometer; autoplay; clipboard-write; encrypted-media; gyroscope; picture-in-picture; web-share\" referrerpolicy=\"strict-origin-when-cross-origin\" allowfullscreen><\/iframe><\/div>\n<h4><strong>3. Paula y su pelo multicolor<\/strong><\/h4>\n<p>Con este bonito cuento de Carmen Parets podremos trabajar la gesti\u00f3n de emociones como <strong>la alegr\u00eda, la tristeza, el miedo o el enfado.\u00a0<\/strong>Adem\u00e1s, aqu\u00ed tenemos posibilidad de acceder a actividades adicionales \u00a0gratuitas para trabajar con nuestros ni\u00f1os. Encu\u00e9ntralas en su p\u00e1gina de<\/p>\n<p>Facebook: <a href=\"https:\/\/www.facebook.com\/paulaysucabellomulticolor\">Paulaysupelomulticolor<\/a>.<\/p>\n<div class=\"jetpack-video-wrapper\"><iframe loading=\"lazy\" title=\"Paula y su cabello multicolor de Carmen Parets - EMOCIONES - EDUCACI\u00d3N EMOCIONAL\" width=\"640\" height=\"360\" src=\"https:\/\/www.youtube.com\/embed\/K4Zk7p7FN0k?feature=oembed\" frameborder=\"0\" allow=\"accelerometer; autoplay; clipboard-write; encrypted-media; gyroscope; picture-in-picture; web-share\" referrerpolicy=\"strict-origin-when-cross-origin\" allowfullscreen><\/iframe><\/div>\n<h2>De 6 a 12 a\u00f1os.<\/h2>\n<h4><strong>4. Un beso antes de desayunar.<\/strong><\/h4>\n<p>Con este cuento ense\u00f1aremos a nuestros ni\u00f1os el valor de los buenos sentimientos, de la ternura, de las buenas acciones y del cari\u00f1o.<\/p>\n<div class=\"centered\"><\/div>\n<div class=\"centered\"><\/div>\n<div class=\"jetpack-video-wrapper\"><iframe loading=\"lazy\" title=\"Un beso antes de desayunar. mp4. CEIP EL ENEBRAL\" width=\"640\" height=\"360\" src=\"https:\/\/www.youtube.com\/embed\/SNpuis6zkGA?feature=oembed\" frameborder=\"0\" allow=\"accelerometer; autoplay; clipboard-write; encrypted-media; gyroscope; picture-in-picture; web-share\" referrerpolicy=\"strict-origin-when-cross-origin\" allowfullscreen><\/iframe><\/div>\n<h4><\/h4>\n<h4><strong>5. La flor m\u00e1s grande del mundo.<\/strong><\/h4>\n<p>Este relato de Jos\u00e9 Saramago nos ayuda a trabaja los conceptos de Solidaridad y de Belleza. En un mundo en el que prevalece el ego\u00edsmo, la falta de solidaridad y de amor a la vida, este cuento destaca valores esenciales que se consiguen invitando al ni\u00f1o a viajar en su interior, d\u00e1ndole unsentido a su vida y ofreci\u00e9ndole la posibilidad de reencontrarse a s\u00ed mismo en su infancia.<\/p>\n<p>https:\/\/youtu.be\/SGliynI_UGc<\/p>\n<h4><\/h4>\n<h4><strong>6. El monstruo de los colores.<\/strong><\/h4>\n<p><strong>Ay\u00fadales a conocer sus emociones<\/strong> con este es el v\u00eddeo del cuento \u201cEl monstruo de colores\u201d de\u00a0Anna Llenas.<\/p>\n<div class=\"jetpack-video-wrapper\"><iframe loading=\"lazy\" title=\"cuento EL MONSTRUO DE LOS COLORES\" width=\"640\" height=\"480\" src=\"https:\/\/www.youtube.com\/embed\/BjjB4xYnAXA?feature=oembed\" frameborder=\"0\" allow=\"accelerometer; autoplay; clipboard-write; encrypted-media; gyroscope; picture-in-picture; web-share\" referrerpolicy=\"strict-origin-when-cross-origin\" allowfullscreen><\/iframe><\/div>\n<h2>De 12 a 18 a\u00f1os<\/h2>\n<h4><\/h4>\n<h4><strong>7. Palabras en el aire.<\/strong><\/h4>\n<p>El cuento palabras en el aire Sylvain Vincendeau nos ayuda a educar <strong>el valor de aceptar y expresar nuestros sentimientos y emociones.<\/strong><\/p>\n<div class=\"jetpack-video-wrapper\"><iframe loading=\"lazy\" title=\"Paroles en l air (Palabras en el aire) Sylvain Vincendeau\" width=\"640\" height=\"480\" src=\"https:\/\/www.youtube.com\/embed\/Z3fCNSR3m8M?feature=oembed\" frameborder=\"0\" allow=\"accelerometer; autoplay; clipboard-write; encrypted-media; gyroscope; picture-in-picture; web-share\" referrerpolicy=\"strict-origin-when-cross-origin\" allowfullscreen><\/iframe><\/div>\n<h4><strong>8. \u00bfQu\u00e9 somos capaces de hacer por amor?<\/strong><\/h4>\n<p>Este corto fue ganador de un \u00d3scar en 2009. Con \u00e9l podremos trabajar el amor y la incondicionalidad, valores y emociones que es importante cultivar.<\/p>\n<div class=\"jetpack-video-wrapper\"><iframe loading=\"lazy\" title=\"Oktapodi (2007) - Oscar 2009 Animated Short Film\" width=\"640\" height=\"360\" src=\"https:\/\/www.youtube.com\/embed\/badHUNl2HXU?feature=oembed\" frameborder=\"0\" allow=\"accelerometer; autoplay; clipboard-write; encrypted-media; gyroscope; picture-in-picture; web-share\" referrerpolicy=\"strict-origin-when-cross-origin\" allowfullscreen><\/iframe><\/div>\n<h4><strong>9. Abrazos<\/strong><\/h4>\n<p>En el coraz\u00f3n de Sud\u00e1frica, Nandi y su hija Mbali viven solas y trabajan muy duro en los campos. Un d\u00eda, su rutina se ver\u00e1 interrumpida por algo que les cambiar\u00e1 la vida para siempre\u2026 Basado en el cuento popular africano\u00a0\u201cEl \u00e1rbol Umdoni\u201d, este v\u00eddeocuento <strong>nos ayudar\u00e1 a trabajar la compasi\u00f3n, el amor, el esfuerzo y la entrega como valores indispensables en nuestra vida. \u00a0<\/strong><\/p>\n<p><em>Imagen destacada de Suzanne Woolcott<\/em><\/p>\n<p><em>Recopilaci\u00f3n de cuentos realizada por <a href=\"http:\/\/ineverycrea.net\/\">http:\/\/ineverycrea.net\/<\/a><\/em><\/p>\n<p>&nbsp;<\/p>\n<\/div>\n<div class=\"centered\"><\/div>\n","protected":false},"excerpt":{"rendered":"<p>Educar la inteligencia emocional de nuestros ni\u00f1os es una tarea necesaria y esencial para que&#8230;<\/p>\n","protected":false},"author":1,"featured_media":2878,"comment_status":"closed","ping_status":"closed","sticky":false,"template":"","format":"standard","meta":{"_coblocks_attr":"","_coblocks_dimensions":"","_coblocks_responsive_height":"","_coblocks_accordion_ie_support":"","jetpack_post_was_ever_published":false,"_jetpack_newsletter_access":"","_jetpack_dont_email_post_to_subs":false,"_jetpack_newsletter_tier_id":0,"_jetpack_memberships_contains_paywalled_content":false,"_jetpack_memberships_contains_paid_content":false,"footnotes":"","jetpack_publicize_message":"","jetpack_publicize_feature_enabled":true,"jetpack_social_post_already_shared":false,"jetpack_social_options":{"image_generator_settings":{"template":"highway","default_image_id":0,"enabled":false},"version":2}},"categories":[9,15],"tags":[413,1004,213],"class_list":["post-2801","post","type-post","status-publish","format-standard","has-post-thumbnail","hentry","category-medio-ambiente","category-ultimas-noticias","tag-amor","tag-comprension","tag-emociones"],"jetpack_publicize_connections":[],"jetpack_featured_media_url":"https:\/\/i0.wp.com\/miradordeatarfe.es\/wp-content\/uploads\/2015\/07\/EMOCIO.jpg?fit=298%2C169&ssl=1","jetpack_likes_enabled":true,"jetpack_sharing_enabled":true,"_links":{"self":[{"href":"https:\/\/miradordeatarfe.es\/index.php?rest_route=\/wp\/v2\/posts\/2801","targetHints":{"allow":["GET"]}}],"collection":[{"href":"https:\/\/miradordeatarfe.es\/index.php?rest_route=\/wp\/v2\/posts"}],"about":[{"href":"https:\/\/miradordeatarfe.es\/index.php?rest_route=\/wp\/v2\/types\/post"}],"author":[{"embeddable":true,"href":"https:\/\/miradordeatarfe.es\/index.php?rest_route=\/wp\/v2\/users\/1"}],"replies":[{"embeddable":true,"href":"https:\/\/miradordeatarfe.es\/index.php?rest_route=%2Fwp%2Fv2%2Fcomments&post=2801"}],"version-history":[{"count":4,"href":"https:\/\/miradordeatarfe.es\/index.php?rest_route=\/wp\/v2\/posts\/2801\/revisions"}],"predecessor-version":[{"id":2880,"href":"https:\/\/miradordeatarfe.es\/index.php?rest_route=\/wp\/v2\/posts\/2801\/revisions\/2880"}],"wp:featuredmedia":[{"embeddable":true,"href":"https:\/\/miradordeatarfe.es\/index.php?rest_route=\/wp\/v2\/media\/2878"}],"wp:attachment":[{"href":"https:\/\/miradordeatarfe.es\/index.php?rest_route=%2Fwp%2Fv2%2Fmedia&parent=2801"}],"wp:term":[{"taxonomy":"category","embeddable":true,"href":"https:\/\/miradordeatarfe.es\/index.php?rest_route=%2Fwp%2Fv2%2Fcategories&post=2801"},{"taxonomy":"post_tag","embeddable":true,"href":"https:\/\/miradordeatarfe.es\/index.php?rest_route=%2Fwp%2Fv2%2Ftags&post=2801"}],"curies":[{"name":"wp","href":"https:\/\/api.w.org\/{rel}","templated":true}]}}