{"id":28012,"date":"2018-12-30T11:00:10","date_gmt":"2018-12-30T10:00:10","guid":{"rendered":"http:\/\/miradordeatarfe.es\/?p=28012"},"modified":"2018-12-29T22:52:26","modified_gmt":"2018-12-29T21:52:26","slug":"atarfe-anecdotario-leve-desatencion-del-monumento-al-sagrado-corazon-de-jesus-de-atarfe","status":"publish","type":"post","link":"https:\/\/miradordeatarfe.es\/?p=28012","title":{"rendered":"Atarfe anecdotario: LEVE DESATENCI\u00d3N DEL MONUMENTO AL SAGRADO CORAZ\u00d3N DE JES\u00daS DE ATARFE."},"content":{"rendered":"<div class=\"_1qkq _1ql0\">\n<div id=\"content_container\">\n<div>\n<div class=\"clearfix\">\n<div id=\"js_4l\" class=\"_2pie _14i5 _1qkq _1qkx\" role=\"main\">\n<div id=\"pagelet_timeline_main_column\">\n<div id=\"id_5c27d663123853983411622\" data-referrer=\"id_5c27d663123853983411622\">\n<div>\n<div id=\"u_jsonp_5_m\">\n<div class=\"_1xnd\">\n<div class=\"_1xnd\">\n<div class=\"_1xnd\">\n<div class=\"_4-u2 _4-u8\">\n<div class=\"_427x\">\n<div id=\"u_32_3\" class=\"_4-u2 mbm _4mrt _5jmm _5pat _5v3q _7cqq _4-u8\" role=\"article\" data-fte=\"1\" data-ftr=\"1\" aria-labelledby=\"js_7r\" aria-describedby=\"js_7s js_7t\" data-insertion-position=\"5\">\n<div id=\"u_32_e\" class=\"_3ccb\" data-ft=\"{&quot;tn&quot;:&quot;-R&quot;}\" data-gt=\"{&quot;type&quot;:&quot;click2canvas&quot;,&quot;fbsource&quot;:703,&quot;ref&quot;:&quot;nf_generic&quot;}\">\n<div class=\"_5pcr userContentWrapper\" data-ft=\"{&quot;tn&quot;:&quot;-R&quot;}\">\n<div class=\"_1dwg _1w_m _q7o\">\n<div>\n<div id=\"js_7t\" class=\"_5pbx userContent _3576\" data-ad-preview=\"message\" data-ft=\"{&quot;tn&quot;:&quot;K&quot;}\">\n<div id=\"id_5c27d66b6887d7f07323710\" class=\"text_exposed_root text_exposed\">efiri\u00e9ndonos al aspecto material y sin entrar en detalles art\u00edsticos\/hist\u00f3ricos, hoy nos ocuparemos del leve deterioro que sufre el monumento al Sagrado Coraz\u00f3n de Jes\u00fas de Atarfe.<!--more-->A saber, seg\u00fan el dise\u00f1o creado por el arquitecto que ide\u00f3 el monumento D. Juan Hofer, el monumento se estructura en varios sillares y la imagen dividida en tres partes: Baja (cintura a pies), alta (cintura a<span class=\"text_exposed_show\"> cabeza) y mano derecha.<\/span><\/p>\n<div class=\"text_exposed_show\">\n<p>Pues bien, se puede apreciar en la parte baja delantera de la imagen, como est\u00e1 rota la piedra en dos lugares distintos, concretamente los pliegues de la t\u00fanica que est\u00e1n justo en el corte de uni\u00f3n de las partes baja\/alta del cuerpo.<\/p>\n<p>En los sillares, faltan letras y n\u00fameros en la inscripci\u00f3n conmemorativa (al parecer estas letras y n\u00fameros est\u00e1n guardados para que no se pierdan).<\/p>\n<p>En la parte delantera de los sillares, est\u00e1 la cita b\u00edblica \u201cYo soy el Se\u00f1or\u201d. Si observamos atentamente, veremos que entre \u201cEl -(X)- Se\u00f1or\u201d, ha sido dibujada en la piedra una calavera cruzada por huesos al estilo bandera pirata.<\/p>\n<p>Creemos deber\u00eda ser arreglada, borrado el inapropiado dibujo, limpiada y repuesta la inscripci\u00f3n de la imagen del Sagrado Coraz\u00f3n de Jes\u00fas.<\/p>\n<p>Si cuidamos Atarfe, mostraremos nuestra grandeza.<\/p>\n<p>Atarfe anecdotario: <a href=\"https:\/\/www.facebook.com\/atarfeanecdotario?__xts__%5B0%5D=68.ARAqp1PhN4FSFWzDox5j_vc0oRq-SdvHWbGRWLGzIjS3iFvUizYNi_xksXXeDztpdnFrR-eLHqU9n95JkHJNExtcMCpogAfXtluD2yGULIG9tM-8B9GuXuxxceSfH6_fQv2sY2ZE9s7UR_JeyyjKctcirDacIlwfNSyIceCrwpY4GShkNJwQFz8UYPhsIRxHxyqgf2zXpEO3yRy3AeUzNMxAMZIObz_vAowv06dcPp59bIN2a8BqI3z45XIu7RxgLisky9qKGGzpfg4UEZ15PLzdkuIohKVhoA_BvU_bF0ZPYMUsd2TKt63pZw5-P_pdZwuMNcHKjPNw4reKakW2ZbK254i3&amp;__tn__=-UK-R\" data-ft=\"{&quot;tn&quot;:&quot;-U&quot;}\">https:\/\/www.facebook.com\/atarfeanecdotario<\/a><\/p>\n<p><a href=\"https:\/\/i0.wp.com\/miradordeatarfe.es\/wp-content\/uploads\/2018\/12\/13423804_1758494494366471_8461022214945962387_n.jpg?ssl=1\"><img data-recalc-dims=\"1\" loading=\"lazy\" decoding=\"async\" class=\"alignnone size-full wp-image-28013\" src=\"https:\/\/i0.wp.com\/miradordeatarfe.es\/wp-content\/uploads\/2018\/12\/13423804_1758494494366471_8461022214945962387_n.jpg?resize=640%2C547&#038;ssl=1\" alt=\"\" width=\"640\" height=\"547\" srcset=\"https:\/\/i0.wp.com\/miradordeatarfe.es\/wp-content\/uploads\/2018\/12\/13423804_1758494494366471_8461022214945962387_n.jpg?w=657&amp;ssl=1 657w, https:\/\/i0.wp.com\/miradordeatarfe.es\/wp-content\/uploads\/2018\/12\/13423804_1758494494366471_8461022214945962387_n.jpg?resize=300%2C257&amp;ssl=1 300w, https:\/\/i0.wp.com\/miradordeatarfe.es\/wp-content\/uploads\/2018\/12\/13423804_1758494494366471_8461022214945962387_n.jpg?resize=600%2C513&amp;ssl=1 600w\" sizes=\"auto, (max-width: 640px) 100vw, 640px\" \/><\/a><\/p>\n<\/div>\n<\/div>\n<\/div>\n<\/div>\n<\/div>\n<\/div>\n<\/div>\n<\/div>\n<\/div>\n<\/div>\n<\/div>\n<\/div>\n<\/div>\n<\/div>\n<\/div>\n<\/div>\n<\/div>\n<\/div>\n<\/div>\n<\/div>\n<\/div>\n<\/div>\n<p><a href=\"https:\/\/i0.wp.com\/miradordeatarfe.es\/wp-content\/uploads\/2018\/12\/13418820_1758494474366473_277662937714539730_n.jpg?ssl=1\"><img data-recalc-dims=\"1\" loading=\"lazy\" decoding=\"async\" class=\"alignnone size-full wp-image-28015\" src=\"https:\/\/i0.wp.com\/miradordeatarfe.es\/wp-content\/uploads\/2018\/12\/13418820_1758494474366473_277662937714539730_n.jpg?resize=640%2C495&#038;ssl=1\" alt=\"\" width=\"640\" height=\"495\" srcset=\"https:\/\/i0.wp.com\/miradordeatarfe.es\/wp-content\/uploads\/2018\/12\/13418820_1758494474366473_277662937714539730_n.jpg?w=960&amp;ssl=1 960w, https:\/\/i0.wp.com\/miradordeatarfe.es\/wp-content\/uploads\/2018\/12\/13418820_1758494474366473_277662937714539730_n.jpg?resize=300%2C232&amp;ssl=1 300w, https:\/\/i0.wp.com\/miradordeatarfe.es\/wp-content\/uploads\/2018\/12\/13418820_1758494474366473_277662937714539730_n.jpg?resize=768%2C594&amp;ssl=1 768w, https:\/\/i0.wp.com\/miradordeatarfe.es\/wp-content\/uploads\/2018\/12\/13418820_1758494474366473_277662937714539730_n.jpg?resize=600%2C464&amp;ssl=1 600w\" sizes=\"auto, (max-width: 640px) 100vw, 640px\" \/><\/a><\/p>\n<p><a href=\"https:\/\/i0.wp.com\/miradordeatarfe.es\/wp-content\/uploads\/2018\/12\/13419191_1758494457699808_125015375459774576_n.jpg?ssl=1\"><img data-recalc-dims=\"1\" loading=\"lazy\" decoding=\"async\" class=\"alignnone size-full wp-image-28016\" src=\"https:\/\/i0.wp.com\/miradordeatarfe.es\/wp-content\/uploads\/2018\/12\/13419191_1758494457699808_125015375459774576_n.jpg?resize=640%2C624&#038;ssl=1\" alt=\"\" width=\"640\" height=\"624\" srcset=\"https:\/\/i0.wp.com\/miradordeatarfe.es\/wp-content\/uploads\/2018\/12\/13419191_1758494457699808_125015375459774576_n.jpg?w=746&amp;ssl=1 746w, https:\/\/i0.wp.com\/miradordeatarfe.es\/wp-content\/uploads\/2018\/12\/13419191_1758494457699808_125015375459774576_n.jpg?resize=300%2C292&amp;ssl=1 300w, https:\/\/i0.wp.com\/miradordeatarfe.es\/wp-content\/uploads\/2018\/12\/13419191_1758494457699808_125015375459774576_n.jpg?resize=600%2C585&amp;ssl=1 600w\" sizes=\"auto, (max-width: 640px) 100vw, 640px\" \/><\/a><\/p>\n<p>&nbsp;<\/p>\n","protected":false},"excerpt":{"rendered":"<p>efiri\u00e9ndonos al aspecto material y sin entrar en detalles art\u00edsticos\/hist\u00f3ricos, hoy nos ocuparemos del leve&#8230;<\/p>\n","protected":false},"author":1,"featured_media":0,"comment_status":"closed","ping_status":"closed","sticky":false,"template":"","format":"standard","meta":{"_coblocks_attr":"","_coblocks_dimensions":"","_coblocks_responsive_height":"","_coblocks_accordion_ie_support":"","jetpack_post_was_ever_published":false,"_jetpack_newsletter_access":"","_jetpack_dont_email_post_to_subs":false,"_jetpack_newsletter_tier_id":0,"_jetpack_memberships_contains_paywalled_content":false,"_jetpack_memberships_contains_paid_content":false,"footnotes":"","jetpack_publicize_message":"","jetpack_publicize_feature_enabled":true,"jetpack_social_post_already_shared":false,"jetpack_social_options":{"image_generator_settings":{"template":"highway","default_image_id":0,"enabled":false},"version":2}},"categories":[2,12,1225,186,44,15],"tags":[81,1072],"class_list":["post-28012","post","type-post","status-publish","format-standard","hentry","category-atarfe","category-cultura","category-ha-de-atarfe","category-instituciones","category-noticias-de-hoy","category-ultimas-noticias","tag-atarfe","tag-sagrado-corazon"],"jetpack_publicize_connections":[],"jetpack_featured_media_url":"","jetpack_likes_enabled":true,"jetpack_sharing_enabled":true,"_links":{"self":[{"href":"https:\/\/miradordeatarfe.es\/index.php?rest_route=\/wp\/v2\/posts\/28012","targetHints":{"allow":["GET"]}}],"collection":[{"href":"https:\/\/miradordeatarfe.es\/index.php?rest_route=\/wp\/v2\/posts"}],"about":[{"href":"https:\/\/miradordeatarfe.es\/index.php?rest_route=\/wp\/v2\/types\/post"}],"author":[{"embeddable":true,"href":"https:\/\/miradordeatarfe.es\/index.php?rest_route=\/wp\/v2\/users\/1"}],"replies":[{"embeddable":true,"href":"https:\/\/miradordeatarfe.es\/index.php?rest_route=%2Fwp%2Fv2%2Fcomments&post=28012"}],"version-history":[{"count":1,"href":"https:\/\/miradordeatarfe.es\/index.php?rest_route=\/wp\/v2\/posts\/28012\/revisions"}],"predecessor-version":[{"id":28017,"href":"https:\/\/miradordeatarfe.es\/index.php?rest_route=\/wp\/v2\/posts\/28012\/revisions\/28017"}],"wp:attachment":[{"href":"https:\/\/miradordeatarfe.es\/index.php?rest_route=%2Fwp%2Fv2%2Fmedia&parent=28012"}],"wp:term":[{"taxonomy":"category","embeddable":true,"href":"https:\/\/miradordeatarfe.es\/index.php?rest_route=%2Fwp%2Fv2%2Fcategories&post=28012"},{"taxonomy":"post_tag","embeddable":true,"href":"https:\/\/miradordeatarfe.es\/index.php?rest_route=%2Fwp%2Fv2%2Ftags&post=28012"}],"curies":[{"name":"wp","href":"https:\/\/api.w.org\/{rel}","templated":true}]}}