{"id":28023,"date":"2018-12-31T11:11:03","date_gmt":"2018-12-31T10:11:03","guid":{"rendered":"http:\/\/miradordeatarfe.es\/?p=28023"},"modified":"2018-12-31T11:12:38","modified_gmt":"2018-12-31T10:12:38","slug":"el-cartero-real-llega-a-atarfe-los-dias-3-y-4","status":"publish","type":"post","link":"https:\/\/miradordeatarfe.es\/?p=28023","title":{"rendered":"El  Cartero Real llega a ATARFE LOS DIAS 3 Y 4"},"content":{"rendered":"<p><span class=\"titular\">A modo de antesala de la cabalgata de Reyes Magos que tendr\u00e1 lugar el pr\u00f3ximo 5 de enero, el Cartero Real estar\u00e1 en Atarfe los dias 3 y 4 de 17 a 19h para <strong>repartir ilusi\u00f3n y recoger las cartas de los ni\u00f1os <\/strong>de la localidad ATARFE\u00d1A.<\/span><!--more--><\/p>\n<p>Hasta el d\u00eda 4 de enero, en horario de 17.00 a 19.00 horas, <strong>el Cartero Real estar\u00e1 presente en el CENTRO CULTURAL MEDINA ELVIRA DE AYTARFE\u00a0 donde\u00a0<\/strong> <strong>los m\u00e1s peque\u00f1os podr\u00e1n escribir sus cartas junto a sus familiares<\/strong>, con unas misivas especiales llegadas de Oriente hasta el Mercado de Correos.<\/p>\n<p>Todos los a\u00f1os miles de ni\u00f1os en nuestro pa\u00eds y parte del extranjero preparan con ensue\u00f1o la <b>carta de regalos<\/b> para ser enviada a los Reyes Magos.<\/p>\n<p>Durante los d\u00edas de Navidad tienen cuidado de acordarse de todos aquellos presentes que desean, no solamente para ellos mismos, sino tambi\u00e9n para sus seres queridos, y los escriben en dicha carta con mucho esmero e ilusi\u00f3n. Sin embargo, cuando se dirigen a entregarla no se encuentran con los tres Reyes Magos de Oriente ni con uno de ellos, sino que en su lugar <b>se encuentra un paje<\/b>, vestido de un modo similar a ellos, quienes les sienta en sus rodillas, escucha sus peticiones, se guarda su carta y les regala un caramelo.<\/p>\n<p>En muchas ocasiones los m\u00e1s peque\u00f1os se preguntan qui\u00e9n es dicho personaje y este no es nada m\u00e1s ni nada menos que el encargado de recoger nuestra lista de deseos y hacerla llegar a los Tres Reyes para que cumplan su magia como cada a\u00f1o.<\/p>\n<p>A pocos d\u00edas de que los Reyes Magos llenen de felicidad y regalos los hogares de miles y miles de ni\u00f1os y mayores, los encargados de recoger sus peticiones ya se encuentran distribuidos en diferentes ubicaciones para recibir las cartas con los deseos acumulados a lo largo del a\u00f1o. Como no pod\u00eda ser de otra manera, en ATARFE se encuentra instalado un <strong>Cartero Real<\/strong> los dias 3 y 4\u00a0 en el centro cultura MEDINA ELVIRA, acumulando todas esas peticiones para hac\u00e9rselas llegar a Sus Majestades. TE ESPERAMOS.<\/p>\n<p>&nbsp;<\/p>\n<div id=\"intext_osp\"><a href=\"https:\/\/i0.wp.com\/miradordeatarfe.es\/wp-content\/uploads\/2018\/12\/49342441_2266431773376279_2798517015520739328_n.jpg?ssl=1\"><img data-recalc-dims=\"1\" loading=\"lazy\" decoding=\"async\" class=\"alignnone size-full wp-image-28025\" src=\"https:\/\/i0.wp.com\/miradordeatarfe.es\/wp-content\/uploads\/2018\/12\/49342441_2266431773376279_2798517015520739328_n.jpg?resize=640%2C441&#038;ssl=1\" alt=\"\" width=\"640\" height=\"441\" srcset=\"https:\/\/i0.wp.com\/miradordeatarfe.es\/wp-content\/uploads\/2018\/12\/49342441_2266431773376279_2798517015520739328_n.jpg?w=960&amp;ssl=1 960w, https:\/\/i0.wp.com\/miradordeatarfe.es\/wp-content\/uploads\/2018\/12\/49342441_2266431773376279_2798517015520739328_n.jpg?resize=300%2C207&amp;ssl=1 300w, https:\/\/i0.wp.com\/miradordeatarfe.es\/wp-content\/uploads\/2018\/12\/49342441_2266431773376279_2798517015520739328_n.jpg?resize=768%2C530&amp;ssl=1 768w, https:\/\/i0.wp.com\/miradordeatarfe.es\/wp-content\/uploads\/2018\/12\/49342441_2266431773376279_2798517015520739328_n.jpg?resize=600%2C414&amp;ssl=1 600w\" sizes=\"auto, (max-width: 640px) 100vw, 640px\" \/><\/a><\/div>\n<div id=\"sc-ava-6012704\"><\/div>\n<div id=\"sc-ava-5406335\"><\/div>\n<div class=\"imgnctxt\"><\/div>\n<p>&nbsp;<\/p>\n","protected":false},"excerpt":{"rendered":"<p>A modo de antesala de la cabalgata de Reyes Magos que tendr\u00e1 lugar el pr\u00f3ximo&#8230;<\/p>\n","protected":false},"author":1,"featured_media":28026,"comment_status":"closed","ping_status":"closed","sticky":false,"template":"","format":"standard","meta":{"_coblocks_attr":"","_coblocks_dimensions":"","_coblocks_responsive_height":"","_coblocks_accordion_ie_support":"","jetpack_post_was_ever_published":false,"_jetpack_newsletter_access":"","_jetpack_dont_email_post_to_subs":false,"_jetpack_newsletter_tier_id":0,"_jetpack_memberships_contains_paywalled_content":false,"_jetpack_memberships_contains_paid_content":false,"footnotes":"","jetpack_publicize_message":"","jetpack_publicize_feature_enabled":true,"jetpack_social_post_already_shared":false,"jetpack_social_options":{"image_generator_settings":{"template":"highway","default_image_id":0,"enabled":false},"version":2}},"categories":[2,186,9,44,15],"tags":[81,5607,1925,1924],"class_list":["post-28023","post","type-post","status-publish","format-standard","has-post-thumbnail","hentry","category-atarfe","category-instituciones","category-medio-ambiente","category-noticias-de-hoy","category-ultimas-noticias","tag-atarfe","tag-caetero-real","tag-regalos","tag-reyes-magos"],"jetpack_publicize_connections":[],"jetpack_featured_media_url":"https:\/\/i0.wp.com\/miradordeatarfe.es\/wp-content\/uploads\/2018\/12\/CARTERO-REAL.jpg?fit=475%2C223&ssl=1","jetpack_likes_enabled":true,"jetpack_sharing_enabled":true,"_links":{"self":[{"href":"https:\/\/miradordeatarfe.es\/index.php?rest_route=\/wp\/v2\/posts\/28023","targetHints":{"allow":["GET"]}}],"collection":[{"href":"https:\/\/miradordeatarfe.es\/index.php?rest_route=\/wp\/v2\/posts"}],"about":[{"href":"https:\/\/miradordeatarfe.es\/index.php?rest_route=\/wp\/v2\/types\/post"}],"author":[{"embeddable":true,"href":"https:\/\/miradordeatarfe.es\/index.php?rest_route=\/wp\/v2\/users\/1"}],"replies":[{"embeddable":true,"href":"https:\/\/miradordeatarfe.es\/index.php?rest_route=%2Fwp%2Fv2%2Fcomments&post=28023"}],"version-history":[{"count":2,"href":"https:\/\/miradordeatarfe.es\/index.php?rest_route=\/wp\/v2\/posts\/28023\/revisions"}],"predecessor-version":[{"id":28027,"href":"https:\/\/miradordeatarfe.es\/index.php?rest_route=\/wp\/v2\/posts\/28023\/revisions\/28027"}],"wp:featuredmedia":[{"embeddable":true,"href":"https:\/\/miradordeatarfe.es\/index.php?rest_route=\/wp\/v2\/media\/28026"}],"wp:attachment":[{"href":"https:\/\/miradordeatarfe.es\/index.php?rest_route=%2Fwp%2Fv2%2Fmedia&parent=28023"}],"wp:term":[{"taxonomy":"category","embeddable":true,"href":"https:\/\/miradordeatarfe.es\/index.php?rest_route=%2Fwp%2Fv2%2Fcategories&post=28023"},{"taxonomy":"post_tag","embeddable":true,"href":"https:\/\/miradordeatarfe.es\/index.php?rest_route=%2Fwp%2Fv2%2Ftags&post=28023"}],"curies":[{"name":"wp","href":"https:\/\/api.w.org\/{rel}","templated":true}]}}