{"id":28032,"date":"2018-12-30T11:32:40","date_gmt":"2018-12-30T10:32:40","guid":{"rendered":"http:\/\/miradordeatarfe.es\/?p=28032"},"modified":"2020-06-26T13:28:47","modified_gmt":"2020-06-26T11:28:47","slug":"vaya-final-de-ano-por-juan-alfredo-bellon","status":"publish","type":"post","link":"https:\/\/miradordeatarfe.es\/?p=28032","title":{"rendered":"VAYA FINAL DE A\u00d1O  por JUAN ALFREDO BELL\u00d3N"},"content":{"rendered":"<p><i><b>VAYA FINAL DE A\u00d1O <\/b><\/i><i><b>por JUAN ALFREDO BELL\u00d3N <\/b><\/i><b>para EL MIRADOR DE ATARFE <\/b><b>del domingo 30-12-2018<\/b><!--more--><\/p>\n<p align=\"JUSTIFY\">Nunca se sabe demasiado bien c\u00f3mo reaccionar ante el fin de a\u00f1o. Bueno, conozco c\u00f3mo hacerlo t\u00f3picamente con el \u201c<i>pr\u00f3spero a\u00f1o nuevo\u201c<\/i> de las muletillas al uso (<i>felices Pascuas y pr\u00f3spero\u2026) <\/i>con que felicitamos a troche y moche a cognoscencias y amistades en los consabidos mensajes navide\u00f1os donde los buenos augurios de <i>pan, amor, dinero y fantas\u00eda <\/i>pierden pronto su sentido profundo, se vac\u00edan r\u00e1pidamente del otro navide\u00f1o y se transforman en un rito superficial como otros t\u00f3picos y repetidos frecuentes en la vida cotidiana como en aquel entierro donde todos empezaron manifestando al reci\u00e9n viudo <i>su m\u00e1s sentido p\u00e9same <\/i>y acabaron proponi\u00e9ndole comprarle el caballo asesino.<\/p>\n<p align=\"JUSTIFY\">Bueno pues as\u00ed mismo todos manifestamos a los cuatro vientos en Navidad la intenci\u00f3n decidida de amar al pr\u00f3jimo y de sentirnos solidarios con \u00e9l aunque muy superficialmente, haciendo toda clase de restricciones mentales de orden socioecon\u00f3mico, racial, cultural, pol\u00edtico, religioso, etc. y todo acaba qued\u00e1ndose en intenciones inconcretas y vagorosas que terminan por evaporarse antes de que cante el gallo o <i>se gi\u00f1e el caganet, <\/i>como saben perfectamente Oriol Junqueras, Puigdemont y Quim Torra. Y esto es lo que acaba ocurriendo en las distancias largas, porque en las cortas, que son las m\u00e1s \u00edntimas de la pareja o el tr\u00edo y en las apreturas m\u00e1s cercanas del n\u00facleo familiar, caben los amores m\u00e1s desinteresados y las mezquindades m\u00e1s abyectas, sobre todo cuando pintan bastos o espadas o ambos palos a la vez,<\/p>\n<p align=\"JUSTIFY\">Hoy mismo, para no ir m\u00e1s lejos, me he encontrado por la calle Reyes Cat\u00f3licos a un compa\u00f1ero y, sin embargo, amigo que ha osado besarme doblemente en la mejilla, al saludo y a la despedida, con harto asombro de mi persona porque es un gesto que no ten\u00edamos ni ensayado ni frecuentado jam\u00e1s y, aunque nunca es tarde si la dicha es buena, su \u00f3sculo me ha sorprendido pero no me ha sabido ni a madrugador, ni a tard\u00edo, ni a especialmente agradable, por no mencionar a algunos miembros carnales y pol\u00edticos de la familia propia con quienes tengo que lidiar por ser las fiestas Navide\u00f1as.<\/p>\n<p align=\"JUSTIFY\">Tampoco entiendo la proliferaci\u00f3n exponencial de las d\u00e1divas y regalos navide\u00f1os con que la gente intenta captar nuestra voluntad, tanto si son regalos familiares donde impera un rid\u00edculo <i>do tu des,<\/i> que esconde un mont\u00f3n nada desde\u00f1able de mensajes en clave de quien no es muchas veces m\u00e1s que un simple conocimiento, como si son amigos invisibles, y muchas veces ninguna de ambas cosas, con quienes te intercambias una serie de regalos in\u00fatiles acompa\u00f1ados de unos textos sin gracia que m\u00e1s retratan al donante que al recipiente.<\/p>\n<p align=\"JUSTIFY\"><b> <\/b>Total que, como se estar\u00e1 viendo, no anda el horno para muchos bollos ni el talante para demasiadas florituras en este fin de a\u00f1o en que nadie tiene razones para ser demasiado feliz, ni siquiera la derechona autoritaria, si intenta presumir de haber doblegado a Andaluc\u00eda, porque seguramente llevar\u00e1 en el pecado la penitencia. Ni tampoco la izquierda filomarxista, a la que en su d\u00eda le llovi\u00f3 el Gobierno y ahora no se sabe si fue m\u00e1s favorable el disfrute de la lluvia que precipit\u00f3 el pecado o el pago de la pena anexa a la penitencia. Sobre todo si vemos pulular por los aleda\u00f1os de la felicidad relativa a toda una caterva de personajes de esta jacarandosa Corte de los Milagros que ha retrocedido a lo mejor del siglo XIX y que nos recuerdan a Riego, como el Comisario Villarejo, a la Princesa Corina y a ciertos militares metidos a pol\u00edticos; a los Reyes bobos y listos, pr\u00f3digos y castizos; a las Infantas desli\u00f1adas y felices o infelices pero simp\u00e1ticas; a los ministros que inventaron c\u00f3mo orde\u00f1ar mejor la vaca de la naci\u00f3n; a los eclesi\u00e1sticos que aprendieron a medrar escondi\u00e9ndose tras el Vaticano y a toda una legi\u00f3n de deportistas, toreros y artistas tanguistas que se nos presentan como si no les perteneciera la historia de sus vidas y generosamente nos la regalan desde los medios informativos y los programas de famoseo, exhibiendo sin pudor su vida y milagros. <span style=\"font-size: medium;\">Y en fin, un escenario francamente finisecular en el propio arranque del siglo XXI, como si fuera el fin de la centuria y la rueda del tiempo girase loca y descoyuntadas como si el mismo Cronos quisiera perpetrar su propia dislocaci\u00f3n hasta desaparecer y desaparecernos. \u00a1Viva 2019 y el siglo XXI que dicen que ser\u00e1 el de la Igualdad y de las mujeres!<\/span><\/p>\n","protected":false},"excerpt":{"rendered":"<p>VAYA FINAL DE A\u00d1O por JUAN ALFREDO BELL\u00d3N para EL MIRADOR DE ATARFE del domingo&#8230;<\/p>\n","protected":false},"author":1,"featured_media":0,"comment_status":"closed","ping_status":"closed","sticky":false,"template":"","format":"standard","meta":{"_coblocks_attr":"","_coblocks_dimensions":"","_coblocks_responsive_height":"","_coblocks_accordion_ie_support":"","jetpack_post_was_ever_published":false,"_jetpack_newsletter_access":"","_jetpack_dont_email_post_to_subs":false,"_jetpack_newsletter_tier_id":0,"_jetpack_memberships_contains_paywalled_content":false,"_jetpack_memberships_contains_paid_content":false,"footnotes":"","jetpack_publicize_message":"","jetpack_publicize_feature_enabled":true,"jetpack_social_post_already_shared":false,"jetpack_social_options":{"image_generator_settings":{"template":"highway","default_image_id":0,"enabled":false},"version":2}},"categories":[1161,36,9,44],"tags":[5609,3330,1179,1826],"class_list":["post-28032","post","type-post","status-publish","format-standard","hentry","category-ciudadania","category-opinion-de-juan-alfredo-bellon","category-medio-ambiente","category-noticias-de-hoy","tag-amigos-invisibles","tag-cenas","tag-familias","tag-navidad"],"jetpack_publicize_connections":[],"jetpack_featured_media_url":"","jetpack_likes_enabled":true,"jetpack_sharing_enabled":true,"_links":{"self":[{"href":"https:\/\/miradordeatarfe.es\/index.php?rest_route=\/wp\/v2\/posts\/28032","targetHints":{"allow":["GET"]}}],"collection":[{"href":"https:\/\/miradordeatarfe.es\/index.php?rest_route=\/wp\/v2\/posts"}],"about":[{"href":"https:\/\/miradordeatarfe.es\/index.php?rest_route=\/wp\/v2\/types\/post"}],"author":[{"embeddable":true,"href":"https:\/\/miradordeatarfe.es\/index.php?rest_route=\/wp\/v2\/users\/1"}],"replies":[{"embeddable":true,"href":"https:\/\/miradordeatarfe.es\/index.php?rest_route=%2Fwp%2Fv2%2Fcomments&post=28032"}],"version-history":[{"count":1,"href":"https:\/\/miradordeatarfe.es\/index.php?rest_route=\/wp\/v2\/posts\/28032\/revisions"}],"predecessor-version":[{"id":28034,"href":"https:\/\/miradordeatarfe.es\/index.php?rest_route=\/wp\/v2\/posts\/28032\/revisions\/28034"}],"wp:attachment":[{"href":"https:\/\/miradordeatarfe.es\/index.php?rest_route=%2Fwp%2Fv2%2Fmedia&parent=28032"}],"wp:term":[{"taxonomy":"category","embeddable":true,"href":"https:\/\/miradordeatarfe.es\/index.php?rest_route=%2Fwp%2Fv2%2Fcategories&post=28032"},{"taxonomy":"post_tag","embeddable":true,"href":"https:\/\/miradordeatarfe.es\/index.php?rest_route=%2Fwp%2Fv2%2Ftags&post=28032"}],"curies":[{"name":"wp","href":"https:\/\/api.w.org\/{rel}","templated":true}]}}