{"id":28292,"date":"2019-01-13T09:01:26","date_gmt":"2019-01-13T08:01:26","guid":{"rendered":"http:\/\/miradordeatarfe.es\/?p=28292"},"modified":"2019-01-09T16:06:59","modified_gmt":"2019-01-09T15:06:59","slug":"tik-tok-o-por-que-deberias-estar-ya-en-esta-red-social-que-arrasa","status":"publish","type":"post","link":"https:\/\/miradordeatarfe.es\/?p=28292","title":{"rendered":"Tik tok o por qu\u00e9 deber\u00edas estar ya en esta red social que arrasa"},"content":{"rendered":"<p style=\"text-align: justify;\">La aplicaci\u00f3n m\u00e1s descargada del 2018 lo ser\u00e1 tambi\u00e9n en 2019: tras su conquista de los m\u00e1s peque\u00f1os, prepara ahora su asalto al mundo adulto.<!--more--><\/p>\n<div class=\"content-area\">\n<header class=\"entry-header\">\n<p class=\"entry-title\">Tik tok o por qu\u00e9 deber\u00edas estar ya en esta red social que arrasa.La aplicaci\u00f3n m\u00e1s descargada del 2018 lo ser\u00e1 tambi\u00e9n en 2019: tras su conquista de los m\u00e1s peque\u00f1os, prepara ahora su asalto al mundo adulto.<\/p>\n<\/header>\n<div class=\"entry-content\">\n<div class=\"entry-content__texto\">\n<p style=\"text-align: justify;\">Si tienes hijos, ya la conoces. Si no los tienes, la conocer\u00e1s. No podemos decir qu\u00e9 tiempo har\u00e1 ma\u00f1ana, pero s\u00ed que <strong>2019 ser\u00e1 el a\u00f1o de la pandemia TikTok, la aplicaci\u00f3n china que est\u00e1 conquistando el mundo.<\/strong> Ha empezado por los m\u00e1s peque\u00f1os de la casa, pero cada vez es m\u00e1s habitual ver su logo -una letra \u2018d\u2019 fusionada con una corchea- en el m\u00f3vil de los adultos.<\/p>\n<p style=\"text-align: justify;\">Sus prestaciones son cien por cien chinas: han tomado lo que triunfaba en el resto de <em>apps<\/em> y lo han fusionado con la suya. Tiene filtros de animales \u2018cuquis\u2019 y edici\u00f3n de v\u00eddeo como Snapchat, posee el puntito confesional de Instagram Stories, te permite grabar v\u00eddeos breves como Vine (de entre 15 y 60 segundos), incluye realidad aumentada de esa que tanto emociona a Garc\u00eda Ferreras y sobre todo, tiene ritmo. O sea, <em>playback,<\/em> o sea <em>lip-synch <\/em>( que vendr\u00eda a ser, m\u00e1s o menos, el karaoke en la era digital). TikTok naci\u00f3 en 2016, pero triunf\u00f3 globalmente en 2017: cuando su desarrolladora, ByteDance, compr\u00f3 Musical.ly por 800 millones de d\u00f3lares para despu\u00e9s fusionar ambas.<\/p>\n<p style=\"text-align: justify;\">En TikTok entras para hacer <em>lip-synch<\/em> de tu tema favorito y ya no puedes salir. \u00bfEl secreto? Tiene \u2018cringe\u2019. O sea, que da verg\u00fcencita. La influyente revista tecnol\u00f3gica <em>Wired<\/em> lo ha definido como \u201cun meme musical\u201d. Seg\u00fan confiesa su director de marketing, Stefan Heinrich, a <em>Variety:<\/em> \u201cVivimos en un mundo en el que en las redes sociales muestras tu yo perfecto, no qui\u00e9n de verdad eres\u201d. <strong>Frente a Instagram, Arcadia feliz de <em>influencers, foodies<\/em> y dem\u00e1s neologistas de la perfecci\u00f3n, esta aplicaci\u00f3n te anima a hacer el rid\u00edculo.<\/strong> Y no solo a hacerlo, sino a mostrar tu cara cuando los dem\u00e1s hacen el rid\u00edculo, en la pantalla partida de la secci\u00f3n <em>\u2018Reactions\u2019.<\/em> Eso permite que, de momento, no haya sido capitalizado ni por las marcas ni por los profesionales de sacarle el dinero a las marcas: no hay un equivalente a lo que Kylie Jenner fue para Snapchat o Selena G\u00f3mez para Instagram. Lo cual no significa que no tenga sus estrellas, las llamadas <em>tiktokers:<\/em> la gemelas vascas Twin Melody (ojo al dato: las gemelas y\/o gemelos son un \u00e9xito garantizado en TikTok) o Monismurf. Que son lo que Verdeliss o El Rubius a YouTube.<\/p>\n<p style=\"text-align: justify;\"><iframe loading=\"lazy\" src=\"https:\/\/www.youtube.com\/embed\/bnQJ6Hl8Qqw?feature=oembed\" width=\"640\" height=\"480\" frameborder=\"0\" allowfullscreen=\"allowfullscreen\" data-mce-fragment=\"1\"><\/iframe><\/p>\n<p style=\"text-align: justify;\">Pero no es \u00fanicamente m\u00fasica. Tampoco es ya una cosa de cr\u00edos (venga, de preadolescentes) que todav\u00eda no han cambiado la voz. Cierto es que, seg\u00fan <em>Digiday,<\/em> el 60% de sus usuarios en Android tiene entre 13 y 24 a\u00f1os (con mayor\u00eda femenina, por cierto), pero se est\u00e1 convirtiendo en una red social que cuenta con cada vez m\u00e1s adultos. La culpa la tiene, b\u00e1sicamente, EE.UU. y, m\u00e1s concretamente, el <em>showman<\/em> nocturno Jimmy Fallon, ese que tanto gusta a los guionistas de <em>Zapeando.<\/em> Fallon lanz\u00f3 a sus televidentes diversos retos a trav\u00e9s de TikTok: en #TumbleweedChallenge, les ped\u00eda a sus fans que subieran v\u00eddeos haciendo \u201cla croqueta\u201d por el suelo al son de una banda sonora de <em>western;<\/em> en #SharpieChallenge, que se lanzaran un rotulador al aire y se pintaran un bigote. Se pon\u00eda al rebufo de lo que es una verdad universal: al ser humano le gustan los retos. Y en TikTok hay de todo tipo: de no parpardear, de no re\u00edrse, de subir escaleras\u2026<\/p>\n<p style=\"text-align: justify;\"><iframe loading=\"lazy\" src=\"https:\/\/www.youtube.com\/embed\/NRCteGx2w2o?feature=oembed\" width=\"640\" height=\"480\" frameborder=\"0\" allowfullscreen=\"allowfullscreen\" data-mce-fragment=\"1\"><\/iframe><\/p>\n<p style=\"text-align: justify;\">Fallon tambi\u00e9n detect\u00f3 lo que ya era un clamor: TikTok era tremendamente popular entre los peques, pero empezaba a serlo tambi\u00e9n entre los diferentes gremios de servicio p\u00fablico estadounidenses: enfermeras, polic\u00edas, bomberos, militares\u2026 por alguna extra\u00f1a raz\u00f3n, TikTok les ayudaba a sentirse parte de un colectivo y liberar endorfinas tras unas r\u00edgidas y estresantes rutinas. Los de enfermeras malayas o indonesias son especialmente hipn\u00f3ticos. Tambi\u00e9n es un \u00e9xito entre las \u201ctribus urbanas\u201d adolescentes: emos, otakus, fans del cosplay\u2026<\/p>\n<p style=\"text-align: justify;\"><iframe loading=\"lazy\" src=\"https:\/\/www.youtube.com\/embed\/WuFL5Ypc4nk?feature=oembed\" width=\"640\" height=\"360\" frameborder=\"0\" allowfullscreen=\"allowfullscreen\" data-mce-fragment=\"1\"><\/iframe><\/p>\n<p style=\"text-align: justify;\">Con Facebook con serios problemas por las sospechas de la venta de datos, Twitter infestada por pol\u00edticos, Instagram por marcas y YouTube con m\u00e1s anuncios que El Pelicul\u00f3n en <em>Antena3,<\/em> TikTok ha encontrado su nicho y se ha convertido en el estandarte de <a href=\"https:\/\/smoda.elpais.com\/moda\/actualidad\/podcast-moda-hm-asos-marcas-generacion-z\/\" target=\"_blank\" rel=\"noopener\">la llamada Generaci\u00f3n Z.<\/a> Firmas como Guess ya han tomado nota y han empezado a lanzar campa\u00f1as espec\u00edficas para la <em>app.<\/em> Facebook se ha sentido amenazada: primero cre\u00f3 la opci\u00f3n <em>Lip Sync Live<\/em> para su plataforma y, como eso no triunf\u00f3, ha desarrollado<em> Lasso,<\/em> un complemento en el que puedes hacer pr\u00e1cticamente lo mismo. En 2018, 800 millones de personas descargaron TikTok en sus m\u00f3viles. \u00bfCu\u00e1ntas m\u00e1s lo har\u00e1n en 2019? El imperio de la \u2018d\u2019 fusionada con una corchea no parece tener fin.<\/p>\n<p style=\"text-align: justify;\">FOTO: TikTok no es \u00fanicamente m\u00fasica y tampoco es ya una cosa de cr\u00edos. <span class=\"copyfoto\">Foto: GETTY IMAGES<\/span><\/p>\n<footer class=\"entry-footer\">\n<p class=\"entry-meta__actualizado\" style=\"text-align: justify;\"><span class=\"actualizado-on\"><time datetime=\"2019-01-03T06:57:13+00:00\">Art\u00edculo actualizado el 3 enero, 2019 | 06:57 h<\/time><\/span><\/p>\n<p>https:\/\/smoda.elpais.com\/placeres\/tiktok-aplicacion-red-social\/<\/p>\n<\/footer>\n<\/div>\n<\/div>\n<\/div>\n","protected":false},"excerpt":{"rendered":"<p>La aplicaci\u00f3n m\u00e1s descargada del 2018 lo ser\u00e1 tambi\u00e9n en 2019: tras su conquista de&#8230;<\/p>\n","protected":false},"author":1,"featured_media":28293,"comment_status":"closed","ping_status":"closed","sticky":false,"template":"","format":"standard","meta":{"_coblocks_attr":"","_coblocks_dimensions":"","_coblocks_responsive_height":"","_coblocks_accordion_ie_support":"","jetpack_post_was_ever_published":false,"_jetpack_newsletter_access":"","_jetpack_dont_email_post_to_subs":false,"_jetpack_newsletter_tier_id":0,"_jetpack_memberships_contains_paywalled_content":false,"_jetpack_memberships_contains_paid_content":false,"footnotes":"","jetpack_publicize_message":"","jetpack_publicize_feature_enabled":true,"jetpack_social_post_already_shared":false,"jetpack_social_options":{"image_generator_settings":{"template":"highway","default_image_id":0,"enabled":false},"version":2}},"categories":[1161,44,15],"tags":[5632,5631],"class_list":["post-28292","post","type-post","status-publish","format-standard","has-post-thumbnail","hentry","category-ciudadania","category-noticias-de-hoy","category-ultimas-noticias","tag-redes-socailes","tag-tik-tok"],"jetpack_publicize_connections":[],"jetpack_featured_media_url":"https:\/\/i0.wp.com\/miradordeatarfe.es\/wp-content\/uploads\/2019\/01\/tiktok-635x480.jpg?fit=635%2C480&ssl=1","jetpack_likes_enabled":true,"jetpack_sharing_enabled":true,"_links":{"self":[{"href":"https:\/\/miradordeatarfe.es\/index.php?rest_route=\/wp\/v2\/posts\/28292","targetHints":{"allow":["GET"]}}],"collection":[{"href":"https:\/\/miradordeatarfe.es\/index.php?rest_route=\/wp\/v2\/posts"}],"about":[{"href":"https:\/\/miradordeatarfe.es\/index.php?rest_route=\/wp\/v2\/types\/post"}],"author":[{"embeddable":true,"href":"https:\/\/miradordeatarfe.es\/index.php?rest_route=\/wp\/v2\/users\/1"}],"replies":[{"embeddable":true,"href":"https:\/\/miradordeatarfe.es\/index.php?rest_route=%2Fwp%2Fv2%2Fcomments&post=28292"}],"version-history":[{"count":2,"href":"https:\/\/miradordeatarfe.es\/index.php?rest_route=\/wp\/v2\/posts\/28292\/revisions"}],"predecessor-version":[{"id":28295,"href":"https:\/\/miradordeatarfe.es\/index.php?rest_route=\/wp\/v2\/posts\/28292\/revisions\/28295"}],"wp:featuredmedia":[{"embeddable":true,"href":"https:\/\/miradordeatarfe.es\/index.php?rest_route=\/wp\/v2\/media\/28293"}],"wp:attachment":[{"href":"https:\/\/miradordeatarfe.es\/index.php?rest_route=%2Fwp%2Fv2%2Fmedia&parent=28292"}],"wp:term":[{"taxonomy":"category","embeddable":true,"href":"https:\/\/miradordeatarfe.es\/index.php?rest_route=%2Fwp%2Fv2%2Fcategories&post=28292"},{"taxonomy":"post_tag","embeddable":true,"href":"https:\/\/miradordeatarfe.es\/index.php?rest_route=%2Fwp%2Fv2%2Ftags&post=28292"}],"curies":[{"name":"wp","href":"https:\/\/api.w.org\/{rel}","templated":true}]}}