{"id":28312,"date":"2019-01-11T22:00:52","date_gmt":"2019-01-11T21:00:52","guid":{"rendered":"http:\/\/miradordeatarfe.es\/?p=28312"},"modified":"2019-01-11T22:35:12","modified_gmt":"2019-01-11T21:35:12","slug":"atarfe-entrega-de-premios-de-asematarfe","status":"publish","type":"post","link":"https:\/\/miradordeatarfe.es\/?p=28312","title":{"rendered":"ATARFE: ENTREGA DE PREMIOS DE ASEMATARFE"},"content":{"rendered":"<p>MA\u00d1ANA SABADO \u00a0 A LAS 5 DE LA TARDE\u00a0 , <strong>Asematarfe Asociaci\u00f3n de Empresarios<\/strong> celebra en el Centro Cultural Medina Elvira una gala donde se sortear\u00e1n entre los clientes habituales del comercio local los regalos de la pasada campa\u00f1a navide\u00f1a a la que se adhirieron m\u00e1s de 70 comercios de Atarfe.<\/p>\n<p><!--more--><\/p>\n<p>El <b>consumo local<\/b> o <b>econom\u00eda local<\/b> hace referencia al esfuerzo colaborativo para construir econom\u00edas basadas en productos de la localidad, comarca o regi\u00f3n.<\/p>\n<p>Espec\u00edficamente en el \u00e1mbito de la alimentaci\u00f3n, hace referencia a la producci\u00f3n, procesamiento, distribuci\u00f3n y consumo integrados para mejorar la econom\u00eda, medio ambiente, salud y relaciones sociales de un lugar en particular<sup id=\"cite_ref-1\" class=\"reference separada\"><a href=\"https:\/\/es.wikipedia.org\/wiki\/Consumo_local#cite_note-1\">1<\/a><\/sup>\u200b y se considera parte de un movimiento m\u00e1s amplio, como es el del movimiento sostenible.<\/p>\n<p>El t\u00e9rmino forma parte de la compra local y la econom\u00eda basada en la comunidad, es decir, en la preferencia para comprar bienes y servicios producidos localmente.<\/p>\n<p>El comercio es a una ciudad como la piel al rostro: imprime car\u00e1cter. Hasta el punto que podemos identificar el dinamismo o la decadencia de un lugar por medio de la vitalidad de unos comercios que son fundamentales para hacer ciudad. Los establecimientos comerciales no son solo lugares en los que adquirir bienes y servicios necesarios para nuestra existencia, sino que tambi\u00e9n dan vida a nuestras calles y plazas, actuando como intercambiadores relacionales, al tiempo que dinamizan los barrios al incentivar la econom\u00eda, la movilidad y la propia convivencia<\/p>\n<p>El acto se celebra a partir de las 5 de la tarde y habr\u00e1 baile, premios y muchas cosas m\u00e1s. La entrada es gratuita. \u00a1Est\u00e1is invitados!<\/p>\n","protected":false},"excerpt":{"rendered":"<p>MA\u00d1ANA SABADO \u00a0 A LAS 5 DE LA TARDE\u00a0 , Asematarfe Asociaci\u00f3n de Empresarios celebra&#8230;<\/p>\n","protected":false},"author":1,"featured_media":28313,"comment_status":"closed","ping_status":"closed","sticky":false,"template":"","format":"standard","meta":{"_coblocks_attr":"","_coblocks_dimensions":"","_coblocks_responsive_height":"","_coblocks_accordion_ie_support":"","jetpack_post_was_ever_published":false,"_jetpack_newsletter_access":"","_jetpack_dont_email_post_to_subs":false,"_jetpack_newsletter_tier_id":0,"_jetpack_memberships_contains_paywalled_content":false,"_jetpack_memberships_contains_paid_content":false,"footnotes":"","jetpack_publicize_message":"","jetpack_publicize_feature_enabled":true,"jetpack_social_post_already_shared":false,"jetpack_social_options":{"image_generator_settings":{"template":"highway","default_image_id":0,"enabled":false},"version":2}},"categories":[2,1161,186,44,15],"tags":[5636,81,756],"class_list":["post-28312","post","type-post","status-publish","format-standard","has-post-thumbnail","hentry","category-atarfe","category-ciudadania","category-instituciones","category-noticias-de-hoy","category-ultimas-noticias","tag-asemat","tag-atarfe","tag-comercio"],"jetpack_publicize_connections":[],"jetpack_featured_media_url":"https:\/\/i0.wp.com\/miradordeatarfe.es\/wp-content\/uploads\/2019\/01\/50252844_2128976697166189_7938233112251596800_n.jpg?fit=960%2C608&ssl=1","jetpack_likes_enabled":true,"jetpack_sharing_enabled":true,"_links":{"self":[{"href":"https:\/\/miradordeatarfe.es\/index.php?rest_route=\/wp\/v2\/posts\/28312","targetHints":{"allow":["GET"]}}],"collection":[{"href":"https:\/\/miradordeatarfe.es\/index.php?rest_route=\/wp\/v2\/posts"}],"about":[{"href":"https:\/\/miradordeatarfe.es\/index.php?rest_route=\/wp\/v2\/types\/post"}],"author":[{"embeddable":true,"href":"https:\/\/miradordeatarfe.es\/index.php?rest_route=\/wp\/v2\/users\/1"}],"replies":[{"embeddable":true,"href":"https:\/\/miradordeatarfe.es\/index.php?rest_route=%2Fwp%2Fv2%2Fcomments&post=28312"}],"version-history":[{"count":2,"href":"https:\/\/miradordeatarfe.es\/index.php?rest_route=\/wp\/v2\/posts\/28312\/revisions"}],"predecessor-version":[{"id":28315,"href":"https:\/\/miradordeatarfe.es\/index.php?rest_route=\/wp\/v2\/posts\/28312\/revisions\/28315"}],"wp:featuredmedia":[{"embeddable":true,"href":"https:\/\/miradordeatarfe.es\/index.php?rest_route=\/wp\/v2\/media\/28313"}],"wp:attachment":[{"href":"https:\/\/miradordeatarfe.es\/index.php?rest_route=%2Fwp%2Fv2%2Fmedia&parent=28312"}],"wp:term":[{"taxonomy":"category","embeddable":true,"href":"https:\/\/miradordeatarfe.es\/index.php?rest_route=%2Fwp%2Fv2%2Fcategories&post=28312"},{"taxonomy":"post_tag","embeddable":true,"href":"https:\/\/miradordeatarfe.es\/index.php?rest_route=%2Fwp%2Fv2%2Ftags&post=28312"}],"curies":[{"name":"wp","href":"https:\/\/api.w.org\/{rel}","templated":true}]}}