{"id":28357,"date":"2019-01-16T11:30:22","date_gmt":"2019-01-16T10:30:22","guid":{"rendered":"http:\/\/miradordeatarfe.es\/?p=28357"},"modified":"2019-01-16T11:20:48","modified_gmt":"2019-01-16T10:20:48","slug":"atarfe-el-frio-no-es-un-impedimento-para-seguir-practicando-atletismo","status":"publish","type":"post","link":"https:\/\/miradordeatarfe.es\/?p=28357","title":{"rendered":"ATARFE: EL FR\u00cdO NO ES UN IMPEDIMENTO PARA SEGUIR PRACTICANDO ATLETISMO."},"content":{"rendered":"<p style=\"text-align: justify;\">\nEstos \u00faltimos d\u00edas se han caracterizado por ser los m\u00e1s fr\u00edos de lo que llevamos de invierno y esto en un deporte como el atletismo que se practica fundamentalmente al aire libre exige un plus de motivaci\u00f3n para nuestr@s atletas que sin embargo no fallan en su cita con los entrenamientos. <!--more--><\/p>\n<p style=\"text-align: justify;\">Cuenta la leyenda que en una ocasi\u00f3n un miembro de ATLETISMO ATARFE estuvo unos d\u00edas en la ciudad de Oymyakon, en la regi\u00f3n rusa de Siberia, a unos 9.000 kil\u00f3metros de Mosc\u00fa, conocida por ser el lugar habitado m\u00e1s<br \/>\nfr\u00edo del planeta (se han llegado a registrar hasta 71 grados cent\u00edgrados bajo cero) y al salir a rodar y sentir el viruje exclam\u00f3, \u201cparece que refresca\u201d. En todo caso este fin de semana l@s nuestr@s han preferido no luchar contra los elementos y se han refugiado en el calorcito de la pista cubierta de Antequera donde este s\u00e1bado ha habido doble<br \/>\njornada, por la ma\u00f1ana un control federativo para menores de 16 a\u00f1os y por la tarde el campeonato de Andaluc\u00eda de clubs absoluto donde hemos contado con tresrepresentantes defendiendo las el\u00e1sticas de V\u00e9lez y Motril.<\/p>\n<p style=\"text-align: justify;\">Comenzando por los participantes en el control federativo diremos que el com\u00fan denominador de todos ellos ha sido la consecuci\u00f3n de nuevas mejores marcas personales o de la temporada. Cuatro de nuestr@s atletas se decantaron por los 300 lisos resultando Marie N\u00f6elle Tortosa Cabrera con nuevo registro personal (MMP) de<br \/>\n48.07 superando incluso sus prestaciones al aire libre. Similar \u00e9xito alcanzaron Pablo Lozano Alejo con 43.30 y Adri\u00e1n L\u00f3pez Lafuente con 43.99. Por su parte, Laura Aguilera Bol\u00edvar se vino con mejor marca en pista cubierta con 49.85.<\/p>\n<p style=\"text-align: justify;\">En los 600 metros el albolote\u00f1o David Hern\u00e1ndez S\u00e1nchez consigue la m\u00ednima de participaci\u00f3n en el pr\u00f3ximo Campeonato de Andaluc\u00eda con un crono de 1.34.10.<\/p>\n<p><a href=\"https:\/\/i0.wp.com\/miradordeatarfe.es\/wp-content\/uploads\/2019\/01\/inma-lopez-garrido-antequera-7-enero-2019.jpeg?ssl=1\"><img data-recalc-dims=\"1\" loading=\"lazy\" decoding=\"async\" class=\"alignnone size-full wp-image-28358\" src=\"https:\/\/i0.wp.com\/miradordeatarfe.es\/wp-content\/uploads\/2019\/01\/inma-lopez-garrido-antequera-7-enero-2019.jpeg?resize=640%2C427&#038;ssl=1\" alt=\"\" width=\"640\" height=\"427\" srcset=\"https:\/\/i0.wp.com\/miradordeatarfe.es\/wp-content\/uploads\/2019\/01\/inma-lopez-garrido-antequera-7-enero-2019.jpeg?w=1080&amp;ssl=1 1080w, https:\/\/i0.wp.com\/miradordeatarfe.es\/wp-content\/uploads\/2019\/01\/inma-lopez-garrido-antequera-7-enero-2019.jpeg?resize=300%2C200&amp;ssl=1 300w, https:\/\/i0.wp.com\/miradordeatarfe.es\/wp-content\/uploads\/2019\/01\/inma-lopez-garrido-antequera-7-enero-2019.jpeg?resize=768%2C512&amp;ssl=1 768w, https:\/\/i0.wp.com\/miradordeatarfe.es\/wp-content\/uploads\/2019\/01\/inma-lopez-garrido-antequera-7-enero-2019.jpeg?resize=1024%2C683&amp;ssl=1 1024w, https:\/\/i0.wp.com\/miradordeatarfe.es\/wp-content\/uploads\/2019\/01\/inma-lopez-garrido-antequera-7-enero-2019.jpeg?resize=600%2C400&amp;ssl=1 600w\" sizes=\"auto, (max-width: 640px) 100vw, 640px\" \/><\/a><\/p>\n<p style=\"text-align: justify;\">En cuanto a los resultados conseguidos por nuestr@s atletas en el Campeonato de Andaluc\u00eda por Clubs Absoluto en el que prima la consecuci\u00f3n de puntos para su equipo Inma L\u00f3pez Garrido sum\u00f3 5 puntos en los 200 consiguiendo un tiempo de 27.90 y contribuy\u00f3 a la suma de 10 valiosos puntos en el relevo sobre la misma distancia.<\/p>\n<p style=\"text-align: justify;\">Paula Jim\u00e9nez L\u00f3pez aporta 7 puntos en salto de longitud con una marca de 4.68 y tres nulos que le privaron de obtener un mejor resultado. Ambas fueron part\u00edcipes por tanto del quinto puesto obtenido por el Rinc\u00f3n V\u00e9lez en este campeonato. De otro lado Ra\u00fal Castillo Santiago sum\u00f3 3 puntos para el Motril con sus 11.59 del triple salto que adem\u00e1s es MMP en la modalidad.<\/p>\n<p style=\"text-align: justify;\">Adem\u00e1s tom\u00f3 parte en unas series de velocidad que se celebraron fuera de concurso y volvi\u00f3 a rebajar su MMP en los 200 con 24.54 que incluso mejora su mejor marca al aire libre. Por conjuntos el Motril termin\u00f3 en la octava posici\u00f3n.<\/p>\n<p style=\"text-align: justify;\">Y tras este fin de semana estamos esperando con gran impaciencia el pr\u00f3ximo finde donde ah\u00ed s\u00ed competiremos a la intemperie en varias citas. El grueso del club se desplaza hasta Sevilla para disputar la edici\u00f3n n\u00famero 37 del Cross Internacional de It\u00e1lica.<\/p>\n<p style=\"text-align: justify;\">De entrada ya hemos conseguido un nuevo record al inscribir a 58 atletas en las diferentes categor\u00edas y\u00a0 desplazarnos hasta 90 personas entre atletas y familiares a la ciudad hispalense. Veremos si contin\u00faa la racha y nos volvemos a traer platos y mantas sin\u00f3nimos de p\u00f3diums como ha sido habitual en las ediciones anteriores.<\/p>\n<p style=\"text-align: justify;\">Tambi\u00e9n tendremos cita con la ruta con la disputa de los III 10K Carchuna-Calahonda y la Carrera urbana Noche de San Ant\u00f3n en Ja\u00e9n en las que se dar\u00e1n cita varios de los atletas del grupo de Adult@s que va creciendo poco a poco y empieza a ser ya un referente en el atletismo popular provincial.<\/p>\n<p style=\"text-align: justify;\">Recuerda que si est\u00e1s interesad@ en practicar atletismo en cualquiera de sus modalidades e independientemente de la edad que tengas no tienes mas que pasarte cualquier tarde por la pista del polideportivo y podr\u00e1s integrarte en alguno de los grupos de entrenamiento contando con un entrenador titulado que te ayudar\u00e1 a mejorar y a<br \/>\nobtener la m\u00e1xima satisfacci\u00f3n de tu actividad atl\u00e9tica.<\/p>\n","protected":false},"excerpt":{"rendered":"<p>Estos \u00faltimos d\u00edas se han caracterizado por ser los m\u00e1s fr\u00edos de lo que llevamos&#8230;<\/p>\n","protected":false},"author":1,"featured_media":28359,"comment_status":"closed","ping_status":"closed","sticky":false,"template":"","format":"standard","meta":{"_coblocks_attr":"","_coblocks_dimensions":"","_coblocks_responsive_height":"","_coblocks_accordion_ie_support":"","jetpack_post_was_ever_published":false,"_jetpack_newsletter_access":"","_jetpack_dont_email_post_to_subs":false,"_jetpack_newsletter_tier_id":0,"_jetpack_memberships_contains_paywalled_content":false,"_jetpack_memberships_contains_paid_content":false,"footnotes":"","jetpack_publicize_message":"","jetpack_publicize_feature_enabled":true,"jetpack_social_post_already_shared":false,"jetpack_social_options":{"image_generator_settings":{"template":"highway","default_image_id":0,"enabled":false},"version":2}},"categories":[2,182,186,44,15],"tags":[81,85,123],"class_list":["post-28357","post","type-post","status-publish","format-standard","has-post-thumbnail","hentry","category-atarfe","category-deportes","category-instituciones","category-noticias-de-hoy","category-ultimas-noticias","tag-atarfe","tag-atletismo","tag-deportes"],"jetpack_publicize_connections":[],"jetpack_featured_media_url":"https:\/\/i0.wp.com\/miradordeatarfe.es\/wp-content\/uploads\/2019\/01\/file3-2.jpeg?fit=1600%2C1200&ssl=1","jetpack_likes_enabled":true,"jetpack_sharing_enabled":true,"_links":{"self":[{"href":"https:\/\/miradordeatarfe.es\/index.php?rest_route=\/wp\/v2\/posts\/28357","targetHints":{"allow":["GET"]}}],"collection":[{"href":"https:\/\/miradordeatarfe.es\/index.php?rest_route=\/wp\/v2\/posts"}],"about":[{"href":"https:\/\/miradordeatarfe.es\/index.php?rest_route=\/wp\/v2\/types\/post"}],"author":[{"embeddable":true,"href":"https:\/\/miradordeatarfe.es\/index.php?rest_route=\/wp\/v2\/users\/1"}],"replies":[{"embeddable":true,"href":"https:\/\/miradordeatarfe.es\/index.php?rest_route=%2Fwp%2Fv2%2Fcomments&post=28357"}],"version-history":[{"count":1,"href":"https:\/\/miradordeatarfe.es\/index.php?rest_route=\/wp\/v2\/posts\/28357\/revisions"}],"predecessor-version":[{"id":28360,"href":"https:\/\/miradordeatarfe.es\/index.php?rest_route=\/wp\/v2\/posts\/28357\/revisions\/28360"}],"wp:featuredmedia":[{"embeddable":true,"href":"https:\/\/miradordeatarfe.es\/index.php?rest_route=\/wp\/v2\/media\/28359"}],"wp:attachment":[{"href":"https:\/\/miradordeatarfe.es\/index.php?rest_route=%2Fwp%2Fv2%2Fmedia&parent=28357"}],"wp:term":[{"taxonomy":"category","embeddable":true,"href":"https:\/\/miradordeatarfe.es\/index.php?rest_route=%2Fwp%2Fv2%2Fcategories&post=28357"},{"taxonomy":"post_tag","embeddable":true,"href":"https:\/\/miradordeatarfe.es\/index.php?rest_route=%2Fwp%2Fv2%2Ftags&post=28357"}],"curies":[{"name":"wp","href":"https:\/\/api.w.org\/{rel}","templated":true}]}}