{"id":2837,"date":"2015-07-08T09:56:41","date_gmt":"2015-07-08T09:56:41","guid":{"rendered":"http:\/\/miradordeatarfe.es\/?p=2837"},"modified":"2015-07-11T11:06:23","modified_gmt":"2015-07-11T11:06:23","slug":"autonomos-de-todas-las-edades-podran-cobrar-el-paro-durante-nueve-meses","status":"publish","type":"post","link":"https:\/\/miradordeatarfe.es\/?p=2837","title":{"rendered":"Aut\u00f3nomos de todas las edades podr\u00e1n cobrar el paro durante nueve meses"},"content":{"rendered":"<p>El ministerio de empleo ha extendido a aut\u00f3nomos de todas las edades la posibilidad de cobrar la prestaci\u00f3n por desempleo durante un m\u00e1ximo de nueve meses hasta cinco a\u00f1os despu\u00e9s de haber iniciado <strong>una actividad por cuenta propia<\/strong>. Hasta ahora, s\u00f3lo los menores de 30 a\u00f1os pod\u00edan cobrar esos nueve meses de prestaci\u00f3n.<!--more--><\/p>\n<div id=\"main-content\" class=\"container\">\n<div class=\"content\">\n<article class=\"post-listing post-48635 post type-post status-publish format-standard has-post-thumbnail hentry category-actualidad tag-autonomos tag-empleo\">\n<div class=\"post-inner\">\n<div class=\"entry\">\n<p>Tambi\u00e9n con independencia de su edad, Empleo propone que los aut\u00f3nomos puedan capitalizar en un pago \u00fanico hasta el 100% de la prestaci\u00f3n por desempleo. El Gobierno asegura que los trabajadores por cuenta propia que<strong> se hayan acogido a la tarifa plana de 50 euros<\/strong> de cotizaci\u00f3n a la Seguridad Social podr\u00e1n contratar sin perder los incentivos del autoempleo.<\/p>\n<p>La ministra de empleo F\u00e1tima B\u00e1\u00f1ez ha anunciado que <strong>se ampliar\u00e1 las bonificaciones para los j\u00f3venes<\/strong> y crear\u00e1 una nueva para mayores de 30 a\u00f1os para facilitar la incorporaci\u00f3n de nuevos socios a la econom\u00eda social. Por su parte, prepara <strong>una nueva ley para las sociedades laborales<\/strong> y participadas, para adaptar estas empresas \u201ca la nueva realidad econ\u00f3mica\u201d, defini\u00e9ndolas <strong>como entidades mercantiles<\/strong> en las que al menos el 50% de los trabajadores deben ser socios y poseer, al menos, el 50% del capital social y el 50% del derecho a voto.<\/p>\n<p>Empleo ha planteado tambi\u00e9n medidas de apoyo para la econom\u00eda social, que define como \u201cuna fuente de creaci\u00f3n de empleo estable\u201d y una \u201cimportante plataforma\u201d de acceso al trabajo para personas con dificultades de inserci\u00f3n laboral o que se encuentran en riesgo de exclusi\u00f3n.<\/p>\n<p>El texto ampliar\u00e1 las bonificaciones existentes a la contrataci\u00f3n de estos trabajadores <strong>para facilitar la transici\u00f3n<\/strong> desde las empresas de inserci\u00f3n a las sociedades ordinarias y <strong>reconocer\u00e1 a los centros especiales de empleo<\/strong>, las empresas de inserci\u00f3n, las cooperativas y las sociedades laborales como \u201cservicios de inter\u00e9s econ\u00f3mico general\u201d.<\/p>\n<\/div>\n<\/div>\n<\/article>\n<\/div>\n<\/div>\n","protected":false},"excerpt":{"rendered":"<p>El ministerio de empleo ha extendido a aut\u00f3nomos de todas las edades la posibilidad de&#8230;<\/p>\n","protected":false},"author":1,"featured_media":2838,"comment_status":"closed","ping_status":"closed","sticky":false,"template":"","format":"standard","meta":{"_coblocks_attr":"","_coblocks_dimensions":"","_coblocks_responsive_height":"","_coblocks_accordion_ie_support":"","jetpack_post_was_ever_published":false,"_jetpack_newsletter_access":"","_jetpack_dont_email_post_to_subs":false,"_jetpack_newsletter_tier_id":0,"_jetpack_memberships_contains_paywalled_content":false,"_jetpack_memberships_contains_paid_content":false,"footnotes":"","jetpack_publicize_message":"","jetpack_publicize_feature_enabled":true,"jetpack_social_post_already_shared":false,"jetpack_social_options":{"image_generator_settings":{"template":"highway","default_image_id":0,"enabled":false},"version":2}},"categories":[9,15],"tags":[184,156,485],"class_list":["post-2837","post","type-post","status-publish","format-standard","has-post-thumbnail","hentry","category-medio-ambiente","category-ultimas-noticias","tag-parados","tag-paro","tag-prestaciones"],"jetpack_publicize_connections":[],"jetpack_featured_media_url":"https:\/\/i0.wp.com\/miradordeatarfe.es\/wp-content\/uploads\/2015\/07\/630x330xdownloadFile.jpg.pagespeed.ic_.pDqY0d2oefomABOWl4EG.jpg?fit=630%2C330&ssl=1","jetpack_likes_enabled":true,"jetpack_sharing_enabled":true,"_links":{"self":[{"href":"https:\/\/miradordeatarfe.es\/index.php?rest_route=\/wp\/v2\/posts\/2837","targetHints":{"allow":["GET"]}}],"collection":[{"href":"https:\/\/miradordeatarfe.es\/index.php?rest_route=\/wp\/v2\/posts"}],"about":[{"href":"https:\/\/miradordeatarfe.es\/index.php?rest_route=\/wp\/v2\/types\/post"}],"author":[{"embeddable":true,"href":"https:\/\/miradordeatarfe.es\/index.php?rest_route=\/wp\/v2\/users\/1"}],"replies":[{"embeddable":true,"href":"https:\/\/miradordeatarfe.es\/index.php?rest_route=%2Fwp%2Fv2%2Fcomments&post=2837"}],"version-history":[{"count":1,"href":"https:\/\/miradordeatarfe.es\/index.php?rest_route=\/wp\/v2\/posts\/2837\/revisions"}],"predecessor-version":[{"id":2839,"href":"https:\/\/miradordeatarfe.es\/index.php?rest_route=\/wp\/v2\/posts\/2837\/revisions\/2839"}],"wp:featuredmedia":[{"embeddable":true,"href":"https:\/\/miradordeatarfe.es\/index.php?rest_route=\/wp\/v2\/media\/2838"}],"wp:attachment":[{"href":"https:\/\/miradordeatarfe.es\/index.php?rest_route=%2Fwp%2Fv2%2Fmedia&parent=2837"}],"wp:term":[{"taxonomy":"category","embeddable":true,"href":"https:\/\/miradordeatarfe.es\/index.php?rest_route=%2Fwp%2Fv2%2Fcategories&post=2837"},{"taxonomy":"post_tag","embeddable":true,"href":"https:\/\/miradordeatarfe.es\/index.php?rest_route=%2Fwp%2Fv2%2Ftags&post=2837"}],"curies":[{"name":"wp","href":"https:\/\/api.w.org\/{rel}","templated":true}]}}