{"id":2848,"date":"2015-07-07T08:07:25","date_gmt":"2015-07-07T08:07:25","guid":{"rendered":"http:\/\/miradordeatarfe.es\/?p=2848"},"modified":"2015-07-08T10:13:26","modified_gmt":"2015-07-08T10:13:26","slug":"hombres-buenos-por-alberto-granados","status":"publish","type":"post","link":"https:\/\/miradordeatarfe.es\/?p=2848","title":{"rendered":"\u00abHombres buenos\u00bb por Alberto Granados"},"content":{"rendered":"<p style=\"text-align: justify;\">Hubo un momento en que me hart\u00e9 de las novelas de Arturo P\u00e9rez Reverte y dej\u00e9 de comprarlas. Me refiero a la etapa en que nuestro acad\u00e9mico empez\u00f3 con la serie del Capit\u00e1n Alatriste. Por un lado, me pareci\u00f3 que escrib\u00eda pensando cada vez m\u00e1s en los beneficios econ\u00f3micos que en la calidad literaria. Lejos quedaban novelas como <em>El maestro de esgrima, La piel del tambor<\/em> o <em>La reina del Sur<\/em>, que en su momento estim\u00e9 muy dignas.<!--more--><\/p>\n<p style=\"text-align: justify;\">Por otra parte, los art\u00edculos que le le\u00eda en El Semanal, cada domingo mostraban a un autor prepotente, falt\u00f3n, tendente a una l\u00ednea de opini\u00f3n basada, fundamentalmente, en el insulto y la descalificaci\u00f3n f\u00e1ciles. En resumen: el autor murciano y yo nos distanciamos y dej\u00e9 de <em>consumir<\/em> su literatura durante unos a\u00f1os.<\/p>\n<p style=\"text-align: justify;\">\u00a0\u00a0\u00a0\u00a0\u00a0\u00a0\u00a0 Una rese\u00f1a en el Babelia de hace unas semanas me puso de nuevo en contacto con \u00e9l: acababa de aparecer su \u00faltima novela, <a href=\"http:\/\/www.perezreverte.com\/libro\/639\/hombres-buenos\/\"><em>Hombre buenos<\/em> <\/a>(Editorial Alfaguara, Madrid, 2015). El tema me atra\u00eda, s\u00e9 que su prosa es amena y engancha, pens\u00e9 que llevaba mucho sin leer nada sobre el siglo de las luces (tal vez, desde que en la carrera estudiaba el manual de Alborg)\u2026 y me descargu\u00e9 el libro en formato electr\u00f3nico para leerlo en mi lector. Este libro ha supuesto mi reconciliaci\u00f3n con el acad\u00e9mico P\u00e9rez Reverte.<\/p>\n<p style=\"text-align: justify;\">\u00a0\u00a0\u00a0\u00a0\u00a0\u00a0\u00a0 Se ha difundido hasta la saciedad el argumento de la novela: dos acad\u00e9micos de finales del XVIII parten hacia Par\u00eds, enviados clandestinamente por la Real Academia Espa\u00f1ola de la Lengua, para hacerse con un ejemplar fiable de <em>L\u2019Encyclopedie<\/em>, la obra m\u00e1s renovadora de su siglo, el compendio que pretendi\u00f3 hacer llegar las luces de la Ilustraci\u00f3n a todos los rincones de la civilizaci\u00f3n para sacarla de las tinieblas del oscurantismo. Como es l\u00f3gico, la reacci\u00f3n tratar\u00e1 de impedir que tal obra pise Espa\u00f1a, al considerarla como subversora de los valores m\u00e1s tradicionales. Para impedir tales innovaciones, dos acad\u00e9micos contratan a un sicario. Y ah\u00ed se inicia el viaje que enfrentar\u00e1 no s\u00f3lo a las dos eternas Espa\u00f1as, sino a la Espa\u00f1a eterna con el resto del mundo, representado por Par\u00eds, una ciudad abierta, cosmopolita, culta, llena de costumbres ajenas a nuestra sociedad de la \u00e9poca de Carlos III.<\/p>\n<p style=\"text-align: justify;\">\u00a0\u00a0\u00a0\u00a0\u00a0\u00a0\u00a0 Con este punto de partida, P\u00e9rez Reverte escribe una original novela de aventuras que gravita sobre varios aspectos. Son puntos que ponen al lector en contacto con diferentes universos narrativos.<\/p>\n<p style=\"text-align: justify;\">\u00a0\u00a0\u00a0\u00a0\u00a0\u00a0 El que m\u00e1s me ha llamado la atenci\u00f3n es el propio proceso creativo, desde que surge la idea en la mente del autor hasta los distintos problemas de documentaci\u00f3n y viajes que lleva a cabo para preparar la novela. Un mundo de referencias a acad\u00e9micos reales de la de la Lengua, de libreros de viejo, de <em>bouquinistas<\/em> parisinos, de entrevistas con personajes (Francisco Rico, el granadino Gregorio Salvador, el director del Museo de la Armada y otros eruditos de distintos campos) que acercan al lector com\u00fan una serie de aspectos normalmente poco conocidos y, sin duda, interesant\u00edsimos sobre el laborioso proceso de escribir, desde que surge el embri\u00f3n de una idea aprovechable hasta la concreci\u00f3n del borrador terminado y la serie de revisiones posteriores, esas que llevar\u00e1n a un c\u00famulo de inseguridades y preguntas sobre la validez de la obra terminada.<\/p>\n<p style=\"text-align: justify;\">\u00a0\u00a0\u00a0\u00a0\u00a0\u00a0 El funcionamiento de la Academia desde las postrimer\u00edas del siglo XVIII hasta ahora es otro de los puntos sobre los que se apoya la acci\u00f3n novel\u00edstica. P\u00e9rez Reverte incluso asegura que ha corrido la especie entre sus compa\u00f1eros de que est\u00e1 escribiendo una novela sobre los acad\u00e9micos, una novela en la que se aparece el fantasma de Cervantes y es asesinado el mayor cervantista de la casa, el ya mencionado Francisco Rico. Lo m\u00e1s curioso en esta broma-gui\u00f1o es que la mayor parte de los acad\u00e9micos le piden hacer de asesino de Rico. Bromas aparte, en la novela aparecen una serie de acad\u00e9micos de las dos \u00e9pocas y el conjunto permite ver cu\u00e1l ha sido la labor de esta venerable instituci\u00f3n.<\/p>\n<p style=\"text-align: justify;\">\u00a0\u00a0\u00a0\u00a0\u00a0 El mundo de los viajes en el XVIII, las ventas y postas, los bandoleros, los encuentros en los caminos, el sorprendente paralelismo de los caminos de aquella \u00e9poca con las redes de carreteras actuales\u2026 forman otro ameno cuadro costumbrista.<\/p>\n<p style=\"text-align: justify;\">\u00a0\u00a0\u00a0\u00a0\u00a0\u00a0 Y el eje central: la b\u00fasqueda de\u00a0 la Enciclopedia de D\u2019Alembert y Diderot en un Par\u00eds donde ya ha sido prohibida y que se acerca a la Revoluci\u00f3n y su guillotina. Las luces y sombras de una ciudad en que se juntan los elegantes salones, los petimetres, las preciosas, la aristocracia y su corte de <em>parvenus<\/em>\u2026 por un lado, mientras la miseria m\u00e1s feroz se cierne sobre un mundo de borrachos, prostitutas, polic\u00edas corruptos y gente que sobrevive como puede.<\/p>\n<p style=\"text-align: justify;\">\u00a0\u00a0\u00a0\u00a0\u00a0 El punto de inflexi\u00f3n de estos dos mundos es un personaje hist\u00f3rico, el abate Bringas, del que ya se ocup\u00f3 Menendez Pelayo en su <em>Historia de los heterodoxos espa\u00f1oles<\/em>. Sus an\u00e1lisis sobre la burgues\u00eda, su sanguinaria visi\u00f3n de la Revoluci\u00f3n, sus deseos de revancha y, contrariamente, su nobleza marcan la creaci\u00f3n de un personaje, tal vez el m\u00e1s rico de la novela. Creo que este eje central, la estancia en Par\u00eds, es, sin duda, el componente fundamental de la novela y est\u00e1 resuelto francamente bien, desde mi punto de vista.<\/p>\n<p style=\"text-align: justify;\">\u00a0\u00a0\u00a0\u00a0\u00a0\u00a0 Aventura, costumbrismo, la convulsi\u00f3n de un Antiguo R\u00e9gimen que estaba a punto de morir en la guillotina, un duelo, amores fr\u00edvolos, las eternas dos Espa\u00f1as que enunciar\u00eda Machado muchas d\u00e9cadas despu\u00e9s, la amistad que surge entre los dos acad\u00e9micos, la c\u00ednica presencia de Bringas, la mano negra del sicario\u2026 todo ello, perfectamente urdido forman una apasionante novela de acci\u00f3n y de historia. Para m\u00ed supone la reconciliaci\u00f3n con P\u00e9rez Reverte. Veremos la siguiente.<\/p>\n<h3 style=\"text-align: justify;\"><\/h3>\n","protected":false},"excerpt":{"rendered":"<p>Hubo un momento en que me hart\u00e9 de las novelas de Arturo P\u00e9rez Reverte y&#8230;<\/p>\n","protected":false},"author":1,"featured_media":2849,"comment_status":"closed","ping_status":"closed","sticky":false,"template":"","format":"standard","meta":{"_coblocks_attr":"","_coblocks_dimensions":"","_coblocks_responsive_height":"","_coblocks_accordion_ie_support":"","jetpack_post_was_ever_published":false,"_jetpack_newsletter_access":"","_jetpack_dont_email_post_to_subs":false,"_jetpack_newsletter_tier_id":0,"_jetpack_memberships_contains_paywalled_content":false,"_jetpack_memberships_contains_paid_content":false,"footnotes":"","jetpack_publicize_message":"","jetpack_publicize_feature_enabled":true,"jetpack_social_post_already_shared":false,"jetpack_social_options":{"image_generator_settings":{"template":"highway","default_image_id":0,"enabled":false},"version":2}},"categories":[39,12,15],"tags":[90,1023,1022],"class_list":["post-2848","post","type-post","status-publish","format-standard","has-post-thumbnail","hentry","category-opinion-de-alberto-granados","category-cultura","category-ultimas-noticias","tag-cultura","tag-novela","tag-perez-reverte"],"jetpack_publicize_connections":[],"jetpack_featured_media_url":"https:\/\/i0.wp.com\/miradordeatarfe.es\/wp-content\/uploads\/2015\/07\/portada-hombres-buenos.jpg?fit=560%2C845&ssl=1","jetpack_likes_enabled":true,"jetpack_sharing_enabled":true,"_links":{"self":[{"href":"https:\/\/miradordeatarfe.es\/index.php?rest_route=\/wp\/v2\/posts\/2848","targetHints":{"allow":["GET"]}}],"collection":[{"href":"https:\/\/miradordeatarfe.es\/index.php?rest_route=\/wp\/v2\/posts"}],"about":[{"href":"https:\/\/miradordeatarfe.es\/index.php?rest_route=\/wp\/v2\/types\/post"}],"author":[{"embeddable":true,"href":"https:\/\/miradordeatarfe.es\/index.php?rest_route=\/wp\/v2\/users\/1"}],"replies":[{"embeddable":true,"href":"https:\/\/miradordeatarfe.es\/index.php?rest_route=%2Fwp%2Fv2%2Fcomments&post=2848"}],"version-history":[{"count":1,"href":"https:\/\/miradordeatarfe.es\/index.php?rest_route=\/wp\/v2\/posts\/2848\/revisions"}],"predecessor-version":[{"id":2850,"href":"https:\/\/miradordeatarfe.es\/index.php?rest_route=\/wp\/v2\/posts\/2848\/revisions\/2850"}],"wp:featuredmedia":[{"embeddable":true,"href":"https:\/\/miradordeatarfe.es\/index.php?rest_route=\/wp\/v2\/media\/2849"}],"wp:attachment":[{"href":"https:\/\/miradordeatarfe.es\/index.php?rest_route=%2Fwp%2Fv2%2Fmedia&parent=2848"}],"wp:term":[{"taxonomy":"category","embeddable":true,"href":"https:\/\/miradordeatarfe.es\/index.php?rest_route=%2Fwp%2Fv2%2Fcategories&post=2848"},{"taxonomy":"post_tag","embeddable":true,"href":"https:\/\/miradordeatarfe.es\/index.php?rest_route=%2Fwp%2Fv2%2Ftags&post=2848"}],"curies":[{"name":"wp","href":"https:\/\/api.w.org\/{rel}","templated":true}]}}