{"id":28557,"date":"2019-01-26T08:59:03","date_gmt":"2019-01-26T07:59:03","guid":{"rendered":"http:\/\/miradordeatarfe.es\/?p=28557"},"modified":"2019-01-22T21:02:54","modified_gmt":"2019-01-22T20:02:54","slug":"china-lidera-la-carrera-por-el-coche-electrico","status":"publish","type":"post","link":"https:\/\/miradordeatarfe.es\/?p=28557","title":{"rendered":"China lidera la carrera por el coche el\u00e9ctrico"},"content":{"rendered":"<p style=\"text-align: justify;\">El presidente ejecutivo de Gestamp y del Instituto de la Empresa Familiar, Francisco Riberas, ha asegurado que China ha tomado las decisiones adecuadas para lograr el liderazgo en <strong>la fabricaci\u00f3n de veh\u00edculos el\u00e9ctricos<\/strong>, algo que no han hecho ni Estados Unidos ni Europa.<!--more--><\/p>\n<p style=\"text-align: justify;\">Riberas, que hizo estas declaraciones en un encuentro organizado por la Confederaci\u00f3n Espa\u00f1ola de Directivos y Ejecutivos (CEDE), indic\u00f3 que en la actualidad se est\u00e1 produciendo <em>un cambio tecnol\u00f3gico hacia el veh\u00edculo el\u00e9ctrico<\/em> y asegur\u00f3 que China \u00abapuesta por el veh\u00edculo el\u00e9ctrico con mucha m\u00e1s decisi\u00f3n de lo que est\u00e1 haciendo el resto del mundo\u00bb.<\/p>\n<p style=\"text-align: justify;\">El directivo afirm\u00f3 que en el pa\u00eds asi\u00e1tico se est\u00e1n tomando las decisiones adecuadas en esta direcci\u00f3n, ayudadas por un sistema que permite tener una mayor agilidad, al tiempo que resalt\u00f3 que tambi\u00e9n est\u00e1n tomando posiciones en el campo de las materias primas como el cobalto. \u00abVemos un plan bien trazado para ser l\u00edderes mundiales en <strong>la fabricaci\u00f3n de coches el\u00e9ctricos<\/strong>. Europa y Estados Unidos no tienen que quejarse de esto y poner en marcha planes ordenados y agresivos para ser l\u00edderes en la fabricaci\u00f3n de veh\u00edculos el\u00e9ctricos\u00bb, asegur\u00f3.<\/p>\n<h2 style=\"text-align: justify;\">\u00c1frica.<\/h2>\n<p style=\"text-align: justify;\">Por otro lado, se\u00f1al\u00f3 que la estrategia de la compa\u00f1\u00eda contempla la puesta en marcha de plantas donde sus clientes est\u00e9n operando, por lo que a\u00f1adi\u00f3 que este a\u00f1o abrir\u00e1 su primer centro en \u00c1frica, localizado en Kenitra (Marruecos). Riberas destac\u00f3 que actualmente en \u00c1frica no se fabrican muchos veh\u00edculos por la incertidumbre en varios pa\u00edses, aunque s\u00ed adelant\u00f3 que en un futuro es muy posible que se instalen nuevos centros de producci\u00f3n en pa\u00edses como Nigeria.<\/p>\n<p style=\"text-align: justify;\">El presidente de Gestamp resalt\u00f3 que su compa\u00f1\u00eda est\u00e1 actualmente construyendo cuatro centros de producci\u00f3n que se abrir\u00e1n a lo largo del presente ejercicio. Estas factor\u00edas se instalar\u00e1n en M\u00e9xico, Estados Unidos, Eslovaquia y Marruecos. En otro orden de cosas, Riberas tambi\u00e9n se refiri\u00f3 a la posibilidad de que no se alcance un acuerdo para una salida ordenada de Reino Unido de la Uni\u00f3n Europa y asegur\u00f3 que su esperanza es que impere el \u00absentido com\u00fan\u00bb.<\/p>\n<blockquote class=\"bg-accent mt-50 mb-50\" cite=\"#\"><p>El directivo afirm\u00f3 que en el pa\u00eds asi\u00e1tico se est\u00e1n tomando las decisiones adecuadas en esta direcci\u00f3n, ayudadas por un sistema que permite tener una mayor agilidad.<\/p><\/blockquote>\n<p style=\"text-align: justify;\"><img data-recalc-dims=\"1\" loading=\"lazy\" decoding=\"async\" src=\"https:\/\/i0.wp.com\/www.ecoticias.com\/userfiles\/2019\/Jan_22\/219__70_original.jpg?resize=640%2C392&#038;ssl=1\" alt=\"\" width=\"640\" height=\"392\" \/><\/p>\n<p style=\"text-align: justify;\">As\u00ed, apunt\u00f3 que Reino Unido es un importador neto de coches, principalmente procedentes de la Uni\u00f3n Europea, y explic\u00f3 que no cree que ninguna de las dos partes de la negociaci\u00f3n quiera acabar con este sector, que es \u00abintensivo en empleo\u00bb. \u00abNuestros clientes est\u00e1n retrasando la toma de decisiones de lanzamiento de nuevos modelos, esperando a ver que es lo que se pacta\u00bb, subray\u00f3 el m\u00e1ximo responsable del fabricante de componentes para autom\u00f3viles.<\/p>\n<h2 style=\"text-align: justify;\">Impacto medioambiental.<\/h2>\n<p style=\"text-align: justify;\">Por otro lado, Riberas asegur\u00f3 que no se est\u00e1 dando una visi\u00f3n global del impacto del reciclaje de <em>las bater\u00edas de los veh\u00edculos el\u00e9ctricos<\/em>, ya que indic\u00f3 que si se habla de un mill\u00f3n de unidades \u00abtodo va bien\u00bb, pero el problema viene cuando se prev\u00e9 que el 20% de los coches sean el\u00e9ctricos.<\/p>\n<p style=\"text-align: justify;\">Riberas indic\u00f3 que las bater\u00edas de uno de estos veh\u00edculos puede pesar unos 300 kilogramos y se\u00f1al\u00f3 que si el volumen es reducido \u00abno es un problema\u00bb, pero que si aumenta la venta de estos veh\u00edculos hay que afrontar el tema de la \u00abreciclabilidad\u00bb de las bater\u00edas. As\u00ed, resalt\u00f3 que la llegada del coche el\u00e9ctrico \u00abes una oportunidad\u00bb para su empresa, al contrario que para algunos fabricantes de autom\u00f3viles, que tendr\u00e1n que reconvertirse y <strong>adaptar sus veh\u00edculos<\/strong> a la llegada de esta tecnolog\u00eda.<\/p>\n<p style=\"text-align: justify;\">Por: ECOticias.com \/ Red \/ Agencias<\/p>\n","protected":false},"excerpt":{"rendered":"<p>El presidente ejecutivo de Gestamp y del Instituto de la Empresa Familiar, Francisco Riberas, ha&#8230;<\/p>\n","protected":false},"author":1,"featured_media":28558,"comment_status":"closed","ping_status":"closed","sticky":false,"template":"","format":"standard","meta":{"_coblocks_attr":"","_coblocks_dimensions":"","_coblocks_responsive_height":"","_coblocks_accordion_ie_support":"","jetpack_post_was_ever_published":false,"_jetpack_newsletter_access":"","_jetpack_dont_email_post_to_subs":false,"_jetpack_newsletter_tier_id":0,"_jetpack_memberships_contains_paywalled_content":false,"_jetpack_memberships_contains_paid_content":false,"footnotes":"","jetpack_publicize_message":"","jetpack_publicize_feature_enabled":true,"jetpack_social_post_already_shared":false,"jetpack_social_options":{"image_generator_settings":{"template":"highway","default_image_id":0,"enabled":false},"version":2}},"categories":[44,15],"tags":[4844,2743],"class_list":["post-28557","post","type-post","status-publish","format-standard","has-post-thumbnail","hentry","category-noticias-de-hoy","category-ultimas-noticias","tag-coches-electricos","tag-inversiones"],"jetpack_publicize_connections":[],"jetpack_featured_media_url":"https:\/\/i0.wp.com\/miradordeatarfe.es\/wp-content\/uploads\/2019\/01\/RSHK_218_.jpg?fit=730%2C483&ssl=1","jetpack_likes_enabled":true,"jetpack_sharing_enabled":true,"_links":{"self":[{"href":"https:\/\/miradordeatarfe.es\/index.php?rest_route=\/wp\/v2\/posts\/28557","targetHints":{"allow":["GET"]}}],"collection":[{"href":"https:\/\/miradordeatarfe.es\/index.php?rest_route=\/wp\/v2\/posts"}],"about":[{"href":"https:\/\/miradordeatarfe.es\/index.php?rest_route=\/wp\/v2\/types\/post"}],"author":[{"embeddable":true,"href":"https:\/\/miradordeatarfe.es\/index.php?rest_route=\/wp\/v2\/users\/1"}],"replies":[{"embeddable":true,"href":"https:\/\/miradordeatarfe.es\/index.php?rest_route=%2Fwp%2Fv2%2Fcomments&post=28557"}],"version-history":[{"count":1,"href":"https:\/\/miradordeatarfe.es\/index.php?rest_route=\/wp\/v2\/posts\/28557\/revisions"}],"predecessor-version":[{"id":28559,"href":"https:\/\/miradordeatarfe.es\/index.php?rest_route=\/wp\/v2\/posts\/28557\/revisions\/28559"}],"wp:featuredmedia":[{"embeddable":true,"href":"https:\/\/miradordeatarfe.es\/index.php?rest_route=\/wp\/v2\/media\/28558"}],"wp:attachment":[{"href":"https:\/\/miradordeatarfe.es\/index.php?rest_route=%2Fwp%2Fv2%2Fmedia&parent=28557"}],"wp:term":[{"taxonomy":"category","embeddable":true,"href":"https:\/\/miradordeatarfe.es\/index.php?rest_route=%2Fwp%2Fv2%2Fcategories&post=28557"},{"taxonomy":"post_tag","embeddable":true,"href":"https:\/\/miradordeatarfe.es\/index.php?rest_route=%2Fwp%2Fv2%2Ftags&post=28557"}],"curies":[{"name":"wp","href":"https:\/\/api.w.org\/{rel}","templated":true}]}}