{"id":28710,"date":"2019-01-30T11:13:57","date_gmt":"2019-01-30T10:13:57","guid":{"rendered":"http:\/\/miradordeatarfe.es\/?p=28710"},"modified":"2019-01-29T11:30:47","modified_gmt":"2019-01-29T10:30:47","slug":"el-atarfeno-juan-ignacio-soto-fue-el-primer-erasmus-granadino","status":"publish","type":"post","link":"https:\/\/miradordeatarfe.es\/?p=28710","title":{"rendered":"EL ATARFE\u00d1O JUAN IGNACIO SOTO FUE EL PRIMER ERASMUS GRANADINO"},"content":{"rendered":"<header id=\"header\" class=\"section-header\">\n<div class=\"limiter\"><\/div>\n<\/header>\n<div class=\"page-wrap moved\">\n<div class=\"pg-article details\">\n<div class=\"gd\">\n<div class=\"gdu u24\">\n<article class=\"pg-content\">\n<div class=\"gd\">\n<div class=\"gdu u16 u-first\">\n<div class=\"pg-media\">\n<div class=\"md-gallery md\" data-gallery-navigation=\"true\" data-gallery-lazy-loading=\"true\">\n<div class=\"gallery-content-wrap\">\n<div class=\"gallery-slider swiper-container swiper-container-horizontal\">\n<div class=\"swiper-wrapper\">\n<div class=\"gallery-slide swiper-slide swiper-slide-active\">\n<div class=\"inner\">\n<figure id=\"media-holder_1112810903\" class=\"image-holder\" style=\"text-align: justify;\"><span class=\"obj-img\"><span class=\"obj-img\">Apenas una veintena de estudiantes de la UGR participaron en la primera edici\u00f3n del Erasmus . Juan Ignacio Soto reconoce que \u00abun c\u00famulo de azares\u00bb le llev\u00f3 a Tesal\u00f3nica<!--more--><\/span><\/span><\/p>\n<div class=\"mce-body \">\n<p class=\"mce\">\u00abLo primero que aprend\u00ed a decir en griego fue &#8216;ena potiri ner\u00f3&#8217;, un vaso de agua\u00bb. Juan Ignacio Soto puede considerarse como el primer erasmus de la Universidad de Granada. En abril de 1988, tres meses despu\u00e9s de aceptar participar en el programa de intercambio, viaj\u00f3 a Grecia para una estancia de dos meses en la Universidad de Tesal\u00f3nica. \u00abYo no eleg\u00ed ir all\u00ed. Fue m\u00e1s bien Tesal\u00f3nica quien me eligi\u00f3 a m\u00ed\u00bb, recuerda con una sonrisa.<\/p>\n<p class=\"mce\">Reci\u00e9n licenciado, Soto comenzaba a dar los primeros pasos para elaborar su tesis. \u00abAquello fue un c\u00famulo de azares\u00bb, rememora sentado en su despacho de la Facultad de Ciencias. Hoy, Juan Ignacio Soto, es catedr\u00e1tico del Departamento de Geodin\u00e1mica. \u00abMe llam\u00f3 el vicerrector de Relaciones Internacionales, que era de mi departamento. Luego lleg\u00f3 a rector\u00bb. Francisco Gonz\u00e1lez Lodeiro le coment\u00f3 a primeros de 1988 que la Universidad de Granada hab\u00eda firmado el convenio para participar en el programa Erasmus -a\u00fan en pa\u00f1ales- y que hab\u00eda plazas vacantes. Una, la de Tesal\u00f3nica, era para Juan Ignacio Soto. \u00abLa incorporaci\u00f3n ten\u00eda que ser inmediata\u00bb. Junto a \u00e9l, una veintena m\u00e1s de estudiantes conformaron la primera avanzadilla de universitarios granadinos en el programa Erasmus. Hoy, tres d\u00e9cadas despu\u00e9s, la Universidad de Granada env\u00eda cada a\u00f1o a unos 2.000 estudiantes al extranjero.<\/p>\n<blockquote class=\"blockquote inset-auto\">\n<figure>Su hijo, Ignacio, tambi\u00e9n ha participado en el programa Erasmus<\/figure>\n<\/blockquote>\n<p class=\"mce\">En abril del 88 Soto sobrevol\u00f3 el Mediterr\u00e1neo para aterrizar en su destino. Ni que decir tiene que no hablaba griego, y que el ingl\u00e9s no era su fuerte. Cuando lleg\u00f3, se encontr\u00f3 con un pa\u00eds que le record\u00f3 \u00aba la Espa\u00f1a de los 60\u00bb, aunque el nivel de ingl\u00e9s en tierras helenas era superior al que se pod\u00eda encontrar en Granada.<\/p>\n<p class=\"mce\">\u00abNo iba con un programa establecido, ni hab\u00eda un sistema de alojamiento&#8230; \u00fanicamente sab\u00edan que iba a ir\u00bb.<\/p>\n<p class=\"mce\">Aquella precariedad en la organizaci\u00f3n de su estancia no amilan\u00f3 al granadino, que exprimi\u00f3 los dos meses al m\u00e1ximo. De frente, se encontr\u00f3 con situaciones que hoy parecer\u00edan rayanas en la tragedia. No exist\u00edan los m\u00f3viles, ni internet. Ni los euros. All\u00ed hab\u00eda dracmas y en Espa\u00f1a pesetas. \u00abPod\u00eda llamar una vez a la semana y escrib\u00eda cartas\u00bb. Viaj\u00f3 con el dinero -d\u00f3lares y travel cheques- en el cintur\u00f3n. Sin embargo, eso era lo normal en 1988.<\/p>\n<p class=\"mce\">En su destino, se movi\u00f3 tanto como pudo y lleg\u00f3 a dar clase por primera vez. \u00abMe permitieron ser profesor de pr\u00e1cticas\u00bb, una oportunidad que hoy este investigador y profesor valora como \u00abmagn\u00edfica\u00bb. \u00abQuise insertarme en el departamento y ped\u00ed mapas, documentaci\u00f3n&#8230; como me vieron con inter\u00e9s me invitaron a excursiones\u00bb. Durante los fines de semana tambi\u00e9n se dedic\u00f3 a conocer la singular geograf\u00eda griega, desde Meteora a las islas. \u00abEl viaje me lo organic\u00e9 yo\u00bb. Entre los folios de dos libretas, escritas con una graf\u00eda primorosa, guarda recuerdos de aquel viaje. Como las tarjetas de embarque validadas a mano. Como se hac\u00eda en 1988.<\/p>\n<p><a href=\"https:\/\/i0.wp.com\/miradordeatarfe.es\/wp-content\/uploads\/2019\/01\/Juan-Ignacio-Soto-Erasmus-Tesalonica_1140196474_69126106_1523x1024.jpg?ssl=1\"><img data-recalc-dims=\"1\" loading=\"lazy\" decoding=\"async\" class=\"alignnone size-full wp-image-28711\" src=\"https:\/\/i0.wp.com\/miradordeatarfe.es\/wp-content\/uploads\/2019\/01\/Juan-Ignacio-Soto-Erasmus-Tesalonica_1140196474_69126106_1523x1024.jpg?resize=640%2C431&#038;ssl=1\" alt=\"\" width=\"640\" height=\"431\" srcset=\"https:\/\/i0.wp.com\/miradordeatarfe.es\/wp-content\/uploads\/2019\/01\/Juan-Ignacio-Soto-Erasmus-Tesalonica_1140196474_69126106_1523x1024.jpg?w=1522&amp;ssl=1 1522w, https:\/\/i0.wp.com\/miradordeatarfe.es\/wp-content\/uploads\/2019\/01\/Juan-Ignacio-Soto-Erasmus-Tesalonica_1140196474_69126106_1523x1024.jpg?resize=300%2C202&amp;ssl=1 300w, https:\/\/i0.wp.com\/miradordeatarfe.es\/wp-content\/uploads\/2019\/01\/Juan-Ignacio-Soto-Erasmus-Tesalonica_1140196474_69126106_1523x1024.jpg?resize=768%2C517&amp;ssl=1 768w, https:\/\/i0.wp.com\/miradordeatarfe.es\/wp-content\/uploads\/2019\/01\/Juan-Ignacio-Soto-Erasmus-Tesalonica_1140196474_69126106_1523x1024.jpg?resize=1024%2C689&amp;ssl=1 1024w, https:\/\/i0.wp.com\/miradordeatarfe.es\/wp-content\/uploads\/2019\/01\/Juan-Ignacio-Soto-Erasmus-Tesalonica_1140196474_69126106_1523x1024.jpg?resize=600%2C404&amp;ssl=1 600w, https:\/\/i0.wp.com\/miradordeatarfe.es\/wp-content\/uploads\/2019\/01\/Juan-Ignacio-Soto-Erasmus-Tesalonica_1140196474_69126106_1523x1024.jpg?w=1280&amp;ssl=1 1280w\" sizes=\"auto, (max-width: 640px) 100vw, 640px\" \/><\/a><\/p>\n<p class=\"mce\">\u00abLos griegos son gente extraordinaria\u00bb, que mostraron su hospitalidad a aquel granadino barbado al que, por su atuendo, confund\u00edan con frecuencia con un alem\u00e1n.<\/p>\n<p class=\"mce\">\u00abEn aquella \u00e9poca nadie ten\u00eda la necesidad de salir. Se ve\u00eda raro\u00bb en la Facultad de Ciencias. \u00abAhora se ve normal\u00bb, apostilla Soto, que indica que \u00ablos mejores profesores que hab\u00eda tenido se hab\u00edan formado fuera\u00bb, ya que \u00abel conocimiento no est\u00e1 en una universidad\u00bb. Esa l\u00f3gica le impuls\u00f3 a aprovechar la oportunidad que se le presentaba. \u00abMe di cuenta de que ten\u00eda que completar mi formaci\u00f3n fuera\u00bb. Tras Grecia, Juan Ignacio Soto continu\u00f3 con su trabajo en universidades del Reino Unido como Londres y Oxford y tambi\u00e9n en Estados Unidos. La experiencia griega \u00abme sirvi\u00f3 para fortalecer mi ingl\u00e9s\u00bb.<\/p>\n<p class=\"mce\">Adem\u00e1s, \u00abgan\u00e9 en seguridad, me di cuenta de que ten\u00eda una buena formaci\u00f3n\u00bb, y sirvi\u00f3 de acicate para continuar con sus estudios en el extranjero. Tan honda ha sido la huella de aquella experiencia que Soto afirma que \u00abnos ha cambiado a todos\u00bb. \u00c9l, adem\u00e1s, es padre de otro part\u00edcipe en el Erasmus. Su hijo Ignacio estuvo en Portugal, en la ciudad de Viseu, de donde regres\u00f3 \u00abcontento y m\u00e1s seguro\u00bb.<\/p>\n<p class=\"mce\">Juan Ignacio ha regresado a Grecia, a trabajar. Con algunos de sus amigos en Tesal\u00f3nica mantiene el contacto y tambi\u00e9n con su Universidad de destino. Estos v\u00ednculos le ha permitido trabajar en proyectos de investigaci\u00f3n internacionales.<\/p>\n<p class=\"mce\">\u00abEuropa ha cambiado por los j\u00f3venes\u00bb, valora sobre la incidencia del programa en las relaciones internacionales actuales. \u00abNo dejo de animar a la gente a que vaya a otros pa\u00edses\u00bb.<\/p>\n<\/div><figcaption><\/figcaption><\/figure>\n<\/div>\n<\/div>\n<\/div>\n<\/div>\n<\/div>\n<\/div>\n<\/div>\n<div class=\"pg-body\">\n<div class=\"mce-body \">\n<h3 class=\"byline\" style=\"text-align: justify;\"><small> <small class=\"author\"> A. Asensio <\/small> <time class=\"dateline\">Granada,<\/time> <\/small><\/h3>\n<p>FOTO: Juan Ignacio Soto, en su despacho de Ciencias, repasa el diario que escribi\u00f3 durante sus dos meses en Grecia. <wbr \/> <span class=\"source\">pedro hidalgo<\/span><\/p>\n<p>https:\/\/www.granadahoy.com\/granada\/primer-erasmus-granadino-UGR-Universidad-Granada-programa-30-aniversario_0_1140186494.html<\/p>\n<\/div>\n<\/div>\n<\/div>\n<\/div>\n<\/article>\n<\/div>\n<\/div>\n<\/div>\n<\/div>\n<p>&nbsp;<\/p>\n","protected":false},"excerpt":{"rendered":"<p>Apenas una veintena de estudiantes de la UGR participaron en la primera edici\u00f3n del Erasmus&#8230;<\/p>\n","protected":false},"author":1,"featured_media":28712,"comment_status":"closed","ping_status":"closed","sticky":false,"template":"","format":"standard","meta":{"_coblocks_attr":"","_coblocks_dimensions":"","_coblocks_responsive_height":"","_coblocks_accordion_ie_support":"","jetpack_post_was_ever_published":false,"_jetpack_newsletter_access":"","_jetpack_dont_email_post_to_subs":false,"_jetpack_newsletter_tier_id":0,"_jetpack_memberships_contains_paywalled_content":false,"_jetpack_memberships_contains_paid_content":false,"footnotes":"","jetpack_publicize_message":"","jetpack_publicize_feature_enabled":true,"jetpack_social_post_already_shared":false,"jetpack_social_options":{"image_generator_settings":{"template":"highway","default_image_id":0,"enabled":false},"version":2}},"categories":[2,186,44,15],"tags":[1114,5687,1053],"class_list":["post-28710","post","type-post","status-publish","format-standard","has-post-thumbnail","hentry","category-atarfe","category-instituciones","category-noticias-de-hoy","category-ultimas-noticias","tag-atarfeno","tag-erqasmus","tag-europa"],"jetpack_publicize_connections":[],"jetpack_featured_media_url":"https:\/\/i0.wp.com\/miradordeatarfe.es\/wp-content\/uploads\/2019\/01\/Juan-Ignacio-Soto-Ciencias-Grecia_1140196472_69126032_667x375.jpg?fit=667%2C375&ssl=1","jetpack_likes_enabled":true,"jetpack_sharing_enabled":true,"_links":{"self":[{"href":"https:\/\/miradordeatarfe.es\/index.php?rest_route=\/wp\/v2\/posts\/28710","targetHints":{"allow":["GET"]}}],"collection":[{"href":"https:\/\/miradordeatarfe.es\/index.php?rest_route=\/wp\/v2\/posts"}],"about":[{"href":"https:\/\/miradordeatarfe.es\/index.php?rest_route=\/wp\/v2\/types\/post"}],"author":[{"embeddable":true,"href":"https:\/\/miradordeatarfe.es\/index.php?rest_route=\/wp\/v2\/users\/1"}],"replies":[{"embeddable":true,"href":"https:\/\/miradordeatarfe.es\/index.php?rest_route=%2Fwp%2Fv2%2Fcomments&post=28710"}],"version-history":[{"count":1,"href":"https:\/\/miradordeatarfe.es\/index.php?rest_route=\/wp\/v2\/posts\/28710\/revisions"}],"predecessor-version":[{"id":28713,"href":"https:\/\/miradordeatarfe.es\/index.php?rest_route=\/wp\/v2\/posts\/28710\/revisions\/28713"}],"wp:featuredmedia":[{"embeddable":true,"href":"https:\/\/miradordeatarfe.es\/index.php?rest_route=\/wp\/v2\/media\/28712"}],"wp:attachment":[{"href":"https:\/\/miradordeatarfe.es\/index.php?rest_route=%2Fwp%2Fv2%2Fmedia&parent=28710"}],"wp:term":[{"taxonomy":"category","embeddable":true,"href":"https:\/\/miradordeatarfe.es\/index.php?rest_route=%2Fwp%2Fv2%2Fcategories&post=28710"},{"taxonomy":"post_tag","embeddable":true,"href":"https:\/\/miradordeatarfe.es\/index.php?rest_route=%2Fwp%2Fv2%2Ftags&post=28710"}],"curies":[{"name":"wp","href":"https:\/\/api.w.org\/{rel}","templated":true}]}}