{"id":28719,"date":"2019-01-31T08:54:59","date_gmt":"2019-01-31T07:54:59","guid":{"rendered":"http:\/\/miradordeatarfe.es\/?p=28719"},"modified":"2019-01-29T12:20:10","modified_gmt":"2019-01-29T11:20:10","slug":"sector-publico-indefinidos-y-con-formacion-las-claves-del-empleo-en-2018","status":"publish","type":"post","link":"https:\/\/miradordeatarfe.es\/?p=28719","title":{"rendered":"Sector p\u00fablico, indefinidos y con formaci\u00f3n: las claves del empleo en 2018"},"content":{"rendered":"<p class=\"articulo-subtitulo\" style=\"text-align: justify;\">El alza de la temporalidad empa\u00f1a un buen ejercicio para el mercado de trabajo<!--more--><\/p>\n<p style=\"text-align: justify;\">Espa\u00f1a ha cerrado otro a\u00f1o de fuerte crecimiento del empleo, por encima del medio mill\u00f3n de nuevos ocupados a pesar de las se\u00f1ales de desaceleraci\u00f3n econ\u00f3mica. El sector p\u00fablico ha permitido cerrar en positivo el \u00faltimo trimestre del a\u00f1o, algo que no suced\u00eda desde 2015, mientras por segundo a\u00f1o consecutivo se crean m\u00e1s de 300.000 empleos fijos a tiempo completo.<\/p>\n<p><a href=\"https:\/\/i0.wp.com\/miradordeatarfe.es\/wp-content\/uploads\/2019\/01\/1548752180_749839_1548757860_noticia_normal_recorte1.jpg?ssl=1\"><img data-recalc-dims=\"1\" loading=\"lazy\" decoding=\"async\" class=\"alignnone size-full wp-image-28720\" src=\"https:\/\/i0.wp.com\/miradordeatarfe.es\/wp-content\/uploads\/2019\/01\/1548752180_749839_1548757860_noticia_normal_recorte1.jpg?resize=640%2C361&#038;ssl=1\" alt=\"\" width=\"640\" height=\"361\" srcset=\"https:\/\/i0.wp.com\/miradordeatarfe.es\/wp-content\/uploads\/2019\/01\/1548752180_749839_1548757860_noticia_normal_recorte1.jpg?w=1960&amp;ssl=1 1960w, https:\/\/i0.wp.com\/miradordeatarfe.es\/wp-content\/uploads\/2019\/01\/1548752180_749839_1548757860_noticia_normal_recorte1.jpg?resize=300%2C169&amp;ssl=1 300w, https:\/\/i0.wp.com\/miradordeatarfe.es\/wp-content\/uploads\/2019\/01\/1548752180_749839_1548757860_noticia_normal_recorte1.jpg?resize=768%2C433&amp;ssl=1 768w, https:\/\/i0.wp.com\/miradordeatarfe.es\/wp-content\/uploads\/2019\/01\/1548752180_749839_1548757860_noticia_normal_recorte1.jpg?resize=1024%2C578&amp;ssl=1 1024w, https:\/\/i0.wp.com\/miradordeatarfe.es\/wp-content\/uploads\/2019\/01\/1548752180_749839_1548757860_noticia_normal_recorte1.jpg?resize=600%2C339&amp;ssl=1 600w, https:\/\/i0.wp.com\/miradordeatarfe.es\/wp-content\/uploads\/2019\/01\/1548752180_749839_1548757860_noticia_normal_recorte1.jpg?w=1280&amp;ssl=1 1280w\" sizes=\"auto, (max-width: 640px) 100vw, 640px\" \/><\/a><\/p>\n<ol class=\"en_contenido\">\n<li style=\"text-align: justify;\"><strong>Mejora la calidad de los trabajos.<\/strong><br \/>\nEn cuanto a la calidad en el empleo y los colectivos que encontraron un trabajo el pasado a\u00f1o, las cifras de la EPA arrojan tres buenas noticias. La primera es que continu\u00f3 el aumento del empleo estable: seis de cada diez nuevos ocupados de 2018 tuvo un contrato fijo a jornada completa, con 323.000 nuevos empleos de este tipo. En dos a\u00f1os se han creado 672.000 emleos fijos a jornada completa. Igualmente, solo dos de cada diez nuevos empleos creados en 2018 fueron a tiempo parcial. Finalmente, los trabajadores m\u00e1s j\u00f3venes de entre 16 y 19 a\u00f1os fueron los que se anotaron un mayor incremento del empleo, con un 15% de ocupados m\u00e1s en un solo a\u00f1o.<\/li>\n<li style=\"text-align: justify;\"><strong>Alza del empleo p\u00fablico.<br \/>\n<\/strong> El sector p\u00fablico lleva cuatro trimestres consecutivos creciendo a mayor ritmo que el empleo privado, en tasa interanual. En el trimestre, de hecho, ha sido el sector p\u00fablico el que ha evitado que suba el paro, a\u00f1adiendo 43.400 empleos al mercado y permitiendo el mejor cuarto trimestre para el mercado laboral desde 2015. En los \u00faltimos siete trimestres, el empleo p\u00fablico ha generado 237.000 puestos de trabajo. Aunque son menos que los 889.000 generados por el sector privado, en t\u00e9rminos relativos el empleo p\u00fablico ha crecido un 8% desde el primer trimestre de 2017, frente al 5,7% del privado.<\/li>\n<li style=\"text-align: justify;\"><strong>Vuelve el ladrillo.<\/strong><br \/>\nLleva ya tiempo de vuelta, pero cada Encuesta de Poblaci\u00f3n Activa o cada dato de afiliaci\u00f3n muestra el crecimiento del negocio de la construcci\u00f3n. En el a\u00f1o 2018 ha creado menos empleo, obviamente, que los servicios (136.300 empleos frente a 482.000), pero en porcentaje crece a ritmos del 12% interanual. Aun as\u00ed, hay 1,28 millones de espa\u00f1oles trabajando en la construcci\u00f3n, menos de la mitad que en 2008. Una de las malas noticias de 2018 en el empleo, por otro lado, es que el empleo en el sector industrial ha ca\u00eddo, tras dos a\u00f1os de recuperaci\u00f3n del empleo. Mientras, el sector servicios crece a ritmos similares a la econom\u00eda, un el 3%. Los ocupados en las ramas de la construcci\u00f3n ya representan el 6,5% del total de trabajadores, el mayor peso en seis a\u00f1os. Si bien, este peso queda a\u00fan muy lejos del 16,3% que representaba este sector en el arranque de la crisis, a principios de 2008.<\/li>\n<li style=\"text-align: justify;\"><strong>Tendencia positiva.<\/strong><br \/>\nUno de los indicadores que refleja que el mercado laboral mantiene una buena salud es el de la evoluci\u00f3n de la tasa de crecimiento de la ocupaci\u00f3n desestacionalizada. Esta tasa mide el crecimiento del empleo una vez depurados los elementos estacionales, con lo que muestra m\u00e1s fielmente la tendencia del mercado. En dos trimestres del pasado a\u00f1o, en el segundo y en el cuarto, se registraron niveles de crecimiento trimestral de la ocupaci\u00f3n del 0,93% y del 0,91%, respectivamente, los m\u00e1s elevados en los \u00faltimos dos a\u00f1os y medio, desde el segundo trimestre de 2015, cuando se registr\u00f3 el mayor momento de recuperaci\u00f3n del empleo (con una tasa desestacionalizada de aumento trimestral del n\u00famero de ocupados del 1%). Otra muestra de que el mercado ha mantenido su mejora, frente a algunos s\u00edntomas de clara desaceleraci\u00f3n registrados a lo largo de los \u00faltimos meses, es que en el \u00faltimo trimestre del pasado a\u00f1o hubo m\u00e1s ciudadanos que pasaron de estar parados a estar ocupados (840.200 personas) que aquellos que estaban ocupados y perdieron su empleo (736.100).<\/li>\n<li style=\"text-align: justify;\"><strong>Protagonismo de los extranjeros.<\/strong><br \/>\nEl n\u00famero de activos -que mide las personas en edad y disposici\u00f3n de trabajar, tengan ya un empleo o lo est\u00e9n buscando- ha subido en 103.800 personas. Sin embargo, el peso de todos los activos sobre la poblaci\u00f3n total mayor de 16 a\u00f1os, la denominada tasa de actividad que marca el potencial de crecimiento del empleo de una econom\u00eda, descendi\u00f3 el pasado a\u00f1o casi dos d\u00e9cimas hasta el 58,6%. \u00bfPor qu\u00e9 ha ocurrido esto? Se debe a que la poblaci\u00f3n en general ha aumentado en el \u00faltimo a\u00f1o el triple que los activos. En concreto, la poblaci\u00f3n mayor de 16 a\u00f1os sum\u00f3 302.900 personas m\u00e1s frente al aumento antes citado de 103.800 activos. Este aumento de la poblaci\u00f3n se produjo fundamentalmente por la incorporaci\u00f3n de inmigrantes: ocho de cada diez nuevos mayores de 16 a\u00f1os fueron extranjeros (234.600 de un total de 302.900). De hecho, en t\u00e9rminos netos todos los nuevos activos de 2018 fueron extranjeros (105.600 extranjeros m\u00e1s frente a una disminuci\u00f3n de 1.800 activos espa\u00f1oles).<\/li>\n<li style=\"text-align: justify;\"><strong>El legado de la crisis.<\/strong><br \/>\nEspa\u00f1a tiene 19.564 millones de ocupados. A\u00fan est\u00e1 a m\u00e1s de un mill\u00f3n de empleos de alcanzar el r\u00e9cord marcado en el tercer trimestre de 2007, con 20,75 millones de puestos de trabajo. No obstante, el tir\u00f3n del turismo y el alza de poblaci\u00f3n ha permitido de que Baleares y Canarias superen los niveles de empleo de la burbuja. A nivel provincial, adem\u00e1s de Santa Cruz de Tenerife, Gran Canaria y Baleares, Guadalajara (con mucha poblaci\u00f3n que vive en esta provincia pero trabaja en Madrid) y M\u00e1laga tienen m\u00e1s empleo que antes de la burbuja. Por el contrario, Galicia, Asturias, Extremadura y Castilla y Le\u00f3n a\u00fan est\u00e1n a un 90% del empleo registrado en la burbuja.<\/li>\n<li style=\"text-align: justify;\"><strong>D\u00f3nde hay pleno empleo (o casi).<br \/>\n<\/strong>Hay seis comunidades aut\u00f3nomas con tasas de paro por debajo del 10% de su poblaci\u00f3n activa: Pa\u00eds Vasco (9,58%); Cantabria (9,68%) y Navarra (9,99%). Y en el caso de los hombres descienden de este umbral, adem\u00e1s de estas tres comunidades, Arag\u00f3n, Castilla y Le\u00f3n, y La Rioja. Mientras que solo en el Pa\u00eds Vasco, la tasa de paro de las mujeres baja del 10%. Por el ontrario, Extremadura, Andaluc\u00eda, Ceuta y Melilla superan el 20% de tasa de paro. Pese a ello, tanto Andaluc\u00eda como Extremadura est\u00e1n entre las comunidades donde el empleo creci\u00f3 por encima de la media. Este grupo est\u00e1 liderado claramente por el empleo tur\u00edstico ya que las tres regiones donde m\u00e1s ocupaci\u00f3n se gener\u00f3 en 2018 fueron Baleares, Canarias y Andaluc\u00eda, con avances respectivos del n\u00famero de trabajadores del, 6,8%, 4,7% y 3,9%.<\/li>\n<li style=\"text-align: justify;\"><strong>Madrid, Andaluc\u00eda y las islas, comunidades m\u00e1s din\u00e1micas.<br \/>\n<\/strong>Baleares ha sido la estrella del empleo en 2018, consiguiendo un alza de la ocupaci\u00f3n del 6,86%, pese a haber perdido 65.000 empleos en el \u00faltimo trimestre. Canarias, Andaluc\u00eda y Madrid son las siguientes comunidades con mayores crecimientos del empleo en el a\u00f1o. No hay ninguna comunidad que haya destruido empleo en el a\u00f1o, su bien en Asturias el crecimiento ha sido de solo el 0,57%. En t\u00e9rminos absolutos, las tres comunidades m\u00e1s pobladas (Andaluc\u00eda, Madrid y Catalu\u00f1a) generan 302.000 empleos en el a\u00f1o, m\u00e1s de la mitad del total.<\/li>\n<li style=\"text-align: justify;\"><strong>Mejor para quien ha estudiado.<\/strong><br \/>\nLa formaci\u00f3n superior no es garant\u00eda de trabajo, pero facilita la empleabilidad. En 2018 se han creado 327.000 empleos para personas con educaci\u00f3n superior, un crecimiento del 4%, casi el doble del 2,2% (239.000 personas) al que ha aumentado el empleo entre las personas con menores niveles de formaci\u00f3n. En total en Espa\u00f1a han 8,45 millones de licenciados ocupados, y 11,11 millones de personas trabajando con menores niveles de titulaci\u00f3n.<\/li>\n<li style=\"text-align: justify;\"><strong>Un mal trimestre para los j\u00f3venes.<\/strong><br \/>\nEn los \u00faltimos tres meses de 2018 solo se ha creado empleo de forma significativa para los mayores de 40 a\u00f1os. Se han creado 115.600 empleos entre mayores de 40 a\u00f1os y se han destruido 78.900 entre los menores. No obstante, el panorama es algo diferente si se toma el conjunto del a\u00f1o: el empleo crece a tasas superiores al 2,5% o 3% en todos los tramos de edad, salvo en el de 30 a 40 a\u00f1os, donde se destruyen 60.000 empleos en el a\u00f1o. Los mayores de 55 a\u00f1os ocupados han crecido un 7% en 2018: el envejecimiento de la poblaci\u00f3n ocupada espa\u00f1ola sigue en aumento y los mayores de 50 a\u00f1os son ya casi un tercio del total de trabajadores.<\/li>\n<li style=\"text-align: justify;\"><strong>Hogares solo con parados.<\/strong><br \/>\nSigue habiendo en Espa\u00f1a un mill\u00f3n de hogares donde todos los miembros est\u00e1n en paro, aunque esta cantidad ha descendido en 30.300 durante el trimestre y en 157.000 en el conjunto del a\u00f1o. Tres cuartas partes de estos hogares en los que todos los trabajadores activos no tiene trabajo est\u00e1n compuestos por dos o m\u00e1s personas, seg\u00fan la EPA.<\/li>\n<li style=\"text-align: justify;\"><strong>Baja el paro de larga duraci\u00f3n.<\/strong><br \/>\nUno de los grandes problemas del mercado laboral espa\u00f1ol es el elevado n\u00famero de parados que lleva demasiado tiempo desenganchado del empleo. El paro de larga duraci\u00f3n (de m\u00e1s de dos a\u00f1os) est\u00e1 en 1,09 millones de personas. Con todo, se ha recortado notablemente este a\u00f1o, un 20%, una tasa m\u00e1s acelerada que la reducci\u00f3n del paro en conjunto.<\/li>\n<\/ol>\n<p>&nbsp;<\/p>\n<p>https:\/\/cincodias.elpais.com\/cincodias\/2019\/01\/29\/economia\/1548752180_749839.html<\/p>\n","protected":false},"excerpt":{"rendered":"<p>El alza de la temporalidad empa\u00f1a un buen ejercicio para el mercado de trabajo<\/p>\n","protected":false},"author":1,"featured_media":28721,"comment_status":"closed","ping_status":"closed","sticky":false,"template":"","format":"standard","meta":{"_coblocks_attr":"","_coblocks_dimensions":"","_coblocks_responsive_height":"","_coblocks_accordion_ie_support":"","jetpack_post_was_ever_published":false,"_jetpack_newsletter_access":"","_jetpack_dont_email_post_to_subs":false,"_jetpack_newsletter_tier_id":0,"_jetpack_memberships_contains_paywalled_content":false,"_jetpack_memberships_contains_paid_content":false,"footnotes":"","jetpack_publicize_message":"","jetpack_publicize_feature_enabled":true,"jetpack_social_post_already_shared":false,"jetpack_social_options":{"image_generator_settings":{"template":"highway","default_image_id":0,"enabled":false},"version":2}},"categories":[1161,44,15],"tags":[223,5688],"class_list":["post-28719","post","type-post","status-publish","format-standard","has-post-thumbnail","hentry","category-ciudadania","category-noticias-de-hoy","category-ultimas-noticias","tag-empleo","tag-empleo-publico"],"jetpack_publicize_connections":[],"jetpack_featured_media_url":"https:\/\/i0.wp.com\/miradordeatarfe.es\/wp-content\/uploads\/2019\/01\/quantum-empleo1.jpg?fit=1000%2C646&ssl=1","jetpack_likes_enabled":true,"jetpack_sharing_enabled":true,"_links":{"self":[{"href":"https:\/\/miradordeatarfe.es\/index.php?rest_route=\/wp\/v2\/posts\/28719","targetHints":{"allow":["GET"]}}],"collection":[{"href":"https:\/\/miradordeatarfe.es\/index.php?rest_route=\/wp\/v2\/posts"}],"about":[{"href":"https:\/\/miradordeatarfe.es\/index.php?rest_route=\/wp\/v2\/types\/post"}],"author":[{"embeddable":true,"href":"https:\/\/miradordeatarfe.es\/index.php?rest_route=\/wp\/v2\/users\/1"}],"replies":[{"embeddable":true,"href":"https:\/\/miradordeatarfe.es\/index.php?rest_route=%2Fwp%2Fv2%2Fcomments&post=28719"}],"version-history":[{"count":1,"href":"https:\/\/miradordeatarfe.es\/index.php?rest_route=\/wp\/v2\/posts\/28719\/revisions"}],"predecessor-version":[{"id":28722,"href":"https:\/\/miradordeatarfe.es\/index.php?rest_route=\/wp\/v2\/posts\/28719\/revisions\/28722"}],"wp:featuredmedia":[{"embeddable":true,"href":"https:\/\/miradordeatarfe.es\/index.php?rest_route=\/wp\/v2\/media\/28721"}],"wp:attachment":[{"href":"https:\/\/miradordeatarfe.es\/index.php?rest_route=%2Fwp%2Fv2%2Fmedia&parent=28719"}],"wp:term":[{"taxonomy":"category","embeddable":true,"href":"https:\/\/miradordeatarfe.es\/index.php?rest_route=%2Fwp%2Fv2%2Fcategories&post=28719"},{"taxonomy":"post_tag","embeddable":true,"href":"https:\/\/miradordeatarfe.es\/index.php?rest_route=%2Fwp%2Fv2%2Ftags&post=28719"}],"curies":[{"name":"wp","href":"https:\/\/api.w.org\/{rel}","templated":true}]}}