{"id":28723,"date":"2019-02-01T08:21:41","date_gmt":"2019-02-01T07:21:41","guid":{"rendered":"http:\/\/miradordeatarfe.es\/?p=28723"},"modified":"2019-01-29T12:38:29","modified_gmt":"2019-01-29T11:38:29","slug":"gobierno-y-electricas-acuerdan-el-cierre-ordenado-de-las-nucleares-entre-2025-y-2035","status":"publish","type":"post","link":"https:\/\/miradordeatarfe.es\/?p=28723","title":{"rendered":"Gobierno y el\u00e9ctricas acuerdan el cierre ordenado de las nucleares entre 2025 y 2035"},"content":{"rendered":"<p class=\"articulo-subtitulo\" style=\"text-align: justify;\">La ministra Teresa Ribera y los m\u00e1ximos ejecutivos de Endesa, Iberdrola y Naturgy, acuerdan que las plantas funcionen no menos de 40 a\u00f1os y no m\u00e1s de 50<!--more--><\/p>\n<div id=\"cuerpo_noticia\" class=\"articulo-cuerpo\">\n<p><a href=\"https:\/\/i0.wp.com\/miradordeatarfe.es\/wp-content\/uploads\/2019\/01\/1548702291_779921_1548707951_noticia_normal_recorte1.jpg?ssl=1\"><img data-recalc-dims=\"1\" loading=\"lazy\" decoding=\"async\" class=\"alignnone size-full wp-image-28724\" src=\"https:\/\/i0.wp.com\/miradordeatarfe.es\/wp-content\/uploads\/2019\/01\/1548702291_779921_1548707951_noticia_normal_recorte1.jpg?resize=640%2C478&#038;ssl=1\" alt=\"\" width=\"640\" height=\"478\" srcset=\"https:\/\/i0.wp.com\/miradordeatarfe.es\/wp-content\/uploads\/2019\/01\/1548702291_779921_1548707951_noticia_normal_recorte1.jpg?w=1960&amp;ssl=1 1960w, https:\/\/i0.wp.com\/miradordeatarfe.es\/wp-content\/uploads\/2019\/01\/1548702291_779921_1548707951_noticia_normal_recorte1.jpg?resize=300%2C224&amp;ssl=1 300w, https:\/\/i0.wp.com\/miradordeatarfe.es\/wp-content\/uploads\/2019\/01\/1548702291_779921_1548707951_noticia_normal_recorte1.jpg?resize=768%2C574&amp;ssl=1 768w, https:\/\/i0.wp.com\/miradordeatarfe.es\/wp-content\/uploads\/2019\/01\/1548702291_779921_1548707951_noticia_normal_recorte1.jpg?resize=1024%2C765&amp;ssl=1 1024w, https:\/\/i0.wp.com\/miradordeatarfe.es\/wp-content\/uploads\/2019\/01\/1548702291_779921_1548707951_noticia_normal_recorte1.jpg?resize=600%2C448&amp;ssl=1 600w, https:\/\/i0.wp.com\/miradordeatarfe.es\/wp-content\/uploads\/2019\/01\/1548702291_779921_1548707951_noticia_normal_recorte1.jpg?w=1280&amp;ssl=1 1280w\" sizes=\"auto, (max-width: 640px) 100vw, 640px\" \/><\/a><\/p>\n<p style=\"text-align: justify;\">Ni para ti ni para m\u00ed y todos satisfechos\u201d. Esta es la conclusi\u00f3n a la que llegaron ayer fuentes conocedoras de la reuni\u00f3n que ha mantenido hoy al m\u00e1s alto nivel la ministra para la Transici\u00f3n Ecol\u00f3gica, <strong>Teresa Ribera<\/strong>, en la sede de su departamento, con los m\u00e1ximos ejecutivos de las tres grandes el\u00e9ctricas, titulares de la central nuclear de Almaraz. Y es que del encuentro, al que asistieron el presidente de Iberdrola, Ignacio <strong>S\u00e1nchez Gal\u00e1n<\/strong>; el consejero delegado de Endesa, <strong>Jos\u00e9 Bogas<\/strong> y el presidente de Naturgy, <strong>Francisco Reyn\u00e9s<\/strong>, surgi\u00f3 un principio de acuerdo para que las centrales espa\u00f1olas funcionen <strong>m\u00e1s de 40 a\u00f1os y menos de 50<\/strong>. O, lo que es lo mismo, ninguna se cerrar\u00e1 antes de 2025 ni funcionar\u00e1 despu\u00e9s de 2035, fecha tope para el apag\u00f3n nuclear.<\/p>\n<p style=\"text-align: justify;\">\u00a0Se trata de un plan de cierre \u201crealista y pragm\u00e1tico\u201d, seg\u00fan la ministra, que responder\u00e1 \u201ca criterios objetivos\u201d (tecnol\u00f3gicos, a\u00f1os de vida \u00fatil, etc.), seg\u00fan las propietarias. Por lo tanto, una plantas podr\u00edan cerrar a los 45 otras a los 43 y otras a los 47, por ejemplo. De esta manera, seg\u00fan lo tratado, Almaraz <strong>podr\u00eda funcionar, al menos, seis a\u00f1os m\u00e1s.<\/strong><\/p>\n<p style=\"text-align: justify;\">A instancias de la ministra, que impuso la presencia de un \u00fanico directivo por empresas (ella misma particip\u00f3 en solitario sin nadie de su ministerio), se celebr\u00f3 un encuentro en el que, por primera vez, participaban las tres juntas. Entre ellas se ven\u00edan bombardeando en los \u00faltimos tiempos con documentos y an\u00e1lisis cruzados.<\/p>\n<p style=\"text-align: justify;\">Las discrepancias respecto al futuro del parque nuclear y, m\u00e1s concretamente, sobre la m\u00e1s longeva, Almaraz I, cuyo permiso de explotaci\u00f3n concluye en 2020 y sus titulares deben solicitar su pr\u00f3rroga o su cierre antes del 31 de marzo, eran de sobra conocidas: Iberdrola y Naturgy, con un 53% y un 11%, respectivamente, del capital de la central cacere\u00f1a, propon\u00edan su cierre al cumplir los 40 a\u00f1os de vida \u00fatil (que se cumplen en 2023), mientras que Endesa, con el 36%, propon\u00eda hasta 50 a\u00f1os.<a name=\"sumario_2\"><\/a><\/p>\n<section id=\"sumario_2|html\" class=\"sumario_html centro\">\n<div class=\"sumario__interior\">\n<div class=\"sumario-texto\">\n<p class=\"texto_grande\">El Gobierno cambiar\u00e1 la regulaci\u00f3n para que las decisiones en las centrales no requieran unanimidad, sino mayor\u00eda simple<\/p>\n<\/div>\n<\/div>\n<\/section>\n<p style=\"text-align: justify;\">Si en algo coincid\u00edan todas ellas es en que el proceso debe ser tutelado por el Gobierno y la Empresa Nacional de Residuos Radiactivos <strong>(Enresa).<\/strong> Transici\u00f3n Energ\u00e9tica hab\u00eda planteado un calendario de eliminaci\u00f3n escalonada de potencia nuclear, algo que , seg\u00fan las compa\u00f1\u00edas, no solucionaba el conflicto. Finalmente, se han salido con la suya y en el calendario figurar\u00e1n las fechas de cierre con nombres y apellidos.<\/p>\n<p style=\"text-align: justify;\">Del avance de un posible acuerdo da cuenta el hecho de que la junta de Almaraz convocada para ma\u00f1ana, <strong>ha sido finalmente suspendida<\/strong>.<\/p>\n<p style=\"text-align: justify;\">Otro punto relevante tratado en la reuni\u00f3n de hoy\u00a0 es la necesidad de liberar a los titulares de las instalaciones at\u00f3micas de la obligaci\u00f3n de adoptar cualquier decisi\u00f3n por unanimidad. Las centrales nucleares espa\u00f1olas est\u00e1n constituidas en agrupaciones de inter\u00e9s econ\u00f3mico (AIE) y, como tal, cualquier decisi\u00f3n requiere unanimidad. Para evitar el bloqueo y que todas tengan igual responsabilidad al margen de su participaci\u00f3n, el ministerio se ha comprometido a cambiar la regulaci\u00f3n para que las decisiones se decidan <strong>por mayor\u00eda simple<\/strong>.<\/p>\n<p style=\"text-align: justify;\">Seg\u00fan las fuentes antes citadas, una de las cuestiones que m\u00e1s se debati\u00f3 es el concepto de vida \u00fatil y el pago de la tasa de Enresa para el desmantelamiento. La empresa p\u00fablica trabaja en un nuevo Plan Nacional de Residuos Radiactivos (el actual se remonta a 2006) y, dependiendo de los a\u00f1os de funcionamiento de las centrales depender\u00e1, la distribuci\u00f3n de la tasa.<\/p>\n<p style=\"text-align: justify;\">El acuerdo no solo interesa a las el\u00e9ctricas, sino al ministerio, cuyos responsables ultiman el gran paquete del clima, que ir\u00e1 a un pr\u00f3ximo Consejo de Ministros. Este incluye el <strong>Plan Nacional Integrado de Energ\u00eda y Clima<\/strong> (PNIEC), que debe recibir el visto bueno de Bruselas; el anteproyecto de ley de Cambio Clim\u00e1tico y la denominada Estrategia de Transici\u00f3n Justa. Precisamente, los objetivos sobre la energ\u00eda nuclear se incluir\u00e1n en el PNIEC.<\/p>\n<p style=\"text-align: justify;\">En cualquiera de los escenarios, el calendario de cierre de nucleares est\u00e1 condicionado a la capacidad t\u00e9cnica y econ\u00f3mica del sistema para desmantelar simult\u00e1neamente varias centrales y que sea compatible con los objetivos de descarbonizaci\u00f3n, esto es, que la salida de potencia nuclear no obligue, como en Alemania, a incrementar la de residuos f\u00f3siles, como la producci\u00f3n con gas.<\/p>\n<section id=\"sumario_3|despiece\" class=\"sumario_despiece centro\"><strong>T<span class=\"sin_enlace\">ambores de acuerdo el fin de semana<\/span><\/strong><\/p>\n<div class=\"sumario__interior\">\n<div class=\"sumario-texto\">\n<p style=\"text-align: justify;\">Pese al ambiente de tensi\u00f3n que se hab\u00eda vivido en las \u00faltimas semanas por las desavenencias de los socios de Almaraz sobre el futuro de la central, y pese a que la reuni\u00f3n celebrada ayer a cuatro bandas, fue producto de un ultimatum de la ministra par la Transici\u00f3n Ecol\u00f3gica, Teresa Ribera, durante el fin de semana en las empresas se respiraba un cierto optimismo.<\/p>\n<p style=\"text-align: justify;\">La propia ministra lleg\u00f3 a decir que de la reuni\u00f3n \u201cno se ir\u00eda nadie hasta alcanzar un acuerdo\u201d. Todo ello hace presuponer que las partes llevaban ya un preacuerdo listo de casa. A \u00e9l ha contribuido el accionista minoritario de Almaraz, Naturgy, emparedado entre las posiciones extremas de sus dos grandes rivales. Se trata de que nadie ganara y nadie perdiera y todos aceptaran un justo medio: ni 40 ni 50 a\u00f1os de vida \u00fatil.<\/p>\n<p style=\"text-align: justify;\">La estrategia de Ribera de convocar la reuni\u00f3n al m\u00e1s alto nivel ha dado sus frutos. No obstante, quedan flecos importantes por resolver, como el de la tasa para sufragar los desmantelamientos. Una cuesti\u00f3n que requerir\u00e1 de nuevas reuniones y la participaci\u00f3n de Enresa.<\/p>\n<p style=\"text-align: justify;\"><span class=\"autor-nombre\"><a title=\"Ver todas las noticias de Carmen Monforte\" href=\"https:\/\/cincodias.elpais.com\/autor\/carmen_monforte_martin\/a\/\">Carmen Monforte<\/a><\/span><\/p>\n<\/div>\n<\/div>\n<\/section>\n<\/div>\n<footer class=\"articulo-pie\">\n<div id=\"articulo-tags\" class=\"articulo-tags\">\n<div id=\"articulo-tags__interior\" class=\"articulo-tags__interior\">\n<div class=\"articulo-tags-encabezado \">\n<h4 class=\"articulo-tags-titulo\">https:\/\/cincodias.elpais.com\/cincodias\/2019\/01\/28\/companias\/1548702291_779921.html<\/h4>\n<\/div>\n<\/div>\n<\/div>\n<\/footer>\n","protected":false},"excerpt":{"rendered":"<p>La ministra Teresa Ribera y los m\u00e1ximos ejecutivos de Endesa, Iberdrola y Naturgy, acuerdan que&#8230;<\/p>\n","protected":false},"author":1,"featured_media":28726,"comment_status":"closed","ping_status":"closed","sticky":false,"template":"","format":"standard","meta":{"_coblocks_attr":"","_coblocks_dimensions":"","_coblocks_responsive_height":"","_coblocks_accordion_ie_support":"","jetpack_post_was_ever_published":false,"_jetpack_newsletter_access":"","_jetpack_dont_email_post_to_subs":false,"_jetpack_newsletter_tier_id":0,"_jetpack_memberships_contains_paywalled_content":false,"_jetpack_memberships_contains_paid_content":false,"footnotes":"","jetpack_publicize_message":"","jetpack_publicize_feature_enabled":true,"jetpack_social_post_already_shared":false,"jetpack_social_options":{"image_generator_settings":{"template":"highway","default_image_id":0,"enabled":false},"version":2}},"categories":[186,9,44,15],"tags":[2524,5689],"class_list":["post-28723","post","type-post","status-publish","format-standard","has-post-thumbnail","hentry","category-instituciones","category-medio-ambiente","category-noticias-de-hoy","category-ultimas-noticias","tag-centrales-nucleares","tag-espan"],"jetpack_publicize_connections":[],"jetpack_featured_media_url":"https:\/\/i0.wp.com\/miradordeatarfe.es\/wp-content\/uploads\/2019\/02\/%C3%ADndice.jpeg?fit=200%2C144&ssl=1","jetpack_likes_enabled":true,"jetpack_sharing_enabled":true,"_links":{"self":[{"href":"https:\/\/miradordeatarfe.es\/index.php?rest_route=\/wp\/v2\/posts\/28723","targetHints":{"allow":["GET"]}}],"collection":[{"href":"https:\/\/miradordeatarfe.es\/index.php?rest_route=\/wp\/v2\/posts"}],"about":[{"href":"https:\/\/miradordeatarfe.es\/index.php?rest_route=\/wp\/v2\/types\/post"}],"author":[{"embeddable":true,"href":"https:\/\/miradordeatarfe.es\/index.php?rest_route=\/wp\/v2\/users\/1"}],"replies":[{"embeddable":true,"href":"https:\/\/miradordeatarfe.es\/index.php?rest_route=%2Fwp%2Fv2%2Fcomments&post=28723"}],"version-history":[{"count":1,"href":"https:\/\/miradordeatarfe.es\/index.php?rest_route=\/wp\/v2\/posts\/28723\/revisions"}],"predecessor-version":[{"id":28725,"href":"https:\/\/miradordeatarfe.es\/index.php?rest_route=\/wp\/v2\/posts\/28723\/revisions\/28725"}],"wp:featuredmedia":[{"embeddable":true,"href":"https:\/\/miradordeatarfe.es\/index.php?rest_route=\/wp\/v2\/media\/28726"}],"wp:attachment":[{"href":"https:\/\/miradordeatarfe.es\/index.php?rest_route=%2Fwp%2Fv2%2Fmedia&parent=28723"}],"wp:term":[{"taxonomy":"category","embeddable":true,"href":"https:\/\/miradordeatarfe.es\/index.php?rest_route=%2Fwp%2Fv2%2Fcategories&post=28723"},{"taxonomy":"post_tag","embeddable":true,"href":"https:\/\/miradordeatarfe.es\/index.php?rest_route=%2Fwp%2Fv2%2Ftags&post=28723"}],"curies":[{"name":"wp","href":"https:\/\/api.w.org\/{rel}","templated":true}]}}