{"id":28734,"date":"2019-02-02T07:47:41","date_gmt":"2019-02-02T06:47:41","guid":{"rendered":"http:\/\/miradordeatarfe.es\/?p=28734"},"modified":"2019-01-29T17:11:30","modified_gmt":"2019-01-29T16:11:30","slug":"quien-consume-a-quien","status":"publish","type":"post","link":"https:\/\/miradordeatarfe.es\/?p=28734","title":{"rendered":"\u00bfQui\u00e9n consume a qui\u00e9n?"},"content":{"rendered":"<div id=\"articulo_contenedor\" class=\"articulo__contenedor\">\n<div id=\"cuerpo_noticia\" class=\"articulo-cuerpo\">\n<p style=\"text-align: justify;\">TODO ESTE L\u00cdO es para no ver <a href=\"https:\/\/elpais.com\/tag\/mona_lisa\/a\"><em>La Gioconda<\/em><\/a>, aunque la tienen ah\u00ed mismo, delante de sus ojos. <!--more--><\/p>\n<p style=\"text-align: justify;\">Cuenten ustedes, por curiosidad, los rostros que dirigen su mirada directamente al cuadro y comprobar\u00e1n que no pasan de cinco. Muchas de esas personas han venido de pa\u00edses lejan\u00edsimos para contemplar la pintura de Leonardo. Han cogido trenes, aviones, barcos, han alquilado coches, bicicletas, motos. A lo mejor llevaban meses planificando la visita, disfrut\u00e1ndola anticipadamente. Pero alcanzada la sala del Louvre donde se expone la tela, los nervios han podido m\u00e1s y se han dedicado a no mirarla y a no verla, tampoco, claro, porque el mirar precede al ver como el o\u00edr al escuchar.<\/p>\n<p style=\"text-align: justify;\">Algunos dir\u00e1n que s\u00ed la ven, aunque a trav\u00e9s de la pantalla m\u00f3vil. Vale, pero para ese viaje no necesit\u00e1bamos alforjas. Yo escribo ahora mismo en Google \u201cLa Gioconda\u201d y se me aparece en todo su esplendor, fotografiada desde diferentes perspectivas. Hay v\u00eddeos incluso que recorren la tela cent\u00edmetro a cent\u00edmetro para explicarme todo lo que se viene diciendo de esa mujer desde que saltara a la fama.<\/p>\n<p style=\"text-align: justify;\">En fin, en fin, qu\u00e9 raro: antes se viajaba a Par\u00eds para ver <em>La Gioconda<\/em> y ahora se viaja para no verla. Pero los que ahora no la ven obtienen la misma satisfacci\u00f3n que los que antes la ve\u00edan. A lo mejor lo que hac\u00edan aquellos y hacen estos es consumirla. No est\u00e1 mal pensar en <em>La Gioconda<\/em> como un producto de consumo. Lo que no est\u00e1 claro, dada la inc\u00f3moda aglomeraci\u00f3n que nos muestra la foto, es qui\u00e9n consume a qui\u00e9n: si los turistas a la obra de arte o la obra de arte, en su quietud, a los turistas.<\/p>\n<div class=\"firma \" style=\"text-align: justify;\">\n<div class=\"autor\">\n<div class=\"autor-texto\"><span class=\"autor-nombre\"> <a title=\"Ver todas las noticias de Juan Jos\u00e9 Mill\u00e1s\" href=\"https:\/\/elpais.com\/autor\/juan_jose_millas\/a\/\">Juan Jos\u00e9 Mill\u00e1s<\/a><\/span><\/div>\n<div><span class=\"foto-firma\"><span class=\"foto-autor\">FOTO: Charles Platiau <\/span> <span class=\"foto-agencia\">Reuters<\/span><\/span><\/div>\n<div>https:\/\/elpais.com\/elpais\/2019\/01\/21\/eps\/1548069547_873517.html<\/div>\n<\/div>\n<\/div>\n<\/div>\n<\/div>\n<p style=\"text-align: justify;\">\n","protected":false},"excerpt":{"rendered":"<p>TODO ESTE L\u00cdO es para no ver La Gioconda, aunque la tienen ah\u00ed mismo, delante&#8230;<\/p>\n","protected":false},"author":1,"featured_media":28735,"comment_status":"closed","ping_status":"closed","sticky":false,"template":"","format":"standard","meta":{"_coblocks_attr":"","_coblocks_dimensions":"","_coblocks_responsive_height":"","_coblocks_accordion_ie_support":"","jetpack_post_was_ever_published":false,"_jetpack_newsletter_access":"","_jetpack_dont_email_post_to_subs":false,"_jetpack_newsletter_tier_id":0,"_jetpack_memberships_contains_paywalled_content":false,"_jetpack_memberships_contains_paid_content":false,"footnotes":"","jetpack_publicize_message":"","jetpack_publicize_feature_enabled":true,"jetpack_social_post_already_shared":false,"jetpack_social_options":{"image_generator_settings":{"template":"highway","default_image_id":0,"enabled":false},"version":2}},"categories":[12,186,9,44,15],"tags":[328,1517,56],"class_list":["post-28734","post","type-post","status-publish","format-standard","has-post-thumbnail","hentry","category-cultura","category-instituciones","category-medio-ambiente","category-noticias-de-hoy","category-ultimas-noticias","tag-arte","tag-exposiciones","tag-turismo"],"jetpack_publicize_connections":[],"jetpack_featured_media_url":"https:\/\/i0.wp.com\/miradordeatarfe.es\/wp-content\/uploads\/2019\/01\/1548069547_873517_1548069798_noticia_normal_recorte1.jpg?fit=1960%2C1239&ssl=1","jetpack_likes_enabled":true,"jetpack_sharing_enabled":true,"_links":{"self":[{"href":"https:\/\/miradordeatarfe.es\/index.php?rest_route=\/wp\/v2\/posts\/28734","targetHints":{"allow":["GET"]}}],"collection":[{"href":"https:\/\/miradordeatarfe.es\/index.php?rest_route=\/wp\/v2\/posts"}],"about":[{"href":"https:\/\/miradordeatarfe.es\/index.php?rest_route=\/wp\/v2\/types\/post"}],"author":[{"embeddable":true,"href":"https:\/\/miradordeatarfe.es\/index.php?rest_route=\/wp\/v2\/users\/1"}],"replies":[{"embeddable":true,"href":"https:\/\/miradordeatarfe.es\/index.php?rest_route=%2Fwp%2Fv2%2Fcomments&post=28734"}],"version-history":[{"count":1,"href":"https:\/\/miradordeatarfe.es\/index.php?rest_route=\/wp\/v2\/posts\/28734\/revisions"}],"predecessor-version":[{"id":28736,"href":"https:\/\/miradordeatarfe.es\/index.php?rest_route=\/wp\/v2\/posts\/28734\/revisions\/28736"}],"wp:featuredmedia":[{"embeddable":true,"href":"https:\/\/miradordeatarfe.es\/index.php?rest_route=\/wp\/v2\/media\/28735"}],"wp:attachment":[{"href":"https:\/\/miradordeatarfe.es\/index.php?rest_route=%2Fwp%2Fv2%2Fmedia&parent=28734"}],"wp:term":[{"taxonomy":"category","embeddable":true,"href":"https:\/\/miradordeatarfe.es\/index.php?rest_route=%2Fwp%2Fv2%2Fcategories&post=28734"},{"taxonomy":"post_tag","embeddable":true,"href":"https:\/\/miradordeatarfe.es\/index.php?rest_route=%2Fwp%2Fv2%2Ftags&post=28734"}],"curies":[{"name":"wp","href":"https:\/\/api.w.org\/{rel}","templated":true}]}}