{"id":28908,"date":"2019-02-10T11:00:17","date_gmt":"2019-02-10T10:00:17","guid":{"rendered":"http:\/\/miradordeatarfe.es\/?p=28908"},"modified":"2020-06-26T13:27:30","modified_gmt":"2020-06-26T11:27:30","slug":"notas-en-torno-al-concepto-de-hibernacion-para-usar-en-el-analisis-de-la-cultura-popular-en-andalucia-por-juan-alfredo-bellon","status":"publish","type":"post","link":"https:\/\/miradordeatarfe.es\/?p=28908","title":{"rendered":"NOTAS EN TORNO AL CONCEPTO DE &#8216;HIBERNACI\u00d3N&#8217;  PARA USAR EN EL AN\u00c1LISIS DE LA CULTURA  POPULAR EN ANDALUC\u00cdA  por Juan Alfredo Bell\u00f3n"},"content":{"rendered":"<p style=\"text-align: justify;\" align=\"JUSTIFY\"><i><b>NOTAS EN TORNO AL CONCEPTO DE &#8216;HIBERNACI\u00d3N&#8217; <\/b><\/i><i><b>PARA USAR EN EL AN\u00c1LISIS DE LA CULTURA <\/b><\/i><i><b>POPULAR EN ANDALUC\u00cdA <\/b><\/i><b>por Juan Alfredo Bell\u00f3n <\/b><b>para EL MIRADOR DE ATARFE <\/b><b>del s\u00e1bado 10-02-2019<\/b><!--more--><\/p>\n<p style=\"text-align: justify;\" align=\"JUSTIFY\"><b> <\/b>Continuando con las <i>reflexiones invernales<\/i> que comenc\u00e9 la semana pasada, empezar\u00e9 a darles forma concreta pues su simple enunciaci\u00f3n no abarca la complejidad que implican y plantear\u00e9 la conveniencia de escudri\u00f1ar en la percepci\u00f3n de la sucesi\u00f3n temporal de nuestra existencia en c\u00edrculos conc\u00e9ntricos y sucesivos que responden a las vueltas de nuestro planeta al rededor del sol y determinan la sucesi\u00f3n de las cuatro estaciones (primavera, verano, oto\u00f1o e invierno) de forma diferente en cada zona terrenal aunque nosotros tendemos a generalizar el paisaje estacional en cuatro estereotipos sucesivos que nada tienen que ver con la realidad puesto que los cuatro revisten circunstancias muy distintas en cada zona del planeta.<\/p>\n<p style=\"text-align: justify;\" align=\"JUSTIFY\">Y adem\u00e1s, guardamos en nuestro <i>acerbo meteorol\u00f3gico una visi\u00f3n t<\/i>endencial y regionalmente<i> <\/i>subjetiva de las cuatro circunstancias estacionales que luego enriquecemos con nuestra experiencia personal de las mismas seg\u00fan la percepci\u00f3pn vital, individual y colectiva y la sucesi\u00f3n de otras experiencias biogr\u00e1ficas acumuladas por los viajes, las vivencias, las lecturas y los visionados narrativos e iconogr\u00e1ficos respectivos acompa\u00f1ados de la consiguiente e imprescindible valoraci\u00f3n ideol\u00f3gica que nos arrastra a tomar partido irremisiblemente en cada percepci\u00f3n y en cada narraci\u00f3n.<\/p>\n<p style=\"text-align: justify;\" align=\"JUSTIFY\">Y eso, para no hablar m\u00e1s que de las cuatro estaciones, que luego se ven incrementadas e interferidas por los calendarios culturales, religiosos, santorales, escolares, sociales y laborales que modifican y enriquecen las apreciaciones de cada \u00e9poca del ciclo anual que cada uno ve desde el subjetivismo regional propio. As\u00ed, la visi\u00f3n del <i>paisaje invernal<\/i> muda radicalmente seg\u00fan la septetrionalidad o la meridionalidad planetaria de cada cual o de cada cuales y esto sirve igualmente para la Primavera, el Verano y el Oto\u00f1o, como queda patentemente explicado en el discurso literario y en todos los de los lenguajes sectoriales que se observen y as\u00ed mismo como ocurre en los discursos narrativos de los cuentos fant\u00e1sticos populares que tantos frutos positivos arrojaron en los estudios lierasrios de Vladimir Prop y su famosa escuela folklorista y formalista rusa.<\/p>\n<p style=\"text-align: justify;\" align=\"LEFT\">En muchas de estas obras, la Primavera es un <i>constructo<\/i> ideol\u00f3gico y cultural con entidad y protagonismo propios que puede servir para marcar un vector aut\u00f3nomo de gran importancia en una \u00e9poca o en una producci\u00f3n cultural determinadas. Y esto vale tambi\u00e9n para la m\u00fasica y para todas las Artes P.l\u00e1sticas. Lo que ocurre es que en cada disciplina art\u00edstica subyace un discurso de base que implica valoraciones est\u00e9ticas y \u00e9ticas determinadas y que est\u00e1n necesariamente ligadas a su mismidad cultural y a su raz\u00f3n de ser enunciada y comunicada.<\/p>\n<p style=\"text-align: justify;\" align=\"LEFT\">Y si dejamos esta exposici\u00f3n a un lado. para continuar m\u00e1s adelante la especficidad can\u00f3nica de este discurso, dir\u00e9 que la \u00e9poca anual de la <i>hibernaci\u00f3n<\/i> y del <i>enfriamiento ambiental es el fondo sem\u00e1ntico<\/i> donde se desarrollan las historias narradas en la literatura popular y fant\u00e1stica centro-europea y, por extensi\u00f3n o contagio, tambi\u00e9n en la literatura de \u00e1mbito mediterr\u00e1neo, que hoy toma protagonismo por su posici\u00f3n hegem\u00f3nica en el terreno editorial y comercial y en <i>los numerosos medios <\/i>dedicados a la industria cultural de p\u00fablico infantil y juvenil, cosa extra\u00f1a pero explicable en zonas del Poniente Almeriense y de la Andaluc\u00eda Mar\u00edtima y curiosa si de conoce la realidad geogr\u00e1fica y medioambiental de estas zonas y su grado de implicaci\u00f3n en las recientes estructuras comunitarias europeas, conceptos todav\u00eda culturalmente divergentes a pesar de sus muchas y crecientes implicaciones.<\/p>\n","protected":false},"excerpt":{"rendered":"<p>NOTAS EN TORNO AL CONCEPTO DE &#8216;HIBERNACI\u00d3N&#8217; PARA USAR EN EL AN\u00c1LISIS DE LA CULTURA&#8230;<\/p>\n","protected":false},"author":1,"featured_media":0,"comment_status":"closed","ping_status":"closed","sticky":false,"template":"","format":"standard","meta":{"_coblocks_attr":"","_coblocks_dimensions":"","_coblocks_responsive_height":"","_coblocks_accordion_ie_support":"","jetpack_post_was_ever_published":false,"_jetpack_newsletter_access":"","_jetpack_dont_email_post_to_subs":false,"_jetpack_newsletter_tier_id":0,"_jetpack_memberships_contains_paywalled_content":false,"_jetpack_memberships_contains_paid_content":false,"footnotes":"","jetpack_publicize_message":"","jetpack_publicize_feature_enabled":true,"jetpack_social_post_already_shared":false,"jetpack_social_options":{"image_generator_settings":{"template":"highway","default_image_id":0,"enabled":false},"version":2}},"categories":[1161,186,36,44,15],"tags":[1230,5732],"class_list":["post-28908","post","type-post","status-publish","format-standard","hentry","category-ciudadania","category-instituciones","category-opinion-de-juan-alfredo-bellon","category-noticias-de-hoy","category-ultimas-noticias","tag-estaciones","tag-hibernacion"],"jetpack_publicize_connections":[],"jetpack_featured_media_url":"","jetpack_likes_enabled":true,"jetpack_sharing_enabled":true,"_links":{"self":[{"href":"https:\/\/miradordeatarfe.es\/index.php?rest_route=\/wp\/v2\/posts\/28908","targetHints":{"allow":["GET"]}}],"collection":[{"href":"https:\/\/miradordeatarfe.es\/index.php?rest_route=\/wp\/v2\/posts"}],"about":[{"href":"https:\/\/miradordeatarfe.es\/index.php?rest_route=\/wp\/v2\/types\/post"}],"author":[{"embeddable":true,"href":"https:\/\/miradordeatarfe.es\/index.php?rest_route=\/wp\/v2\/users\/1"}],"replies":[{"embeddable":true,"href":"https:\/\/miradordeatarfe.es\/index.php?rest_route=%2Fwp%2Fv2%2Fcomments&post=28908"}],"version-history":[{"count":1,"href":"https:\/\/miradordeatarfe.es\/index.php?rest_route=\/wp\/v2\/posts\/28908\/revisions"}],"predecessor-version":[{"id":28910,"href":"https:\/\/miradordeatarfe.es\/index.php?rest_route=\/wp\/v2\/posts\/28908\/revisions\/28910"}],"wp:attachment":[{"href":"https:\/\/miradordeatarfe.es\/index.php?rest_route=%2Fwp%2Fv2%2Fmedia&parent=28908"}],"wp:term":[{"taxonomy":"category","embeddable":true,"href":"https:\/\/miradordeatarfe.es\/index.php?rest_route=%2Fwp%2Fv2%2Fcategories&post=28908"},{"taxonomy":"post_tag","embeddable":true,"href":"https:\/\/miradordeatarfe.es\/index.php?rest_route=%2Fwp%2Fv2%2Ftags&post=28908"}],"curies":[{"name":"wp","href":"https:\/\/api.w.org\/{rel}","templated":true}]}}