{"id":28929,"date":"2019-02-11T12:49:37","date_gmt":"2019-02-11T11:49:37","guid":{"rendered":"http:\/\/miradordeatarfe.es\/?p=28929"},"modified":"2020-10-12T17:20:24","modified_gmt":"2020-10-12T15:20:24","slug":"se-llama-paqui-fuillerat-por-remedios-sanchez","status":"publish","type":"post","link":"https:\/\/miradordeatarfe.es\/?p=28929","title":{"rendered":"\u00abSE LLAMA PAQUI FUILLERAT\u00bb  por Remedios S\u00e1nchez"},"content":{"rendered":"<p align=\"JUSTIFY\"><span style=\"font-family: Times New Roman, serif;\"><span style=\"font-size: medium;\">Tiene la mirada limpia, la risa templada cargada de ternura y es capaz de dar unos abrazos que sosiegan cuando la pena ahoga y la esperanza se desvanece en un mar de dudas. Usa palabras precisas, directas, de las que se dicen mirando de frente, porque sabe bien lo que duele crear falsas esperanzas, de esas que venden los pol\u00edticos de todo a cien.<\/span><\/span><!--more--><\/p>\n<p align=\"JUSTIFY\"><span style=\"font-family: Times New Roman, serif;\"><span style=\"font-size: medium;\"> Habla con la madurez en una mano y el coraz\u00f3n en la otra, porque es una mujer cargada de ideales y capaz de dejarse el alma para conseguirlos. Cada d\u00eda, durante cuarenta a\u00f1os, se ha levantado puntualmente a las seis de la ma\u00f1ana para llegar a tiempo al trabajo en Asuntos Sociales, primero, y en Educaci\u00f3n, despu\u00e9s. Porque es una mujer que trabaja duro, como millones de espa\u00f1olas cada d\u00eda. La diferencia es que, cuando acaba las tareas con las que paga sus facturas, se dedica a ayudar en las causas m\u00e1s nobles, aquellas que exigen un compromiso \u00e9tico de verdad y que obligan a dar la cara. Aunque eso signifique que, a veces, te juegues aguantar con paciencia los ataques de quienes siguen percibiendo el mundo en blanco y negro, sin percatarse de la cantidad de matices que tiene la vida. <\/span><\/span><\/p>\n<p align=\"JUSTIFY\"><span style=\"font-family: Times New Roman, serif;\"><span style=\"font-size: medium;\">Supo verlo bien pronto: all\u00e1 por los setenta, fue una de las pioneras en comprender lo que significaba la planificaci\u00f3n familiar,<\/span><\/span> <span style=\"font-family: Times New Roman, serif;\"><span style=\"font-size: medium;\">atendiendo en los pabellones de la Jefatura Provincial de Salud a mujeres sin pedir la cartilla de la Seguridad Social en el equipo de Amalia Jim\u00e9nez. Porque Paqui, a\u00fan no lo he dicho, es feminista. Pero no una feminista de sal\u00f3n de t\u00e9 con pastas, sino de las de verdad, de las que est\u00e1n a pie de calle con los colectivos, de las que hicieron que el Instituto Andaluz de la Mujer en Granada tuviera el sentido verdadero que hay que defender. <\/span><\/span><\/p>\n<p align=\"JUSTIFY\"><span style=\"font-family: Times New Roman, serif;\"><span style=\"font-size: medium;\">Estaba dirigi\u00e9ndolo cuando la conoc\u00ed, hace dieciocho a\u00f1os, ejerciendo de compa\u00f1era en vez de jefa, cogiendo el tel\u00e9fono a todo el mundo a cualquier hora y sin que le faltase tiempo jam\u00e1s para tomar un caf\u00e9 con una chica maltratada necesitada de consuelo, con la Directora General o con una investigadora incipiente que quer\u00eda aprender de quienes llevaban toda una vida implicadas en la reivindicaci\u00f3n de los derechos de la mujer desde la decencia y la honestidad pulqu\u00e9rrimas. Le daba igual. Ella estaba para todas porque sab\u00eda bien lo que era la sororidad antes de que se pusiera de moda, ayudando persistentemente con la conciencia de que, ser gestora, implicaba servir a los dem\u00e1s, no servirse. Luego, finalizada esta etapa, regres\u00f3 a su trabajo sin el s\u00edndrome del coche oficial (mayormente porque nunca ha tenido uno: ella es m\u00e1s de autob\u00fas) ni estridencias vergonzantes. Y ahora, quince a\u00f1os despu\u00e9s, se jubila plena de vitalidad y proyectos, con la conciencia de que va a tener m\u00e1s tiempo para seguir ejerciendo de torrente de independencia, de manantial de cordura, de mujer machadianamente buena, capaz de construir con su presencia y con su gesto cualquier cosa, aunque parezca quim\u00e9rica. Porque de Paqui Fuillerat, que es mi amiga, las mujeres de Granada esperamos siempre esa magia inexplicable que s\u00f3lo tienen las personas con principios inquebrantables; quienes son capaces de alzar arco\u00edris con lluvia fresca, caminos transitables para un futuro de igualdad real. Las que han escogido como \u00fanica bandera la libertad.<\/span><\/span><\/p>\n<p align=\"JUSTIFY\">REMEDIOS SANCHEZ PUBLICADO EN EL IDEAL DEL 11\/2\/2019<\/p>\n<p align=\"JUSTIFY\">FOTO: HECTOR VALOR ARBOL<\/p>\n","protected":false},"excerpt":{"rendered":"<p>Tiene la mirada limpia, la risa templada cargada de ternura y es capaz de dar&#8230;<\/p>\n","protected":false},"author":1,"featured_media":28934,"comment_status":"closed","ping_status":"closed","sticky":false,"template":"","format":"standard","meta":{"_coblocks_attr":"","_coblocks_dimensions":"","_coblocks_responsive_height":"","_coblocks_accordion_ie_support":"","jetpack_post_was_ever_published":false,"_jetpack_newsletter_access":"","_jetpack_dont_email_post_to_subs":false,"_jetpack_newsletter_tier_id":0,"_jetpack_memberships_contains_paywalled_content":false,"_jetpack_memberships_contains_paid_content":false,"footnotes":"","jetpack_publicize_message":"","jetpack_publicize_feature_enabled":true,"jetpack_social_post_already_shared":false,"jetpack_social_options":{"image_generator_settings":{"template":"highway","default_image_id":0,"enabled":false},"version":2}},"categories":[2,1161,186,9,44,6539,6914,15],"tags":[2578,506,5736],"class_list":["post-28929","post","type-post","status-publish","format-standard","has-post-thumbnail","hentry","category-atarfe","category-ciudadania","category-instituciones","category-medio-ambiente","category-noticias-de-hoy","category-personajes-de-ataref","category-opinion-de-reme-sanchez","category-ultimas-noticias","tag-amigos","tag-jubilacion","tag-paqui-fuillerat"],"jetpack_publicize_connections":[],"jetpack_featured_media_url":"https:\/\/i0.wp.com\/miradordeatarfe.es\/wp-content\/uploads\/2019\/02\/FB_IMG_1549885465895-2.jpg?fit=896%2C614&ssl=1","jetpack_likes_enabled":true,"jetpack_sharing_enabled":true,"_links":{"self":[{"href":"https:\/\/miradordeatarfe.es\/index.php?rest_route=\/wp\/v2\/posts\/28929","targetHints":{"allow":["GET"]}}],"collection":[{"href":"https:\/\/miradordeatarfe.es\/index.php?rest_route=\/wp\/v2\/posts"}],"about":[{"href":"https:\/\/miradordeatarfe.es\/index.php?rest_route=\/wp\/v2\/types\/post"}],"author":[{"embeddable":true,"href":"https:\/\/miradordeatarfe.es\/index.php?rest_route=\/wp\/v2\/users\/1"}],"replies":[{"embeddable":true,"href":"https:\/\/miradordeatarfe.es\/index.php?rest_route=%2Fwp%2Fv2%2Fcomments&post=28929"}],"version-history":[{"count":3,"href":"https:\/\/miradordeatarfe.es\/index.php?rest_route=\/wp\/v2\/posts\/28929\/revisions"}],"predecessor-version":[{"id":28933,"href":"https:\/\/miradordeatarfe.es\/index.php?rest_route=\/wp\/v2\/posts\/28929\/revisions\/28933"}],"wp:featuredmedia":[{"embeddable":true,"href":"https:\/\/miradordeatarfe.es\/index.php?rest_route=\/wp\/v2\/media\/28934"}],"wp:attachment":[{"href":"https:\/\/miradordeatarfe.es\/index.php?rest_route=%2Fwp%2Fv2%2Fmedia&parent=28929"}],"wp:term":[{"taxonomy":"category","embeddable":true,"href":"https:\/\/miradordeatarfe.es\/index.php?rest_route=%2Fwp%2Fv2%2Fcategories&post=28929"},{"taxonomy":"post_tag","embeddable":true,"href":"https:\/\/miradordeatarfe.es\/index.php?rest_route=%2Fwp%2Fv2%2Ftags&post=28929"}],"curies":[{"name":"wp","href":"https:\/\/api.w.org\/{rel}","templated":true}]}}