{"id":290,"date":"2015-03-13T08:29:45","date_gmt":"2015-03-13T08:29:45","guid":{"rendered":"http:\/\/miradordeatarfe.es\/?p=290"},"modified":"2015-03-15T17:46:19","modified_gmt":"2015-03-15T17:46:19","slug":"exposicion-de-esculturas-de-la-fundacion-sierra-elvira","status":"publish","type":"post","link":"https:\/\/miradordeatarfe.es\/?p=290","title":{"rendered":"Exposici\u00f3n de Esculturas de la Fundaci\u00f3n Sierra Elvira"},"content":{"rendered":"<p>La Fundaci\u00f3n cumpliendo sus fines de difundir la cultura, colabora con la Facultad de Bellas Artes para dar a conocer los trabajos de sus alumnos.<!--more--><\/p>\n<p>En esta ocasi\u00f3n se exponen las obras realizadas por los alumnos de la asignatura <i>\u00abProcesos y t\u00e9cnicas de reproducci\u00f3n escult\u00f3rica: Fundici\u00f3n\u00bb<\/i>, bajo la supervisi\u00f3n del Dr. Balbino Montiano, profesor de dicha asignatura en el Departamento de Escultura, Universidad de Granada.<\/p>\n<p>Un total de m\u00e1s de 30 peque\u00f1as y medianas esculturas, realizadas en bronce, algunas de ellas formando un conjunto, estar\u00e1n expuestas desde el jueves 12 al s\u00e1bado 14 de marzo de 2015.<\/p>\n<p>Lugar: Centro Sociocultural <i>\u00abAna M\u00aa Palacios Poyatos y Joaqu\u00edn Lamolda G\u00f3mez\u00bb,<\/i> calle Dr. Jim\u00e9nez Rueda n\u00ba 53, Atarfe.<br \/>\n<b>D\u00eda inaugural<\/b>: jueves 12 de marzo de 2015<br \/>\nHora: 7 y media de la tarde<\/p>\n<p>Viernes 13 y s\u00e1bado 14: mismo lugar, desde las 5 h a las 8 h de la tarde.<\/p>\n<hr width=\"220\" \/>\n<p>El jueves 12, d\u00eda de la inauguraci\u00f3n, estar\u00e1n todos los autores para atender a los visitantes.<\/p>\n<hr width=\"420\" \/>\n","protected":false},"excerpt":{"rendered":"<p>La Fundaci\u00f3n cumpliendo sus fines de difundir la cultura, colabora con la Facultad de Bellas&#8230;<\/p>\n","protected":false},"author":1,"featured_media":291,"comment_status":"closed","ping_status":"closed","sticky":false,"template":"","format":"standard","meta":{"_coblocks_attr":"","_coblocks_dimensions":"","_coblocks_responsive_height":"","_coblocks_accordion_ie_support":"","jetpack_post_was_ever_published":false,"_jetpack_newsletter_access":"","_jetpack_dont_email_post_to_subs":false,"_jetpack_newsletter_tier_id":0,"_jetpack_memberships_contains_paywalled_content":false,"_jetpack_memberships_contains_paid_content":false,"footnotes":"","jetpack_publicize_message":"","jetpack_publicize_feature_enabled":true,"jetpack_social_post_already_shared":false,"jetpack_social_options":{"image_generator_settings":{"template":"highway","default_image_id":0,"enabled":false},"version":2}},"categories":[2,9,15],"tags":[176,76,175],"class_list":["post-290","post","type-post","status-publish","format-standard","has-post-thumbnail","hentry","category-atarfe","category-medio-ambiente","category-ultimas-noticias","tag-esculturas","tag-formacion","tag-fundacion"],"jetpack_publicize_connections":[],"jetpack_featured_media_url":"https:\/\/i0.wp.com\/miradordeatarfe.es\/wp-content\/uploads\/2015\/03\/expoescult.jpg?fit=248%2C351&ssl=1","jetpack_likes_enabled":true,"jetpack_sharing_enabled":true,"_links":{"self":[{"href":"https:\/\/miradordeatarfe.es\/index.php?rest_route=\/wp\/v2\/posts\/290","targetHints":{"allow":["GET"]}}],"collection":[{"href":"https:\/\/miradordeatarfe.es\/index.php?rest_route=\/wp\/v2\/posts"}],"about":[{"href":"https:\/\/miradordeatarfe.es\/index.php?rest_route=\/wp\/v2\/types\/post"}],"author":[{"embeddable":true,"href":"https:\/\/miradordeatarfe.es\/index.php?rest_route=\/wp\/v2\/users\/1"}],"replies":[{"embeddable":true,"href":"https:\/\/miradordeatarfe.es\/index.php?rest_route=%2Fwp%2Fv2%2Fcomments&post=290"}],"version-history":[{"count":1,"href":"https:\/\/miradordeatarfe.es\/index.php?rest_route=\/wp\/v2\/posts\/290\/revisions"}],"predecessor-version":[{"id":292,"href":"https:\/\/miradordeatarfe.es\/index.php?rest_route=\/wp\/v2\/posts\/290\/revisions\/292"}],"wp:featuredmedia":[{"embeddable":true,"href":"https:\/\/miradordeatarfe.es\/index.php?rest_route=\/wp\/v2\/media\/291"}],"wp:attachment":[{"href":"https:\/\/miradordeatarfe.es\/index.php?rest_route=%2Fwp%2Fv2%2Fmedia&parent=290"}],"wp:term":[{"taxonomy":"category","embeddable":true,"href":"https:\/\/miradordeatarfe.es\/index.php?rest_route=%2Fwp%2Fv2%2Fcategories&post=290"},{"taxonomy":"post_tag","embeddable":true,"href":"https:\/\/miradordeatarfe.es\/index.php?rest_route=%2Fwp%2Fv2%2Ftags&post=290"}],"curies":[{"name":"wp","href":"https:\/\/api.w.org\/{rel}","templated":true}]}}