{"id":29123,"date":"2019-02-27T09:21:38","date_gmt":"2019-02-27T08:21:38","guid":{"rendered":"http:\/\/miradordeatarfe.es\/?p=29123"},"modified":"2019-02-24T19:36:06","modified_gmt":"2019-02-24T18:36:06","slug":"amores-primeros-complejos-cancer-ser-adolescente-y-estar-enfermo","status":"publish","type":"post","link":"https:\/\/miradordeatarfe.es\/?p=29123","title":{"rendered":"Amores, primeros complejos, c\u00e1ncer: ser adolescente y estar enfermo"},"content":{"rendered":"<div class=\"pg-hd\">\n<p style=\"text-align: justify;\">Primeros amores, primeros complejos, problemas cotidianos de adolescentes con el que tambi\u00e9n lidian los que sufren esta enfermedad. \u00abQuiero que las chicas me empiecen a ver como a un chico y no como a un pobrecito enfermo\u00bb<\/p>\n<\/div>\n<p style=\"text-align: justify;\"><!--more--><\/p>\n<div class=\"pg-bd cf\">\n<div id=\"body_intext\" class=\"tx mce\">\n<p style=\"text-align: justify;\">La adolescencia no es f\u00e1cil, menos a\u00fan para los chavales que padecen c\u00e1ncer o que han superado la enfermedad tras un duro camino y que tienen que lidiar con esta etapa de la vida en la que lo m\u00e1s importante es reafirmar la identidad y sentirse integrado en un grupo de iguales.<\/p>\n<p style=\"text-align: justify;\">Los cambios f\u00edsicos, el agobio de los padres y los amigos son, seg\u00fan expertos y familiares consultados por Efe, la mayor preocupaci\u00f3n de los pacientes adolescentes, que, por encima de todo, desean ser tratados como personas normales.<\/p>\n<p style=\"text-align: justify;\">Es lo que le dice Guillle a su madre: <strong>\u00abquiero que las chicas me empiecen a ver como a un chico y no como a un pobrecito enfermo\u00bb.<\/strong><\/p>\n<p style=\"text-align: justify;\">Este chaval de 17 a\u00f1os es un luchador nato que, contra todo pron\u00f3stico, venci\u00f3 a la enfermedad y hoy es un superviviente cr\u00f3nico, con \u00abmuchas secuelas\u00bb, pero que \u00absigue adelante\u00bb se\u00f1ala a Efe su madre, Marta L. Bruletout.<\/p>\n<p style=\"text-align: justify;\">Con 12 a\u00f1os fue diagnosticado de leucemia linfobl\u00e1stica aguda y desde entonces ha recorrido un largo y arduo trayecto en el que varias veces ha estado al borde de la muerte, pero siempre ha ganado la batalla.<\/p>\n<p style=\"text-align: justify;\">Su madre piensa que le ayud\u00f3 mucho haber sido<strong> deportista y competitivo<\/strong>; en definitiva, un luchador.<\/p>\n<h3 style=\"text-align: justify;\"><strong>Un shock que no se entiende<\/strong><\/h3>\n<p style=\"text-align: justify;\">Si para las familias el momento del diagn\u00f3stico es dur\u00edsimo, para los pacientes supone un shock, no entienden por qu\u00e9 les est\u00e1 pasado a ellos.<\/p>\n<p style=\"text-align: justify;\">\u00abNadie espera tener c\u00e1ncer, es una cosa que ve\u00edas en las pel\u00edculas y en alg\u00fan familiar, pero no en un ni\u00f1o\u00bb, asegura Guille. \u00abHace falta que la gente se informe y sepa que nos puede pasar a cualquiera\u00bb.<\/p>\n<p style=\"text-align: justify;\">Tampoco con 18 a\u00f1os <strong>\u00abte toca vivir un c\u00e1ncer\u00bb<\/strong>, se\u00f1ala a Efe Alicia Cibr\u00e1n, que fue diagnosticada de un linfoma de Hodgkin nada m\u00e1s alcanzar la mayor\u00eda de edad.<\/p>\n<p style=\"text-align: justify;\">\u00abLa noticia lleg\u00f3 en el momento m\u00e1s explosivo de mi vida, en el que m\u00e1s me tocaba vivir las cosas, salir de fiesta como cualquier adolescente, irme de viaje, jugar al baloncesto, sacarme bachiller y entrar en la carrera que quer\u00eda\u00bb.<\/p>\n<p style=\"text-align: justify;\">La aparici\u00f3n del c\u00e1ncer abri\u00f3 en la vida de estos chicos un par\u00e9ntesis, \u00aben el que dejas de hacer cosas que por tu edad te tocan y no te lo permite ni la enfermedad ni tu cuerpo\u00bb, explica Alicia.<\/p>\n<p style=\"text-align: justify;\">Los expertos ponen el acento en que <strong>no se debe perder la infancia ni la adolescencia porque se est\u00e9 enfermo.<\/strong><\/p>\n<h3 style=\"text-align: justify;\"><strong>El secreto es la normalizaci\u00f3n<\/strong><\/h3>\n<p style=\"text-align: justify;\">Para ello, seg\u00fan se\u00f1ala a Efe Valeria Moriconi, psicoonc\u00f3loga de la Fundaci\u00f3n Aladina que desarrolla su actividad en el Hospital Ni\u00f1o Jes\u00fas de Madrid, \u00abhay que involucrar a la enfermedad y poder normalizar la vida alrededor del tratamiento\u00bb.<\/p>\n<p style=\"text-align: justify;\">Y es que perder el pelo, estar m\u00e1s cansado, no tener fuerza o no poder ir a determinados lugares, \u00abte hace un marciano a los ojos de tus amigos\u00bb. De ah\u00ed que Moriconi insista en la importancia de \u00absensibilizar a \u00e9stos sobre las fases del tratamiento, lo que les viene bien o d\u00f3nde pueden quedar y donde no\u00bb.<\/p>\n<p style=\"text-align: justify;\">Si los amigos juegan un papel determinante en la adolescencia, todav\u00eda m\u00e1s durante este proceso. Los de Alicia se volcaron con ella y se adaptaron a su nueva forma de vida.<strong> \u00abMe animaban a hacer mil cosas que por m\u00ed misma no pod\u00eda porque no ten\u00eda fuerzas ni \u00e1nimo\u00bb.<\/strong><\/p>\n<p style=\"text-align: justify;\">En el caso de Guille, en el que el c\u00e1ncer apareci\u00f3 siendo a\u00fan ni\u00f1o, el mayor apoyo fue su familia, especialmente su madre, con la que estableci\u00f3 un v\u00ednculo muy fuerte. Pero tras el tratamiento, que le oblig\u00f3 a estar largos periodos de tiempo hospitalizado, tuvo que retomar su vida en plena adolescencia.<\/p>\n<p style=\"text-align: justify;\">\u00abAl principio me cost\u00f3 volver a estar con mis amigos porque me sent\u00eda raro y ellos me sol\u00edan tratar con delicadeza y eso a mi no me gustaba, p<strong>orque me sent\u00eda diferente\u00bb, comenta.<\/strong><\/p>\n<p style=\"text-align: justify;\">Ahora, una vez superada la enfermedad, \u00abes como haber vuelto a nacer, porque me cambi\u00f3 como persona y aprend\u00ed a valorar mucho m\u00e1s todo y a disfrutar m\u00e1s las cosas que hago con mis amigos, como salir de fiesta\u00bb.<\/p>\n<p style=\"text-align: justify;\">Igualmente en la vida de Alicia hay un antes y un despu\u00e9s del c\u00e1ncer.<\/p>\n<p style=\"text-align: justify;\">\u00abCreo que no he perdido nada, he ganado, la experiencia ha supuesto una renovaci\u00f3n personal, he aprendido a vivir con positividad, a aprovechar el momento, a seguir adelante y a comerme el mundo, porque si es verdad que la enfermedad te rompe un poco los esquemas,<strong> luego te aporta much\u00edsimo. <\/strong>Soy una persona totalmente nueva\u00bb, subraya<\/p>\n<p><em class=\"byline\"><span class=\"src\">TERESA D\u00cdAZ<\/span>,<\/em><\/p>\n<p>&nbsp;<\/p>\n<p><a href=\"http:\/\/www.teinteresa.es\/espana\/Lidiar-adolescencia-enfermo-cancer_0_1961803998.html?utm_source=TIN+-+Kit+buenos+d%C3%ADas&amp;utm_campaign=58977060e9-tin15022019&amp;utm_medium=email&amp;utm_term=0_018aba1286-58977060e9-171815121\">http:\/\/www.teinteresa.es\/espana\/Lidiar-adolescencia-enfermo-cancer_0_1961803998.html?utm_source=TIN+-+Kit+buenos+d%C3%ADas&amp;utm_campaign=58977060e9-tin15022019&amp;utm_medium=email&amp;utm_term=0_018aba1286-58977060e9-171815121<\/a><\/p>\n<\/div>\n<\/div>\n","protected":false},"excerpt":{"rendered":"<p>Primeros amores, primeros complejos, problemas cotidianos de adolescentes con el que tambi\u00e9n lidian los que&#8230;<\/p>\n","protected":false},"author":1,"featured_media":29093,"comment_status":"closed","ping_status":"closed","sticky":false,"template":"","format":"standard","meta":{"_coblocks_attr":"","_coblocks_dimensions":"","_coblocks_responsive_height":"","_coblocks_accordion_ie_support":"","jetpack_post_was_ever_published":false,"_jetpack_newsletter_access":"","_jetpack_dont_email_post_to_subs":false,"_jetpack_newsletter_tier_id":0,"_jetpack_memberships_contains_paywalled_content":false,"_jetpack_memberships_contains_paid_content":false,"footnotes":"","jetpack_publicize_message":"","jetpack_publicize_feature_enabled":true,"jetpack_social_post_already_shared":false,"jetpack_social_options":{"image_generator_settings":{"template":"highway","default_image_id":0,"enabled":false},"version":2}},"categories":[1161,186,44,15],"tags":[5762,5763,792,3189],"class_list":["post-29123","post","type-post","status-publish","format-standard","has-post-thumbnail","hentry","category-ciudadania","category-instituciones","category-noticias-de-hoy","category-ultimas-noticias","tag-amores","tag-complejos","tag-enfermos","tag-miedos"],"jetpack_publicize_connections":[],"jetpack_featured_media_url":"https:\/\/i0.wp.com\/miradordeatarfe.es\/wp-content\/uploads\/2019\/02\/Brexit-840x448.jpg?fit=840%2C448&ssl=1","jetpack_likes_enabled":true,"jetpack_sharing_enabled":true,"_links":{"self":[{"href":"https:\/\/miradordeatarfe.es\/index.php?rest_route=\/wp\/v2\/posts\/29123","targetHints":{"allow":["GET"]}}],"collection":[{"href":"https:\/\/miradordeatarfe.es\/index.php?rest_route=\/wp\/v2\/posts"}],"about":[{"href":"https:\/\/miradordeatarfe.es\/index.php?rest_route=\/wp\/v2\/types\/post"}],"author":[{"embeddable":true,"href":"https:\/\/miradordeatarfe.es\/index.php?rest_route=\/wp\/v2\/users\/1"}],"replies":[{"embeddable":true,"href":"https:\/\/miradordeatarfe.es\/index.php?rest_route=%2Fwp%2Fv2%2Fcomments&post=29123"}],"version-history":[{"count":1,"href":"https:\/\/miradordeatarfe.es\/index.php?rest_route=\/wp\/v2\/posts\/29123\/revisions"}],"predecessor-version":[{"id":29125,"href":"https:\/\/miradordeatarfe.es\/index.php?rest_route=\/wp\/v2\/posts\/29123\/revisions\/29125"}],"wp:featuredmedia":[{"embeddable":true,"href":"https:\/\/miradordeatarfe.es\/index.php?rest_route=\/wp\/v2\/media\/29093"}],"wp:attachment":[{"href":"https:\/\/miradordeatarfe.es\/index.php?rest_route=%2Fwp%2Fv2%2Fmedia&parent=29123"}],"wp:term":[{"taxonomy":"category","embeddable":true,"href":"https:\/\/miradordeatarfe.es\/index.php?rest_route=%2Fwp%2Fv2%2Fcategories&post=29123"},{"taxonomy":"post_tag","embeddable":true,"href":"https:\/\/miradordeatarfe.es\/index.php?rest_route=%2Fwp%2Fv2%2Ftags&post=29123"}],"curies":[{"name":"wp","href":"https:\/\/api.w.org\/{rel}","templated":true}]}}