{"id":29143,"date":"2019-02-26T11:51:05","date_gmt":"2019-02-26T10:51:05","guid":{"rendered":"http:\/\/miradordeatarfe.es\/?p=29143"},"modified":"2019-02-17T17:53:39","modified_gmt":"2019-02-17T16:53:39","slug":"atarfe-arquitecto-d-antonio-garcia-bueno","status":"publish","type":"post","link":"https:\/\/miradordeatarfe.es\/?p=29143","title":{"rendered":"ATARFE: ARQUITECTO D. ANTONIO GARCIA BUENO"},"content":{"rendered":"<p style=\"text-align: justify;\">En el especial de las fiestas de IDEAL del a\u00f1o 2008, publicamos un art\u00edculo del doctor arquitecto D. Antonio Garc\u00eda Bueno, titulado Jos\u00e9 Jim\u00e9nez Jimena: un arquitecto de Atarfe.<!--more--><\/p>\n<p style=\"text-align: justify;\">El objetivo de aquel art\u00edculo sobre Jos\u00e9 Jim\u00e9nez, \u201cPepito el de M\u00e1laga\u201d como se le conoc\u00eda en Atarfe fue: \u201creivindicar para hoy la figura de un aut\u00e9ntico arquitecto del municipio de Atarfe. Pretendemos sacar a la luz a este profesional de la arquitectura, hasta ahora olvidado, reflexionar sobre \u00e9l mis<span class=\"text_exposed_show\">mo y su obra, y demostrar c\u00f3mo en un momento de profunda metamorfosis en el panorama granadino, tanto desde el punto de vista sociol\u00f3gico como arquitect\u00f3nico, surge de forma espont\u00e1nea esta singular figura casi en solitario rompiendo con las formas arquitect\u00f3nicas, lenguajes, vol\u00famenes, etc., que se resist\u00edan a formar parte de una historia de cambios\u201d.<\/span><\/p>\n<div class=\"text_exposed_show\">\n<p style=\"text-align: justify;\">En nuestro pueblo tiene algunas construcciones como el bloque de viviendas llamado \u201cCasa de los Clavos\u201d en la calle Real, mi casa familiar, justo enfrente del citado anteriormente, el bloque de pisos de la calle del Cine, donde antes se levantaba el cinemat\u00f3grafo, o la vivienda de la familia Ruiz-Cabello Terriente, tambi\u00e9n frente al anterior bloque. Pero quiz\u00e1 el edificio m\u00e1s singular fue el primitivo aulario del instituto Iliberis, hoy 50 a\u00f1os m\u00e1s tarde, totalmente reformado.<\/p>\n<p style=\"text-align: justify;\">En la fotograf\u00eda, grupo de amigos durante las obras de construcci\u00f3n de aquella obra, proyectada por el arquitecto rese\u00f1ado.<\/p>\n<p style=\"text-align: justify;\">Curiosidades elvirenses.<\/p>\n<\/div>\n","protected":false},"excerpt":{"rendered":"<p>En el especial de las fiestas de IDEAL del a\u00f1o 2008, publicamos un art\u00edculo del&#8230;<\/p>\n","protected":false},"author":1,"featured_media":29144,"comment_status":"closed","ping_status":"closed","sticky":false,"template":"","format":"standard","meta":{"_coblocks_attr":"","_coblocks_dimensions":"","_coblocks_responsive_height":"","_coblocks_accordion_ie_support":"","jetpack_post_was_ever_published":false,"_jetpack_newsletter_access":"","_jetpack_dont_email_post_to_subs":false,"_jetpack_newsletter_tier_id":0,"_jetpack_memberships_contains_paywalled_content":false,"_jetpack_memberships_contains_paid_content":false,"footnotes":"","jetpack_publicize_message":"","jetpack_publicize_feature_enabled":true,"jetpack_social_post_already_shared":false,"jetpack_social_options":{"image_generator_settings":{"template":"highway","default_image_id":0,"enabled":false},"version":2}},"categories":[2,1225,186,9,44,15],"tags":[4596,81,1114,3008],"class_list":["post-29143","post","type-post","status-publish","format-standard","has-post-thumbnail","hentry","category-atarfe","category-ha-de-atarfe","category-instituciones","category-medio-ambiente","category-noticias-de-hoy","category-ultimas-noticias","tag-arquitecto","tag-atarfe","tag-atarfeno","tag-obras"],"jetpack_publicize_connections":[],"jetpack_featured_media_url":"https:\/\/i0.wp.com\/miradordeatarfe.es\/wp-content\/uploads\/2019\/02\/51088747_2135001646585839_726655866018725888_n.jpg?fit=960%2C666&ssl=1","jetpack_likes_enabled":true,"jetpack_sharing_enabled":true,"_links":{"self":[{"href":"https:\/\/miradordeatarfe.es\/index.php?rest_route=\/wp\/v2\/posts\/29143","targetHints":{"allow":["GET"]}}],"collection":[{"href":"https:\/\/miradordeatarfe.es\/index.php?rest_route=\/wp\/v2\/posts"}],"about":[{"href":"https:\/\/miradordeatarfe.es\/index.php?rest_route=\/wp\/v2\/types\/post"}],"author":[{"embeddable":true,"href":"https:\/\/miradordeatarfe.es\/index.php?rest_route=\/wp\/v2\/users\/1"}],"replies":[{"embeddable":true,"href":"https:\/\/miradordeatarfe.es\/index.php?rest_route=%2Fwp%2Fv2%2Fcomments&post=29143"}],"version-history":[{"count":1,"href":"https:\/\/miradordeatarfe.es\/index.php?rest_route=\/wp\/v2\/posts\/29143\/revisions"}],"predecessor-version":[{"id":29145,"href":"https:\/\/miradordeatarfe.es\/index.php?rest_route=\/wp\/v2\/posts\/29143\/revisions\/29145"}],"wp:featuredmedia":[{"embeddable":true,"href":"https:\/\/miradordeatarfe.es\/index.php?rest_route=\/wp\/v2\/media\/29144"}],"wp:attachment":[{"href":"https:\/\/miradordeatarfe.es\/index.php?rest_route=%2Fwp%2Fv2%2Fmedia&parent=29143"}],"wp:term":[{"taxonomy":"category","embeddable":true,"href":"https:\/\/miradordeatarfe.es\/index.php?rest_route=%2Fwp%2Fv2%2Fcategories&post=29143"},{"taxonomy":"post_tag","embeddable":true,"href":"https:\/\/miradordeatarfe.es\/index.php?rest_route=%2Fwp%2Fv2%2Ftags&post=29143"}],"curies":[{"name":"wp","href":"https:\/\/api.w.org\/{rel}","templated":true}]}}